{"id":9971,"date":"2023-06-12T20:25:00","date_gmt":"2023-06-12T20:25:00","guid":{"rendered":"https:\/\/edus.gov.co\/?p=9971"},"modified":"2023-08-03T20:31:34","modified_gmt":"2023-08-03T20:31:34","slug":"con-el-mejoramiento-de-la-via-bonda-el-curval-honramos-nuestra-palabra-con-la-comunidad-virna-johnson","status":"publish","type":"post","link":"https:\/\/edus.gov.co\/en\/con-el-mejoramiento-de-la-via-bonda-el-curval-honramos-nuestra-palabra-con-la-comunidad-virna-johnson\/","title":{"rendered":"\u201cCon el mejoramiento de la v\u00eda Bonda \u2013 El Curval honramos nuestra palabra con la comunidad&#8221;: Virna Johnson\u00a0"},"content":{"rendered":"<div data-elementor-type=\"wp-post\" data-elementor-id=\"9971\" class=\"elementor elementor-9971\" data-elementor-post-type=\"post\">\n\t\t\t\t\t\t<section class=\"elementor-section elementor-top-section elementor-element elementor-element-687bb192 elementor-section-boxed elementor-section-height-default elementor-section-height-default\" data-id=\"687bb192\" data-element_type=\"section\">\n\t\t\t\t\t\t<div class=\"elementor-container elementor-column-gap-default\">\n\t\t\t\t\t<div class=\"elementor-column elementor-col-100 elementor-top-column elementor-element elementor-element-4f30bfab\" data-id=\"4f30bfab\" data-element_type=\"column\">\n\t\t\t<div class=\"elementor-widget-wrap elementor-element-populated\">\n\t\t\t\t\t\t<div class=\"elementor-element elementor-element-2330fad3 elementor-widget elementor-widget-text-editor\" data-id=\"2330fad3\" data-element_type=\"widget\" data-widget_type=\"text-editor.default\">\n\t\t\t\t<div class=\"elementor-widget-container\">\n\t\t\t\t\t\t\t\t\t<p>Rostros sonrientes y caras felices llenas de orgullo, es lo que se observa entre los habitantes del corregimiento de Bonda, en donde la Alcald\u00eda Distrital, liderada por la alcaldesa Virna Johnson ejecuta la obra de mejoramiento de la v\u00eda principal que conduce a la vereda El Curval.<u><\/u>\u00a0<u><\/u><\/p><p>All\u00ed, se est\u00e1n llevando a cabo los trabajos de pavimentaci\u00f3n de 1.5 kil\u00f3metros que comprenden desde la estaci\u00f3n de Polic\u00eda, hasta el puente de P\u00e9njamo, un sue\u00f1o que ven cumplir los habitantes de este corregimiento, considerado como una de las despensas agr\u00edcolas de Santa Marta.<u><\/u>\u00a0<u><\/u><\/p><p>En el territorio Bondig\u00fca ya se empieza a ver una cara renovada para que los habitantes puedan tener una mejor movilidad, facilitando de esta manera el tr\u00e1nsito tanto de veh\u00edculos particulares, como las rutas de buses de servicio p\u00fablico.<u><\/u>\u00a0<u><\/u><\/p><p>\u201cEstamos muy contentos, vinimos a hacer seguimiento de esta importante obra que fue concertada con la comunidad, en donde estamos\u00a0reconstruyendo 3 km de esta v\u00eda principal que tanto bien le hace a Santa Marta. Nos caracteriza honrar nuestra palabra, cumplir los compromisos que concertamos con la comunidad y estamos demostrando que esta v\u00eda va en muy buen avance\u201d, se\u00f1al\u00f3 la alcaldesa Virna Johnson.<u><\/u>\u00a0<u><\/u><\/p><p>La mandataria de los samarios tambi\u00e9n asegur\u00f3 que los trabajos registran un avance del 53% con la instalaci\u00f3n de subrasante, relleno con material seleccionado, y pavimentaci\u00f3n de 450 metros lineales de v\u00eda, que contar\u00e1 con espacios seguros para los peatones, garantizando as\u00ed que propios y visitantes puedan trasladarse sin ning\u00fan contratiempo.<u><\/u>\u00a0<u><\/u><\/p><p>Esta obra beneficiar\u00e1 aproximadamente a 5.000 residentes que ven en su renovada v\u00eda un paso para seguir por el camino del desarrollo; teniendo en cuenta que el sector es el tr\u00e1nsito de m\u00e1s de 4 mil turistas que llegan a disfrutar de los balnearios y de los atractivos naturales que ofrece esta regi\u00f3n, ideal para los amantes del ecoturismo.<u><\/u>\u00a0<u><\/u><\/p><p>\u201cComo nativos del corregimiento de Bonda, nos sentimos satisfecho de ver un anhelo cumplido, porque est\u00e1bamos desde hace a\u00f1os so\u00f1ando con el mejoramiento de la v\u00eda que facilitara la movilidad de visitantes. Sabemos que se presentan incomodidades para algunos residentes cercanos a la obra, pero cuando la v\u00eda sea terminada ser\u00e1 un beneficio general para todos\u201d, dijo, Eduardo Enrique Pacheco Ib\u00e1\u00f1ez, integrante del Comit\u00e9 de Obra y residente del sector.<u><\/u>\u00a0<u><\/u><u><\/u>\u00a0<u><\/u><\/p><p>Con esta transformaci\u00f3n tambi\u00e9n se beneficiar\u00e1 la comunidad estudiantil, quienes contar\u00e1n con andenes para su desplazamiento seguro hasta su sitio de estudio y de retorno a sus hogares.<u><\/u>\u00a0<u><\/u><\/p><p>\u201cUno de los m\u00e1s beneficiados con esta hermosa obra es el sector educativo, ya que nuestros estudiantes podr\u00e1n caminar y volver seguros a sus casas. Gracias a los Gobiernos del Cambio por darnos la oportunidad de la transformaci\u00f3n social del territorio Bondig\u00fca\u201d, expres\u00f3, Carlos Emililiani, docente y cultor.\u00a0<u><\/u><\/p><p>La obra tambi\u00e9n comprende reposici\u00f3n de 1.5 kil\u00f3metros de placa asf\u00e1ltica en los puntos cr\u00edticos, que va desde el puente de P\u00e9njamo hacia El Curval, beneficiando a los agricultores que tendr\u00e1n mayor facilidad para sacar sus productos y comercializarlos en el \u00e1rea urbana.<u><\/u>\u00a0<u><\/u><\/p><p>La transformaci\u00f3n de la malla vial es un compromiso que se inici\u00f3 durante la alcald\u00eda del actual gobernador Carlos Caicedo, contin\u00fao con la administraci\u00f3n de Rafael Mart\u00ednez y sigue imparable con la alcaldesa Virna Johnson, demostrando que Santa Marta vive el cambio.<u><\/u>\u00a0<\/p>\t\t\t\t\t\t\t\t<\/div>\n\t\t\t\t<\/div>\n\t\t\t\t\t<\/div>\n\t\t<\/div>\n\t\t\t\t\t<\/div>\n\t\t<\/section>\n\t\t\t\t<section class=\"elementor-section elementor-top-section elementor-element elementor-element-c0d47f5 elementor-section-full_width elementor-section-stretched elementor-section-height-default elementor-section-height-default\" data-id=\"c0d47f5\" data-element_type=\"section\" data-settings=\"{&quot;stretch_section&quot;:&quot;section-stretched&quot;}\">\n\t\t\t\t\t\t\t<div class=\"elementor-background-overlay\"><\/div>\n\t\t\t\t\t\t\t<div class=\"elementor-container elementor-column-gap-default\">\n\t\t\t\t\t<div class=\"elementor-column elementor-col-100 elementor-top-column elementor-element elementor-element-b3f40b9\" data-id=\"b3f40b9\" data-element_type=\"column\">\n\t\t\t<div class=\"elementor-widget-wrap elementor-element-populated\">\n\t\t\t\t\t\t<div class=\"elementor-element elementor-element-939a1e2 elementor-widget elementor-widget-heading\" data-id=\"939a1e2\" data-element_type=\"widget\" data-widget_type=\"heading.default\">\n\t\t\t\t<div class=\"elementor-widget-container\">\n\t\t\t\t\t<h3 class=\"elementor-heading-title elementor-size-default\">\u00daltimas Noticias<\/h3>\t\t\t\t<\/div>\n\t\t\t\t<\/div>\n\t\t\t\t\t<\/div>\n\t\t<\/div>\n\t\t\t\t\t<\/div>\n\t\t<\/section>\n\t\t\t\t<\/div>","protected":false},"excerpt":{"rendered":"<p>Rostros sonrientes y caras felices llenas de orgullo, es lo que se observa entre los habitantes del corregimiento de Bonda, en donde la Alcald\u00eda Distrital, liderada por la alcaldesa Virna Johnson ejecuta la obra de mejoramiento de la v\u00eda principal que conduce a la vereda El Curval.\u00a0 All\u00ed, se est\u00e1n llevando a cabo los trabajos [&hellip;]<\/p>","protected":false},"author":17,"featured_media":9972,"comment_status":"closed","ping_status":"closed","sticky":false,"template":"","format":"standard","meta":{"site-sidebar-layout":"default","site-content-layout":"","ast-site-content-layout":"default","site-content-style":"default","site-sidebar-style":"default","ast-global-header-display":"","ast-banner-title-visibility":"","ast-main-header-display":"","ast-hfb-above-header-display":"","ast-hfb-below-header-display":"","ast-hfb-mobile-header-display":"","site-post-title":"","ast-breadcrumbs-content":"","ast-featured-img":"","footer-sml-layout":"","ast-disable-related-posts":"","theme-transparent-header-meta":"","adv-header-id-meta":"","stick-header-meta":"","header-above-stick-meta":"","header-main-stick-meta":"","header-below-stick-meta":"","astra-migrate-meta-layouts":"default","ast-page-background-enabled":"default","ast-page-background-meta":{"desktop":{"background-color":"var(--ast-global-color-4)","background-image":"","background-repeat":"repeat","background-position":"center center","background-size":"auto","background-attachment":"scroll","background-type":"","background-media":"","overlay-type":"","overlay-color":"","overlay-opacity":"","overlay-gradient":""},"tablet":{"background-color":"","background-image":"","background-repeat":"repeat","background-position":"center center","background-size":"auto","background-attachment":"scroll","background-type":"","background-media":"","overlay-type":"","overlay-color":"","overlay-opacity":"","overlay-gradient":""},"mobile":{"background-color":"","background-image":"","background-repeat":"repeat","background-position":"center center","background-size":"auto","background-attachment":"scroll","background-type":"","background-media":"","overlay-type":"","overlay-color":"","overlay-opacity":"","overlay-gradient":""}},"ast-content-background-meta":{"desktop":{"background-color":"var(--ast-global-color-5)","background-image":"","background-repeat":"repeat","background-position":"center center","background-size":"auto","background-attachment":"scroll","background-type":"","background-media":"","overlay-type":"","overlay-color":"","overlay-opacity":"","overlay-gradient":""},"tablet":{"background-color":"var(--ast-global-color-5)","background-image":"","background-repeat":"repeat","background-position":"center center","background-size":"auto","background-attachment":"scroll","background-type":"","background-media":"","overlay-type":"","overlay-color":"","overlay-opacity":"","overlay-gradient":""},"mobile":{"background-color":"var(--ast-global-color-5)","background-image":"","background-repeat":"repeat","background-position":"center center","background-size":"auto","background-attachment":"scroll","background-type":"","background-media":"","overlay-type":"","overlay-color":"","overlay-opacity":"","overlay-gradient":""}},"footnotes":""},"categories":[53],"tags":[],"class_list":["post-9971","post","type-post","status-publish","format-standard","has-post-thumbnail","hentry","category-ultimas-noticias"],"_links":{"self":[{"href":"https:\/\/edus.gov.co\/en\/wp-json\/wp\/v2\/posts\/9971","targetHints":{"allow":["GET"]}}],"collection":[{"href":"https:\/\/edus.gov.co\/en\/wp-json\/wp\/v2\/posts"}],"about":[{"href":"https:\/\/edus.gov.co\/en\/wp-json\/wp\/v2\/types\/post"}],"author":[{"embeddable":true,"href":"https:\/\/edus.gov.co\/en\/wp-json\/wp\/v2\/users\/17"}],"replies":[{"embeddable":true,"href":"https:\/\/edus.gov.co\/en\/wp-json\/wp\/v2\/comments?post=9971"}],"version-history":[{"count":4,"href":"https:\/\/edus.gov.co\/en\/wp-json\/wp\/v2\/posts\/9971\/revisions"}],"predecessor-version":[{"id":9977,"href":"https:\/\/edus.gov.co\/en\/wp-json\/wp\/v2\/posts\/9971\/revisions\/9977"}],"wp:featuredmedia":[{"embeddable":true,"href":"https:\/\/edus.gov.co\/en\/wp-json\/wp\/v2\/media\/9972"}],"wp:attachment":[{"href":"https:\/\/edus.gov.co\/en\/wp-json\/wp\/v2\/media?parent=9971"}],"wp:term":[{"taxonomy":"category","embeddable":true,"href":"https:\/\/edus.gov.co\/en\/wp-json\/wp\/v2\/categories?post=9971"},{"taxonomy":"post_tag","embeddable":true,"href":"https:\/\/edus.gov.co\/en\/wp-json\/wp\/v2\/tags?post=9971"}],"curies":[{"name":"wp","href":"https:\/\/api.w.org\/{rel}","templated":true}]}}