{"id":9951,"date":"2023-06-01T14:56:00","date_gmt":"2023-06-01T14:56:00","guid":{"rendered":"https:\/\/edus.gov.co\/?p=9951"},"modified":"2023-08-03T14:58:34","modified_gmt":"2023-08-03T14:58:34","slug":"alcaldia-distrital-inicio-mantenimiento-y-recuperacion-de-jardineras-y-parques-de-santa-marta","status":"publish","type":"post","link":"https:\/\/edus.gov.co\/en\/alcaldia-distrital-inicio-mantenimiento-y-recuperacion-de-jardineras-y-parques-de-santa-marta\/","title":{"rendered":"Alcald\u00eda Distrital inici\u00f3 mantenimiento y recuperaci\u00f3n de jardineras y parques de Santa Marta\u00a0"},"content":{"rendered":"<div data-elementor-type=\"wp-post\" data-elementor-id=\"9951\" class=\"elementor elementor-9951\" data-elementor-post-type=\"post\">\n\t\t\t\t\t\t<section class=\"elementor-section elementor-top-section elementor-element elementor-element-687bb192 elementor-section-boxed elementor-section-height-default elementor-section-height-default\" data-id=\"687bb192\" data-element_type=\"section\">\n\t\t\t\t\t\t<div class=\"elementor-container elementor-column-gap-default\">\n\t\t\t\t\t<div class=\"elementor-column elementor-col-100 elementor-top-column elementor-element elementor-element-4f30bfab\" data-id=\"4f30bfab\" data-element_type=\"column\">\n\t\t\t<div class=\"elementor-widget-wrap elementor-element-populated\">\n\t\t\t\t\t\t<div class=\"elementor-element elementor-element-2330fad3 elementor-widget elementor-widget-text-editor\" data-id=\"2330fad3\" data-element_type=\"widget\" data-widget_type=\"text-editor.default\">\n\t\t\t\t<div class=\"elementor-widget-container\">\n\t\t\t\t\t\t\t\t\t<p>Santa Marta contin\u00faa con el cambio y el embellecimiento para convertirla en una ciudad verde, por ello la Alcald\u00eda Distrital, a trav\u00e9s de la Empresa de Desarrollo y Renovaci\u00f3n Urbano Sostenible, EDUS, inici\u00f3 los trabajos de mantenimiento de parques, bulevares, zonas verdes y otros espacios p\u00fablicos.<u><\/u>\u00a0<u><\/u><\/p><p>Estos trabajos son liderados por la alcaldesa Virna Johnson y tienen como finalidad fortalecer la infraestructura, planta f\u00edsica y zonas de encuentro, creando entornos sostenibles y amigables con el medio ambiente, brindando una mejor imagen a propios y visitantes con espacios p\u00fablicos y zonas verdes recuperadas.<u><\/u>\u00a0<u><\/u><\/p><p>&#8220;Estamos trabajando por cambiarle la cara a la ciudad y brindarle ox\u00edgeno a trav\u00e9s de las diferentes siembras de \u00e1rboles y plantas, como tambi\u00e9n que la ciudadan\u00eda disfrute del esparcimiento en lugares limpios&#8221;, expres\u00f3 Diela Garc\u00e9s Espitia, gerente de la EDUS.<u><\/u>\u00a0<u><\/u><\/p><p>Estas acciones tienen como objetivo principal la limpieza, cuidado y embellecimiento de plazas, parques y escenarios deportivos de Santa Marta, que se estar\u00e1n llevando a cabo en toda ciudad.<u><\/u>\u00a0<u><\/u><\/p><p>Las labores est\u00e1n siendo realizadas por un equipo de operarios, quienes llevan a cabo podas, siembras, remoci\u00f3n de maleza y basura, del mismo modo se tiene previsto adelantar actividades durante toda la semana, para lo cual se ha trazado un cronograma de trabajo.<u><\/u>\u00a0<u><\/u><\/p><p>\u201cHacemos un llamado a la ciudadan\u00eda a trabajar de manera mancomunada, ayudando a cuidar las nuevas plantas que se siembren; asimismo, velar por el cuidado de los dem\u00e1s elementos de los parques y de los espacios p\u00fablicos\u201d, dijo la gerente de la EDUS.<u><\/u>\u00a0<u><\/u><\/p><p>Desde los Gobiernos del Cambio se contin\u00faan recuperando ambientes, llevando a cada rinc\u00f3n de la ciudad un entorno agradable para los samarios, contemplado en el Plan de Desarrollo Santa Marta coraz\u00f3n del Cambio, con el fin de convertir en una ciudad ambientalmente sostenible con espacios limpios.<\/p>\t\t\t\t\t\t\t\t<\/div>\n\t\t\t\t<\/div>\n\t\t\t\t\t<\/div>\n\t\t<\/div>\n\t\t\t\t\t<\/div>\n\t\t<\/section>\n\t\t\t\t<section class=\"elementor-section elementor-top-section elementor-element elementor-element-c0d47f5 elementor-section-full_width elementor-section-stretched elementor-section-height-default elementor-section-height-default\" data-id=\"c0d47f5\" data-element_type=\"section\" data-settings=\"{&quot;stretch_section&quot;:&quot;section-stretched&quot;}\">\n\t\t\t\t\t\t\t<div class=\"elementor-background-overlay\"><\/div>\n\t\t\t\t\t\t\t<div class=\"elementor-container elementor-column-gap-default\">\n\t\t\t\t\t<div class=\"elementor-column elementor-col-100 elementor-top-column elementor-element elementor-element-b3f40b9\" data-id=\"b3f40b9\" data-element_type=\"column\">\n\t\t\t<div class=\"elementor-widget-wrap elementor-element-populated\">\n\t\t\t\t\t\t<div class=\"elementor-element elementor-element-939a1e2 elementor-widget elementor-widget-heading\" data-id=\"939a1e2\" data-element_type=\"widget\" data-widget_type=\"heading.default\">\n\t\t\t\t<div class=\"elementor-widget-container\">\n\t\t\t\t\t<h3 class=\"elementor-heading-title elementor-size-default\">\u00daltimas Noticias<\/h3>\t\t\t\t<\/div>\n\t\t\t\t<\/div>\n\t\t\t\t\t<\/div>\n\t\t<\/div>\n\t\t\t\t\t<\/div>\n\t\t<\/section>\n\t\t\t\t<\/div>","protected":false},"excerpt":{"rendered":"<p>Santa Marta contin\u00faa con el cambio y el embellecimiento para convertirla en una ciudad verde, por ello la Alcald\u00eda Distrital, a trav\u00e9s de la Empresa de Desarrollo y Renovaci\u00f3n Urbano Sostenible, EDUS, inici\u00f3 los trabajos de mantenimiento de parques, bulevares, zonas verdes y otros espacios p\u00fablicos.\u00a0 Estos trabajos son liderados por la alcaldesa Virna Johnson [&hellip;]<\/p>","protected":false},"author":17,"featured_media":9952,"comment_status":"closed","ping_status":"closed","sticky":false,"template":"","format":"standard","meta":{"site-sidebar-layout":"default","site-content-layout":"","ast-site-content-layout":"default","site-content-style":"default","site-sidebar-style":"default","ast-global-header-display":"","ast-banner-title-visibility":"","ast-main-header-display":"","ast-hfb-above-header-display":"","ast-hfb-below-header-display":"","ast-hfb-mobile-header-display":"","site-post-title":"","ast-breadcrumbs-content":"","ast-featured-img":"","footer-sml-layout":"","ast-disable-related-posts":"","theme-transparent-header-meta":"","adv-header-id-meta":"","stick-header-meta":"","header-above-stick-meta":"","header-main-stick-meta":"","header-below-stick-meta":"","astra-migrate-meta-layouts":"default","ast-page-background-enabled":"default","ast-page-background-meta":{"desktop":{"background-color":"var(--ast-global-color-4)","background-image":"","background-repeat":"repeat","background-position":"center center","background-size":"auto","background-attachment":"scroll","background-type":"","background-media":"","overlay-type":"","overlay-color":"","overlay-opacity":"","overlay-gradient":""},"tablet":{"background-color":"","background-image":"","background-repeat":"repeat","background-position":"center center","background-size":"auto","background-attachment":"scroll","background-type":"","background-media":"","overlay-type":"","overlay-color":"","overlay-opacity":"","overlay-gradient":""},"mobile":{"background-color":"","background-image":"","background-repeat":"repeat","background-position":"center center","background-size":"auto","background-attachment":"scroll","background-type":"","background-media":"","overlay-type":"","overlay-color":"","overlay-opacity":"","overlay-gradient":""}},"ast-content-background-meta":{"desktop":{"background-color":"var(--ast-global-color-5)","background-image":"","background-repeat":"repeat","background-position":"center center","background-size":"auto","background-attachment":"scroll","background-type":"","background-media":"","overlay-type":"","overlay-color":"","overlay-opacity":"","overlay-gradient":""},"tablet":{"background-color":"var(--ast-global-color-5)","background-image":"","background-repeat":"repeat","background-position":"center center","background-size":"auto","background-attachment":"scroll","background-type":"","background-media":"","overlay-type":"","overlay-color":"","overlay-opacity":"","overlay-gradient":""},"mobile":{"background-color":"var(--ast-global-color-5)","background-image":"","background-repeat":"repeat","background-position":"center center","background-size":"auto","background-attachment":"scroll","background-type":"","background-media":"","overlay-type":"","overlay-color":"","overlay-opacity":"","overlay-gradient":""}},"footnotes":""},"categories":[53],"tags":[],"class_list":["post-9951","post","type-post","status-publish","format-standard","has-post-thumbnail","hentry","category-ultimas-noticias"],"_links":{"self":[{"href":"https:\/\/edus.gov.co\/en\/wp-json\/wp\/v2\/posts\/9951","targetHints":{"allow":["GET"]}}],"collection":[{"href":"https:\/\/edus.gov.co\/en\/wp-json\/wp\/v2\/posts"}],"about":[{"href":"https:\/\/edus.gov.co\/en\/wp-json\/wp\/v2\/types\/post"}],"author":[{"embeddable":true,"href":"https:\/\/edus.gov.co\/en\/wp-json\/wp\/v2\/users\/17"}],"replies":[{"embeddable":true,"href":"https:\/\/edus.gov.co\/en\/wp-json\/wp\/v2\/comments?post=9951"}],"version-history":[{"count":4,"href":"https:\/\/edus.gov.co\/en\/wp-json\/wp\/v2\/posts\/9951\/revisions"}],"predecessor-version":[{"id":9956,"href":"https:\/\/edus.gov.co\/en\/wp-json\/wp\/v2\/posts\/9951\/revisions\/9956"}],"wp:featuredmedia":[{"embeddable":true,"href":"https:\/\/edus.gov.co\/en\/wp-json\/wp\/v2\/media\/9952"}],"wp:attachment":[{"href":"https:\/\/edus.gov.co\/en\/wp-json\/wp\/v2\/media?parent=9951"}],"wp:term":[{"taxonomy":"category","embeddable":true,"href":"https:\/\/edus.gov.co\/en\/wp-json\/wp\/v2\/categories?post=9951"},{"taxonomy":"post_tag","embeddable":true,"href":"https:\/\/edus.gov.co\/en\/wp-json\/wp\/v2\/tags?post=9951"}],"curies":[{"name":"wp","href":"https:\/\/api.w.org\/{rel}","templated":true}]}}