{"id":9887,"date":"2023-05-03T21:16:31","date_gmt":"2023-05-03T21:16:31","guid":{"rendered":"https:\/\/edus.gov.co\/?p=9887"},"modified":"2023-05-09T21:19:02","modified_gmt":"2023-05-09T21:19:02","slug":"bonda-contara-con-1-5-km-de-via-pavimentada-alcaldia-distrital","status":"publish","type":"post","link":"https:\/\/edus.gov.co\/en\/bonda-contara-con-1-5-km-de-via-pavimentada-alcaldia-distrital\/","title":{"rendered":"Bonda contar\u00e1 con 1.5 km de v\u00eda pavimentada: Alcald\u00eda Distrital\u00a0"},"content":{"rendered":"<div data-elementor-type=\"wp-post\" data-elementor-id=\"9887\" class=\"elementor elementor-9887\" data-elementor-post-type=\"post\">\n\t\t\t\t\t\t<section class=\"elementor-section elementor-top-section elementor-element elementor-element-687bb192 elementor-section-boxed elementor-section-height-default elementor-section-height-default\" data-id=\"687bb192\" data-element_type=\"section\">\n\t\t\t\t\t\t<div class=\"elementor-container elementor-column-gap-default\">\n\t\t\t\t\t<div class=\"elementor-column elementor-col-100 elementor-top-column elementor-element elementor-element-4f30bfab\" data-id=\"4f30bfab\" data-element_type=\"column\">\n\t\t\t<div class=\"elementor-widget-wrap elementor-element-populated\">\n\t\t\t\t\t\t<div class=\"elementor-element elementor-element-2330fad3 elementor-widget elementor-widget-text-editor\" data-id=\"2330fad3\" data-element_type=\"widget\" data-widget_type=\"text-editor.default\">\n\t\t\t\t<div class=\"elementor-widget-container\">\n\t\t\t\t\t\t\t\t\t<p style=\"font-weight: 400;\">Las obras de mejoramiento de la v\u00eda Bonda \u2013 El Curval siguen avanzando para que los habitantes puedan tener una mejor movilidad, facilitando de esta manera el tr\u00e1nsito tanto de veh\u00edculos particulares como las rutas de buses de servicio p\u00fablico.\u00a0<\/p><p style=\"font-weight: 400;\">Cumpliendo con las directrices de la alcaldesa Virna Johnson y atendiendo las solicitudes de la comunidad, se logr\u00f3 gestionar la pavimentaci\u00f3n en concreto r\u00edgido de 1.5 km que comprenden desde el CAI de la Polic\u00eda hasta el puente P\u00e9njamo, que comunica con la vereda El Curval.\u00a0<\/p><p style=\"font-weight: 400;\">Tambi\u00e9n se logr\u00f3 concertar con la comunidad que se har\u00e1 una reposici\u00f3n de asfalto en puntos cr\u00edticos en la v\u00eda que conduce del puente anteriormente se\u00f1alado hasta completar 1.5 km.\u00a0<\/p><p style=\"font-weight: 400;\">La v\u00eda tambi\u00e9n contar\u00e1 con espacios seguros para los peatones, garantizando as\u00ed que propios y visitantes puedan trasladarse sin ning\u00fan contratiempo.\u00a0<\/p><p style=\"font-weight: 400;\">\u201cCumpliendo con las directrices de la alcaldesa Virna Johnson hemos gestionado para que Bonda pueda contar con una v\u00eda que dignifique la vida de los que residen en este importante sector rural de Santa Marta\u201d, expres\u00f3 Diela Garc\u00e9s, gerente de la EDUS.\u00a0<\/p><p style=\"font-weight: 400;\">La informaci\u00f3n fue entregada a los representantes y l\u00edderes del sector, quienes mostraron su respaldo y apoyo con estas obras que se iniciaran luego que se surta el tr\u00e1mite que tiene que ver con el proceso administrativo.\u00a0<\/p><p style=\"font-weight: 400;\">Para ello, la comunidad bondera agradeci\u00f3 por encontrar de manera conjunta una soluci\u00f3n para que esta zona pueda tener una v\u00eda en \u00f3ptimas condiciones que traer\u00e1 mayor afluencia tur\u00edstica hacia el balneario y dinamizar la econom\u00eda en el sector.\u00a0<\/p><p style=\"font-weight: 400;\">\u201cLa comunidad tanto del corregimiento de Bonda como sus veredas estamos contentos por esto que se dio con la Administraci\u00f3n Distrital, estamos, muy agradecidos con esta obra de mejoramiento de la v\u00eda\u201d, indic\u00f3 Carlos Alberto Brice\u00f1o, representante de la Junta de Acci\u00f3n Comunal.\u00a0<\/p><p style=\"font-weight: 400;\">Esta v\u00eda transformada permitir\u00e1 conectar de manera eficiente y segura a m\u00e1s de 5 mil personas que residen y laboran, tanto en este corregimiento, como en las veredas aleda\u00f1as y facilitar\u00e1 el transporte de productos de pan coger para ser comercializados en la zona urbana.\u00a0<\/p><p style=\"font-weight: 400;\">La EDUS continuar\u00e1 realizando socializaciones con la comunidad de Bonda para que conozcan de primera mano lo que corresponde a las intervenciones que se llevar\u00e1n a cabo en esta v\u00eda y que cambiar\u00e1 la vida de los bonderos.\u00a0<\/p>\t\t\t\t\t\t\t\t<\/div>\n\t\t\t\t<\/div>\n\t\t\t\t\t<\/div>\n\t\t<\/div>\n\t\t\t\t\t<\/div>\n\t\t<\/section>\n\t\t\t\t<section class=\"elementor-section elementor-top-section elementor-element elementor-element-c0d47f5 elementor-section-full_width elementor-section-stretched elementor-section-height-default elementor-section-height-default\" data-id=\"c0d47f5\" data-element_type=\"section\" data-settings=\"{&quot;stretch_section&quot;:&quot;section-stretched&quot;}\">\n\t\t\t\t\t\t\t<div class=\"elementor-background-overlay\"><\/div>\n\t\t\t\t\t\t\t<div class=\"elementor-container elementor-column-gap-default\">\n\t\t\t\t\t<div class=\"elementor-column elementor-col-100 elementor-top-column elementor-element elementor-element-b3f40b9\" data-id=\"b3f40b9\" data-element_type=\"column\">\n\t\t\t<div class=\"elementor-widget-wrap elementor-element-populated\">\n\t\t\t\t\t\t<div class=\"elementor-element elementor-element-939a1e2 elementor-widget elementor-widget-heading\" data-id=\"939a1e2\" data-element_type=\"widget\" data-widget_type=\"heading.default\">\n\t\t\t\t<div class=\"elementor-widget-container\">\n\t\t\t\t\t<h3 class=\"elementor-heading-title elementor-size-default\">\u00daltimas Noticias<\/h3>\t\t\t\t<\/div>\n\t\t\t\t<\/div>\n\t\t\t\t\t<\/div>\n\t\t<\/div>\n\t\t\t\t\t<\/div>\n\t\t<\/section>\n\t\t\t\t<\/div>","protected":false},"excerpt":{"rendered":"<p>Las obras de mejoramiento de la v\u00eda Bonda \u2013 El Curval siguen avanzando para que los habitantes puedan tener una mejor movilidad, facilitando de esta manera el tr\u00e1nsito tanto de veh\u00edculos particulares como las rutas de buses de servicio p\u00fablico.&nbsp; Cumpliendo con las directrices de la alcaldesa Virna Johnson y atendiendo las solicitudes de la [&hellip;]<\/p>","protected":false},"author":17,"featured_media":9888,"comment_status":"closed","ping_status":"closed","sticky":false,"template":"","format":"standard","meta":{"site-sidebar-layout":"default","site-content-layout":"","ast-site-content-layout":"default","site-content-style":"default","site-sidebar-style":"default","ast-global-header-display":"","ast-banner-title-visibility":"","ast-main-header-display":"","ast-hfb-above-header-display":"","ast-hfb-below-header-display":"","ast-hfb-mobile-header-display":"","site-post-title":"","ast-breadcrumbs-content":"","ast-featured-img":"","footer-sml-layout":"","ast-disable-related-posts":"","theme-transparent-header-meta":"","adv-header-id-meta":"","stick-header-meta":"","header-above-stick-meta":"","header-main-stick-meta":"","header-below-stick-meta":"","astra-migrate-meta-layouts":"default","ast-page-background-enabled":"default","ast-page-background-meta":{"desktop":{"background-color":"var(--ast-global-color-4)","background-image":"","background-repeat":"repeat","background-position":"center center","background-size":"auto","background-attachment":"scroll","background-type":"","background-media":"","overlay-type":"","overlay-color":"","overlay-opacity":"","overlay-gradient":""},"tablet":{"background-color":"","background-image":"","background-repeat":"repeat","background-position":"center center","background-size":"auto","background-attachment":"scroll","background-type":"","background-media":"","overlay-type":"","overlay-color":"","overlay-opacity":"","overlay-gradient":""},"mobile":{"background-color":"","background-image":"","background-repeat":"repeat","background-position":"center center","background-size":"auto","background-attachment":"scroll","background-type":"","background-media":"","overlay-type":"","overlay-color":"","overlay-opacity":"","overlay-gradient":""}},"ast-content-background-meta":{"desktop":{"background-color":"var(--ast-global-color-5)","background-image":"","background-repeat":"repeat","background-position":"center center","background-size":"auto","background-attachment":"scroll","background-type":"","background-media":"","overlay-type":"","overlay-color":"","overlay-opacity":"","overlay-gradient":""},"tablet":{"background-color":"var(--ast-global-color-5)","background-image":"","background-repeat":"repeat","background-position":"center center","background-size":"auto","background-attachment":"scroll","background-type":"","background-media":"","overlay-type":"","overlay-color":"","overlay-opacity":"","overlay-gradient":""},"mobile":{"background-color":"var(--ast-global-color-5)","background-image":"","background-repeat":"repeat","background-position":"center center","background-size":"auto","background-attachment":"scroll","background-type":"","background-media":"","overlay-type":"","overlay-color":"","overlay-opacity":"","overlay-gradient":""}},"footnotes":""},"categories":[53],"tags":[],"class_list":["post-9887","post","type-post","status-publish","format-standard","has-post-thumbnail","hentry","category-ultimas-noticias"],"_links":{"self":[{"href":"https:\/\/edus.gov.co\/en\/wp-json\/wp\/v2\/posts\/9887","targetHints":{"allow":["GET"]}}],"collection":[{"href":"https:\/\/edus.gov.co\/en\/wp-json\/wp\/v2\/posts"}],"about":[{"href":"https:\/\/edus.gov.co\/en\/wp-json\/wp\/v2\/types\/post"}],"author":[{"embeddable":true,"href":"https:\/\/edus.gov.co\/en\/wp-json\/wp\/v2\/users\/17"}],"replies":[{"embeddable":true,"href":"https:\/\/edus.gov.co\/en\/wp-json\/wp\/v2\/comments?post=9887"}],"version-history":[{"count":5,"href":"https:\/\/edus.gov.co\/en\/wp-json\/wp\/v2\/posts\/9887\/revisions"}],"predecessor-version":[{"id":9893,"href":"https:\/\/edus.gov.co\/en\/wp-json\/wp\/v2\/posts\/9887\/revisions\/9893"}],"wp:featuredmedia":[{"embeddable":true,"href":"https:\/\/edus.gov.co\/en\/wp-json\/wp\/v2\/media\/9888"}],"wp:attachment":[{"href":"https:\/\/edus.gov.co\/en\/wp-json\/wp\/v2\/media?parent=9887"}],"wp:term":[{"taxonomy":"category","embeddable":true,"href":"https:\/\/edus.gov.co\/en\/wp-json\/wp\/v2\/categories?post=9887"},{"taxonomy":"post_tag","embeddable":true,"href":"https:\/\/edus.gov.co\/en\/wp-json\/wp\/v2\/tags?post=9887"}],"curies":[{"name":"wp","href":"https:\/\/api.w.org\/{rel}","templated":true}]}}