{"id":9880,"date":"2023-04-28T21:03:33","date_gmt":"2023-04-28T21:03:33","guid":{"rendered":"https:\/\/edus.gov.co\/?p=9880"},"modified":"2023-05-09T21:12:13","modified_gmt":"2023-05-09T21:12:13","slug":"continua-imparable-la-reposicion-de-placas-en-gaira","status":"publish","type":"post","link":"https:\/\/edus.gov.co\/en\/continua-imparable-la-reposicion-de-placas-en-gaira\/","title":{"rendered":"Contin\u00faa imparable la reposici\u00f3n de placas en Gaira\u00a0"},"content":{"rendered":"<div data-elementor-type=\"wp-post\" data-elementor-id=\"9880\" class=\"elementor elementor-9880\" data-elementor-post-type=\"post\">\n\t\t\t\t\t\t<section class=\"elementor-section elementor-top-section elementor-element elementor-element-687bb192 elementor-section-boxed elementor-section-height-default elementor-section-height-default\" data-id=\"687bb192\" data-element_type=\"section\">\n\t\t\t\t\t\t<div class=\"elementor-container elementor-column-gap-default\">\n\t\t\t\t\t<div class=\"elementor-column elementor-col-100 elementor-top-column elementor-element elementor-element-4f30bfab\" data-id=\"4f30bfab\" data-element_type=\"column\">\n\t\t\t<div class=\"elementor-widget-wrap elementor-element-populated\">\n\t\t\t\t\t\t<div class=\"elementor-element elementor-element-2330fad3 elementor-widget elementor-widget-text-editor\" data-id=\"2330fad3\" data-element_type=\"widget\" data-widget_type=\"text-editor.default\">\n\t\t\t\t<div class=\"elementor-widget-container\">\n\t\t\t\t\t\t\t\t\t<p>Avanza el plan de reposici\u00f3n de placas en Gaira, liderado por la Alcald\u00eda Distrital, a trav\u00e9s de la Empresa de Desarrollo y Renovaci\u00f3n Urbano Sostenible (EDUS), cumpliendo con las directrices de la alcaldesa Virna Johnson.\u00a0<\/p><p>Los trabajos de reposici\u00f3n se adelantan en la carrera 10 con calle 7, donde se intervienen las placas que se encuentran en mal estado, retir\u00e1ndolas y reemplaz\u00e1ndolas por pavimento r\u00edgido; beneficiando de esta manera a por lo menos 1.500 personas que residen y transitan por el sector diariamente. \u00a0<\/p><p>Estas obras hacen parte de los trabajos que adelanta la administraci\u00f3n distrital para reemplazar las placas donde el pavimento se encuentra en estado lamentable, con el fin de acabar con los huecos en la malla vial, facilitando la movilidad vehicular, tanto de particulares como p\u00fablicos.\u00a0<\/p><p>\u201cEstamos mejorando la malla vial de Gaira, cuyas calles se encuentran priorizadas dentro del inventario del Plan de Reposici\u00f3n de Placas al encontrarse en un grave estado de deterioro en el que se encuentran las v\u00edas\u201d, explic\u00f3 la gerente de la EDUS, Diela Garc\u00e9s Espitia.\u00a0<\/p><p>Desde que se inici\u00f3 el Plan de Reposici\u00f3n de Placas se han logrado cambiar 11.540 m2 de v\u00edas que corresponde en Santa Marta a 131 puntos cr\u00edticos, reconstruyendo 8.934 m2 de pavimento. \u00a0<\/p><p>Por su parte, en El Rodadero fueron habilitados 2.434 m2 de v\u00eda, que equivalen a 2.234 m2 y 540 m2 en la calle 6 de Gaira, que representan 21 puntos, acabando de esta manera con los huecos en las principales avenidas, v\u00edas en sectores con alto tr\u00e1fico vehicular y zonas tur\u00edsticas.\u00a0<\/p>\t\t\t\t\t\t\t\t<\/div>\n\t\t\t\t<\/div>\n\t\t\t\t\t<\/div>\n\t\t<\/div>\n\t\t\t\t\t<\/div>\n\t\t<\/section>\n\t\t\t\t<section class=\"elementor-section elementor-top-section elementor-element elementor-element-c0d47f5 elementor-section-full_width elementor-section-stretched elementor-section-height-default elementor-section-height-default\" data-id=\"c0d47f5\" data-element_type=\"section\" data-settings=\"{&quot;stretch_section&quot;:&quot;section-stretched&quot;}\">\n\t\t\t\t\t\t\t<div class=\"elementor-background-overlay\"><\/div>\n\t\t\t\t\t\t\t<div class=\"elementor-container elementor-column-gap-default\">\n\t\t\t\t\t<div class=\"elementor-column elementor-col-100 elementor-top-column elementor-element elementor-element-b3f40b9\" data-id=\"b3f40b9\" data-element_type=\"column\">\n\t\t\t<div class=\"elementor-widget-wrap elementor-element-populated\">\n\t\t\t\t\t\t<div class=\"elementor-element elementor-element-939a1e2 elementor-widget elementor-widget-heading\" data-id=\"939a1e2\" data-element_type=\"widget\" data-widget_type=\"heading.default\">\n\t\t\t\t<div class=\"elementor-widget-container\">\n\t\t\t\t\t<h3 class=\"elementor-heading-title elementor-size-default\">\u00daltimas Noticias<\/h3>\t\t\t\t<\/div>\n\t\t\t\t<\/div>\n\t\t\t\t\t<\/div>\n\t\t<\/div>\n\t\t\t\t\t<\/div>\n\t\t<\/section>\n\t\t\t\t<\/div>","protected":false},"excerpt":{"rendered":"<p>Avanza el plan de reposici\u00f3n de placas en Gaira, liderado por la Alcald\u00eda Distrital, a trav\u00e9s de la Empresa de Desarrollo y Renovaci\u00f3n Urbano Sostenible (EDUS), cumpliendo con las directrices de la alcaldesa Virna Johnson.&nbsp; Los trabajos de reposici\u00f3n se adelantan en la carrera 10 con calle 7, donde se intervienen las placas que se [&hellip;]<\/p>","protected":false},"author":17,"featured_media":9881,"comment_status":"closed","ping_status":"closed","sticky":false,"template":"","format":"standard","meta":{"site-sidebar-layout":"default","site-content-layout":"","ast-site-content-layout":"default","site-content-style":"default","site-sidebar-style":"default","ast-global-header-display":"","ast-banner-title-visibility":"","ast-main-header-display":"","ast-hfb-above-header-display":"","ast-hfb-below-header-display":"","ast-hfb-mobile-header-display":"","site-post-title":"","ast-breadcrumbs-content":"","ast-featured-img":"","footer-sml-layout":"","ast-disable-related-posts":"","theme-transparent-header-meta":"","adv-header-id-meta":"","stick-header-meta":"","header-above-stick-meta":"","header-main-stick-meta":"","header-below-stick-meta":"","astra-migrate-meta-layouts":"default","ast-page-background-enabled":"default","ast-page-background-meta":{"desktop":{"background-color":"var(--ast-global-color-4)","background-image":"","background-repeat":"repeat","background-position":"center center","background-size":"auto","background-attachment":"scroll","background-type":"","background-media":"","overlay-type":"","overlay-color":"","overlay-opacity":"","overlay-gradient":""},"tablet":{"background-color":"","background-image":"","background-repeat":"repeat","background-position":"center center","background-size":"auto","background-attachment":"scroll","background-type":"","background-media":"","overlay-type":"","overlay-color":"","overlay-opacity":"","overlay-gradient":""},"mobile":{"background-color":"","background-image":"","background-repeat":"repeat","background-position":"center center","background-size":"auto","background-attachment":"scroll","background-type":"","background-media":"","overlay-type":"","overlay-color":"","overlay-opacity":"","overlay-gradient":""}},"ast-content-background-meta":{"desktop":{"background-color":"var(--ast-global-color-5)","background-image":"","background-repeat":"repeat","background-position":"center center","background-size":"auto","background-attachment":"scroll","background-type":"","background-media":"","overlay-type":"","overlay-color":"","overlay-opacity":"","overlay-gradient":""},"tablet":{"background-color":"var(--ast-global-color-5)","background-image":"","background-repeat":"repeat","background-position":"center center","background-size":"auto","background-attachment":"scroll","background-type":"","background-media":"","overlay-type":"","overlay-color":"","overlay-opacity":"","overlay-gradient":""},"mobile":{"background-color":"var(--ast-global-color-5)","background-image":"","background-repeat":"repeat","background-position":"center center","background-size":"auto","background-attachment":"scroll","background-type":"","background-media":"","overlay-type":"","overlay-color":"","overlay-opacity":"","overlay-gradient":""}},"footnotes":""},"categories":[53],"tags":[],"class_list":["post-9880","post","type-post","status-publish","format-standard","has-post-thumbnail","hentry","category-ultimas-noticias"],"_links":{"self":[{"href":"https:\/\/edus.gov.co\/en\/wp-json\/wp\/v2\/posts\/9880","targetHints":{"allow":["GET"]}}],"collection":[{"href":"https:\/\/edus.gov.co\/en\/wp-json\/wp\/v2\/posts"}],"about":[{"href":"https:\/\/edus.gov.co\/en\/wp-json\/wp\/v2\/types\/post"}],"author":[{"embeddable":true,"href":"https:\/\/edus.gov.co\/en\/wp-json\/wp\/v2\/users\/17"}],"replies":[{"embeddable":true,"href":"https:\/\/edus.gov.co\/en\/wp-json\/wp\/v2\/comments?post=9880"}],"version-history":[{"count":5,"href":"https:\/\/edus.gov.co\/en\/wp-json\/wp\/v2\/posts\/9880\/revisions"}],"predecessor-version":[{"id":9886,"href":"https:\/\/edus.gov.co\/en\/wp-json\/wp\/v2\/posts\/9880\/revisions\/9886"}],"wp:featuredmedia":[{"embeddable":true,"href":"https:\/\/edus.gov.co\/en\/wp-json\/wp\/v2\/media\/9881"}],"wp:attachment":[{"href":"https:\/\/edus.gov.co\/en\/wp-json\/wp\/v2\/media?parent=9880"}],"wp:term":[{"taxonomy":"category","embeddable":true,"href":"https:\/\/edus.gov.co\/en\/wp-json\/wp\/v2\/categories?post=9880"},{"taxonomy":"post_tag","embeddable":true,"href":"https:\/\/edus.gov.co\/en\/wp-json\/wp\/v2\/tags?post=9880"}],"curies":[{"name":"wp","href":"https:\/\/api.w.org\/{rel}","templated":true}]}}