{"id":9869,"date":"2023-04-23T16:17:57","date_gmt":"2023-04-23T16:17:57","guid":{"rendered":"https:\/\/edus.gov.co\/?p=9869"},"modified":"2023-04-24T16:19:46","modified_gmt":"2023-04-24T16:19:46","slug":"essmar-debe-cumplir-con-compromisos-de-empalme-de-la-tuberia-de-impulsion-en-la-calle-14-de-gaira-alcaldia-distrital","status":"publish","type":"post","link":"https:\/\/edus.gov.co\/en\/essmar-debe-cumplir-con-compromisos-de-empalme-de-la-tuberia-de-impulsion-en-la-calle-14-de-gaira-alcaldia-distrital\/","title":{"rendered":"<strong>\u201cEssmar debe cumplir con compromisos de empalme de la tuber\u00eda de impulsi\u00f3n en la calle 14 de Gaira\u201d: Alcald\u00eda Distrital\u00a0<\/strong>\u00a0"},"content":{"rendered":"<div data-elementor-type=\"wp-post\" data-elementor-id=\"9869\" class=\"elementor elementor-9869\" data-elementor-post-type=\"post\">\n\t\t\t\t\t\t<section class=\"elementor-section elementor-top-section elementor-element elementor-element-687bb192 elementor-section-boxed elementor-section-height-default elementor-section-height-default\" data-id=\"687bb192\" data-element_type=\"section\">\n\t\t\t\t\t\t<div class=\"elementor-container elementor-column-gap-default\">\n\t\t\t\t\t<div class=\"elementor-column elementor-col-100 elementor-top-column elementor-element elementor-element-4f30bfab\" data-id=\"4f30bfab\" data-element_type=\"column\">\n\t\t\t<div class=\"elementor-widget-wrap elementor-element-populated\">\n\t\t\t\t\t\t<div class=\"elementor-element elementor-element-2330fad3 elementor-widget elementor-widget-text-editor\" data-id=\"2330fad3\" data-element_type=\"widget\" data-widget_type=\"text-editor.default\">\n\t\t\t\t<div class=\"elementor-widget-container\">\n\t\t\t\t\t\t\t\t\t<p>La obra de pavimentaci\u00f3n liderada por la Alcald\u00eda Distrital en la calle 14 de Gaira se encuentra culminada, solo a la espera que la Empresa de Servicios P\u00fablicos y Aseo de Santa Marta, Essmar, realice el empalme de la tuber\u00eda de impulsi\u00f3n, lo que ha generado retraso en la entrega de la nueva v\u00eda a la comunidad gairera.<u><\/u>\u00a0<u><\/u><\/p><p>Por tal motivo, ante la insistencia de la comunidad y las diversas solicitudes radicadas por parte del Distrito,\u00a0\u00a0la Essmar se comprometi\u00f3 a iniciar las labores de empalme el pr\u00f3ximo 23 de mayo, teniendo en cuenta que los elementos y accesorios para lograr dicha conexi\u00f3n tienen un tiempo de fabricaci\u00f3n de 20 d\u00edas h\u00e1biles.<u><\/u>\u00a0<u><\/u><\/p><p>Estos trabajos ser\u00e1n realizados en un tiempo de 16 horas, por lo que durante ese periodo se estar\u00e1 ejecutando un plan de contingencia, con el fin de controlar las situaciones que puedan presentarse mientras se lleve a cabo el proceso de conexi\u00f3n.<u><\/u>\u00a0<u><\/u><\/p><p>Para ello se dispondr\u00e1 de seis equipos de succi\u00f3n presi\u00f3n tipo vactor en los puntos donde se puedan originar vertimientos de aguas residuales. As\u00ed mismo, a trav\u00e9s de la Empresa de Desarrollo y Renovaci\u00f3n Urbano Sostenible EDUS, se tramitar\u00e1n los permisos pertinentes ante el DADSA.<u><\/u>\u00a0<u><\/u><\/p><p>Luego de realizada la conexi\u00f3n de la tuber\u00eda de impulsi\u00f3n, se har\u00e1 la ampliaci\u00f3n del box culvert para el manejo de aguas lluvias, lo cual tendr\u00e1 una duraci\u00f3n de 30 d\u00edas.\u00a0<u><\/u>\u00a0<u><\/u><\/p><p>Esta obra, que beneficia a m\u00e1s de 2 mil familias en este importante sector de la ciudad, estar\u00eda culminada aproximadamente en dos meses, para ser entregada a la comunidad.<u><\/u>\u00a0<u><\/u><\/p><p>\u201cHacemos un llamado a la Essmar para que cumpla con estos trabajos, porque necesitamos de manera urgente que se realicen las acciones que se han solicitado, y poder colocar la calle al servicio de gaireros\u201d, asegur\u00f3 la gerente de la EDUS, Diela Garc\u00e9s Espitia.<u><\/u>\u00a0<u><\/u><\/p><p>La obra de la calle 14 fue ejecutada a trav\u00e9s de la EDUS, en donde se pavimentaron 3.144 m2 de calzada vehicular, se instalaron 1.066 metros lineales de alcantarillado sanitario y construidos 690 m2 de espacio p\u00fablico.<u><\/u>\u00a0<u><\/u><\/p><p>Esta obra priorizada dentro del programa Malla Vial, incluida en el Plan de Desarrollo Santa Marta Coraz\u00f3n del Cambio impacta en la mejora de la calidad de vida de los gaireros, al poder contar con una calle en concreto r\u00edgido, poniendo fin a inundaciones causadas en temporada de lluvias.<u><\/u>\u00a0<\/p>\t\t\t\t\t\t\t\t<\/div>\n\t\t\t\t<\/div>\n\t\t\t\t\t<\/div>\n\t\t<\/div>\n\t\t\t\t\t<\/div>\n\t\t<\/section>\n\t\t\t\t<section class=\"elementor-section elementor-top-section elementor-element elementor-element-c0d47f5 elementor-section-full_width elementor-section-stretched elementor-section-height-default elementor-section-height-default\" data-id=\"c0d47f5\" data-element_type=\"section\" data-settings=\"{&quot;stretch_section&quot;:&quot;section-stretched&quot;}\">\n\t\t\t\t\t\t\t<div class=\"elementor-background-overlay\"><\/div>\n\t\t\t\t\t\t\t<div class=\"elementor-container elementor-column-gap-default\">\n\t\t\t\t\t<div class=\"elementor-column elementor-col-100 elementor-top-column elementor-element elementor-element-b3f40b9\" data-id=\"b3f40b9\" data-element_type=\"column\">\n\t\t\t<div class=\"elementor-widget-wrap elementor-element-populated\">\n\t\t\t\t\t\t<div class=\"elementor-element elementor-element-939a1e2 elementor-widget elementor-widget-heading\" data-id=\"939a1e2\" data-element_type=\"widget\" data-widget_type=\"heading.default\">\n\t\t\t\t<div class=\"elementor-widget-container\">\n\t\t\t\t\t<h3 class=\"elementor-heading-title elementor-size-default\">\u00daltimas Noticias<\/h3>\t\t\t\t<\/div>\n\t\t\t\t<\/div>\n\t\t\t\t\t<\/div>\n\t\t<\/div>\n\t\t\t\t\t<\/div>\n\t\t<\/section>\n\t\t\t\t<\/div>","protected":false},"excerpt":{"rendered":"<p>La obra de pavimentaci\u00f3n liderada por la Alcald\u00eda Distrital en la calle 14 de Gaira se encuentra culminada, solo a la espera que la Empresa de Servicios P\u00fablicos y Aseo de Santa Marta, Essmar, realice el empalme de la tuber\u00eda de impulsi\u00f3n, lo que ha generado retraso en la entrega de la nueva v\u00eda a [&hellip;]<\/p>","protected":false},"author":17,"featured_media":9870,"comment_status":"closed","ping_status":"closed","sticky":false,"template":"","format":"standard","meta":{"site-sidebar-layout":"default","site-content-layout":"","ast-site-content-layout":"default","site-content-style":"default","site-sidebar-style":"default","ast-global-header-display":"","ast-banner-title-visibility":"","ast-main-header-display":"","ast-hfb-above-header-display":"","ast-hfb-below-header-display":"","ast-hfb-mobile-header-display":"","site-post-title":"","ast-breadcrumbs-content":"","ast-featured-img":"","footer-sml-layout":"","ast-disable-related-posts":"","theme-transparent-header-meta":"","adv-header-id-meta":"","stick-header-meta":"","header-above-stick-meta":"","header-main-stick-meta":"","header-below-stick-meta":"","astra-migrate-meta-layouts":"default","ast-page-background-enabled":"default","ast-page-background-meta":{"desktop":{"background-color":"var(--ast-global-color-4)","background-image":"","background-repeat":"repeat","background-position":"center center","background-size":"auto","background-attachment":"scroll","background-type":"","background-media":"","overlay-type":"","overlay-color":"","overlay-opacity":"","overlay-gradient":""},"tablet":{"background-color":"","background-image":"","background-repeat":"repeat","background-position":"center center","background-size":"auto","background-attachment":"scroll","background-type":"","background-media":"","overlay-type":"","overlay-color":"","overlay-opacity":"","overlay-gradient":""},"mobile":{"background-color":"","background-image":"","background-repeat":"repeat","background-position":"center center","background-size":"auto","background-attachment":"scroll","background-type":"","background-media":"","overlay-type":"","overlay-color":"","overlay-opacity":"","overlay-gradient":""}},"ast-content-background-meta":{"desktop":{"background-color":"var(--ast-global-color-5)","background-image":"","background-repeat":"repeat","background-position":"center center","background-size":"auto","background-attachment":"scroll","background-type":"","background-media":"","overlay-type":"","overlay-color":"","overlay-opacity":"","overlay-gradient":""},"tablet":{"background-color":"var(--ast-global-color-5)","background-image":"","background-repeat":"repeat","background-position":"center center","background-size":"auto","background-attachment":"scroll","background-type":"","background-media":"","overlay-type":"","overlay-color":"","overlay-opacity":"","overlay-gradient":""},"mobile":{"background-color":"var(--ast-global-color-5)","background-image":"","background-repeat":"repeat","background-position":"center center","background-size":"auto","background-attachment":"scroll","background-type":"","background-media":"","overlay-type":"","overlay-color":"","overlay-opacity":"","overlay-gradient":""}},"footnotes":""},"categories":[53],"tags":[],"class_list":["post-9869","post","type-post","status-publish","format-standard","has-post-thumbnail","hentry","category-ultimas-noticias"],"_links":{"self":[{"href":"https:\/\/edus.gov.co\/en\/wp-json\/wp\/v2\/posts\/9869","targetHints":{"allow":["GET"]}}],"collection":[{"href":"https:\/\/edus.gov.co\/en\/wp-json\/wp\/v2\/posts"}],"about":[{"href":"https:\/\/edus.gov.co\/en\/wp-json\/wp\/v2\/types\/post"}],"author":[{"embeddable":true,"href":"https:\/\/edus.gov.co\/en\/wp-json\/wp\/v2\/users\/17"}],"replies":[{"embeddable":true,"href":"https:\/\/edus.gov.co\/en\/wp-json\/wp\/v2\/comments?post=9869"}],"version-history":[{"count":4,"href":"https:\/\/edus.gov.co\/en\/wp-json\/wp\/v2\/posts\/9869\/revisions"}],"predecessor-version":[{"id":9874,"href":"https:\/\/edus.gov.co\/en\/wp-json\/wp\/v2\/posts\/9869\/revisions\/9874"}],"wp:featuredmedia":[{"embeddable":true,"href":"https:\/\/edus.gov.co\/en\/wp-json\/wp\/v2\/media\/9870"}],"wp:attachment":[{"href":"https:\/\/edus.gov.co\/en\/wp-json\/wp\/v2\/media?parent=9869"}],"wp:term":[{"taxonomy":"category","embeddable":true,"href":"https:\/\/edus.gov.co\/en\/wp-json\/wp\/v2\/categories?post=9869"},{"taxonomy":"post_tag","embeddable":true,"href":"https:\/\/edus.gov.co\/en\/wp-json\/wp\/v2\/tags?post=9869"}],"curies":[{"name":"wp","href":"https:\/\/api.w.org\/{rel}","templated":true}]}}