{"id":9864,"date":"2023-04-19T16:12:22","date_gmt":"2023-04-19T16:12:22","guid":{"rendered":"https:\/\/edus.gov.co\/?p=9864"},"modified":"2023-04-24T16:13:54","modified_gmt":"2023-04-24T16:13:54","slug":"camellon-de-la-bahia-se-prepara-para-recibir-visitantes-en-la-temporada-de-mitad-de-ano-y-fiesta-del-mar","status":"publish","type":"post","link":"https:\/\/edus.gov.co\/en\/camellon-de-la-bahia-se-prepara-para-recibir-visitantes-en-la-temporada-de-mitad-de-ano-y-fiesta-del-mar\/","title":{"rendered":"<strong>Camell\u00f3n de la Bah\u00eda se prepara para recibir visitantes en la temporada de mitad de a\u00f1o y Fiesta del Mar\u00a0<\/strong>\u00a0"},"content":{"rendered":"<div data-elementor-type=\"wp-post\" data-elementor-id=\"9864\" class=\"elementor elementor-9864\" data-elementor-post-type=\"post\">\n\t\t\t\t\t\t<section class=\"elementor-section elementor-top-section elementor-element elementor-element-687bb192 elementor-section-boxed elementor-section-height-default elementor-section-height-default\" data-id=\"687bb192\" data-element_type=\"section\">\n\t\t\t\t\t\t<div class=\"elementor-container elementor-column-gap-default\">\n\t\t\t\t\t<div class=\"elementor-column elementor-col-100 elementor-top-column elementor-element elementor-element-4f30bfab\" data-id=\"4f30bfab\" data-element_type=\"column\">\n\t\t\t<div class=\"elementor-widget-wrap elementor-element-populated\">\n\t\t\t\t\t\t<div class=\"elementor-element elementor-element-2330fad3 elementor-widget elementor-widget-text-editor\" data-id=\"2330fad3\" data-element_type=\"widget\" data-widget_type=\"text-editor.default\">\n\t\t\t\t<div class=\"elementor-widget-container\">\n\t\t\t\t\t\t\t\t\t<p style=\"font-weight: 400;\">Los samarios y visitantes eligieron al Camell\u00f3n de la Bah\u00eda como su lugar favorito para los encuentros familiares y con amigos; as\u00ed como para disfrutar del paisaje y los atardeceres que ofrece este lugar ic\u00f3nico de la ciudad; motivo por el cual ser\u00e1 objeto de trabajos de mantenimiento preventivo en el espacio p\u00fablico que comprende desde la calle 10 hasta la calle 22.\u00a0<\/p><p style=\"font-weight: 400;\">Estas acciones se realizar\u00e1n en tres fases por parte de la empresa que estuvo a cargo de la construcci\u00f3n del Camell\u00f3n, la cual asumir\u00e1 los costos de dichos mantenimientos, que tendr\u00e1n una duraci\u00f3n de tres meses, garantizando que esta emblem\u00e1tica obra de los Gobiernos del Cambio est\u00e9 lista nuevamente a finales de julio para el disfrute de todos y para que pueda acoger los eventos de la Fiesta del Mar que se desarrollar\u00e1n en este lugar.\u00a0<\/p><p style=\"font-weight: 400;\">La primera fase de la intervenci\u00f3n al Camell\u00f3n iniciar\u00e1 a partir del 2 de mayo en la zona que comprende entre las calles 18 y 22. En la segunda fase se ejecutar\u00e1n los trabajos en el tramo entre las calles 10 y 14; en tanto que la \u00faltima fase se desarrollar\u00e1 entre las calles 15 y 17. Las labores de mantenimiento incluyen arreglos del piso y del c\u00e9sped, para lo cual ser\u00e1n utilizados elementos con mejores caracter\u00edsticas y mayor durabilidad que garanticen la preservaci\u00f3n del lugar.\u00a0<\/p><p style=\"font-weight: 400;\">Los arreglos se hacen necesarios debido al desgaste que presentan algunos puntos del Camell\u00f3n por la alta afluencia de p\u00fablico que recibe y para reparar los da\u00f1os ocasionados por personas que sin ning\u00fan grado de cultura ciudadana, ni sentido de pertenencia, atentan contra la infraestructura de este importante escenario tur\u00edstico de Santa Marta.\u00a0\u00a0<\/p><p style=\"font-weight: 400;\">Con la realizaci\u00f3n de estos trabajos, la Alcald\u00eda Distrital garantiza que el Camell\u00f3n se mantenga en \u00f3ptimas condiciones para que las familias puedan continuar disfrutando de estos espacios que cuentan con zona de juegos, artesan\u00edas, jugos tradicionales y plazoleta de comidas, entre otros atractivos.\u00a0<\/p>\t\t\t\t\t\t\t\t<\/div>\n\t\t\t\t<\/div>\n\t\t\t\t\t<\/div>\n\t\t<\/div>\n\t\t\t\t\t<\/div>\n\t\t<\/section>\n\t\t\t\t<section class=\"elementor-section elementor-top-section elementor-element elementor-element-c0d47f5 elementor-section-full_width elementor-section-stretched elementor-section-height-default elementor-section-height-default\" data-id=\"c0d47f5\" data-element_type=\"section\" data-settings=\"{&quot;stretch_section&quot;:&quot;section-stretched&quot;}\">\n\t\t\t\t\t\t\t<div class=\"elementor-background-overlay\"><\/div>\n\t\t\t\t\t\t\t<div class=\"elementor-container elementor-column-gap-default\">\n\t\t\t\t\t<div class=\"elementor-column elementor-col-100 elementor-top-column elementor-element elementor-element-b3f40b9\" data-id=\"b3f40b9\" data-element_type=\"column\">\n\t\t\t<div class=\"elementor-widget-wrap elementor-element-populated\">\n\t\t\t\t\t\t<div class=\"elementor-element elementor-element-939a1e2 elementor-widget elementor-widget-heading\" data-id=\"939a1e2\" data-element_type=\"widget\" data-widget_type=\"heading.default\">\n\t\t\t\t<div class=\"elementor-widget-container\">\n\t\t\t\t\t<h3 class=\"elementor-heading-title elementor-size-default\">\u00daltimas Noticias<\/h3>\t\t\t\t<\/div>\n\t\t\t\t<\/div>\n\t\t\t\t\t<\/div>\n\t\t<\/div>\n\t\t\t\t\t<\/div>\n\t\t<\/section>\n\t\t\t\t<\/div>","protected":false},"excerpt":{"rendered":"<p>Los samarios y visitantes eligieron al Camell\u00f3n de la Bah\u00eda como su lugar favorito para los encuentros familiares y con amigos; as\u00ed como para disfrutar del paisaje y los atardeceres que ofrece este lugar ic\u00f3nico de la ciudad; motivo por el cual ser\u00e1 objeto de trabajos de mantenimiento preventivo en el espacio p\u00fablico que comprende [&hellip;]<\/p>","protected":false},"author":17,"featured_media":8871,"comment_status":"closed","ping_status":"closed","sticky":false,"template":"","format":"standard","meta":{"site-sidebar-layout":"default","site-content-layout":"","ast-site-content-layout":"default","site-content-style":"default","site-sidebar-style":"default","ast-global-header-display":"","ast-banner-title-visibility":"","ast-main-header-display":"","ast-hfb-above-header-display":"","ast-hfb-below-header-display":"","ast-hfb-mobile-header-display":"","site-post-title":"","ast-breadcrumbs-content":"","ast-featured-img":"","footer-sml-layout":"","ast-disable-related-posts":"","theme-transparent-header-meta":"","adv-header-id-meta":"","stick-header-meta":"","header-above-stick-meta":"","header-main-stick-meta":"","header-below-stick-meta":"","astra-migrate-meta-layouts":"default","ast-page-background-enabled":"default","ast-page-background-meta":{"desktop":{"background-color":"var(--ast-global-color-4)","background-image":"","background-repeat":"repeat","background-position":"center center","background-size":"auto","background-attachment":"scroll","background-type":"","background-media":"","overlay-type":"","overlay-color":"","overlay-opacity":"","overlay-gradient":""},"tablet":{"background-color":"","background-image":"","background-repeat":"repeat","background-position":"center center","background-size":"auto","background-attachment":"scroll","background-type":"","background-media":"","overlay-type":"","overlay-color":"","overlay-opacity":"","overlay-gradient":""},"mobile":{"background-color":"","background-image":"","background-repeat":"repeat","background-position":"center center","background-size":"auto","background-attachment":"scroll","background-type":"","background-media":"","overlay-type":"","overlay-color":"","overlay-opacity":"","overlay-gradient":""}},"ast-content-background-meta":{"desktop":{"background-color":"var(--ast-global-color-5)","background-image":"","background-repeat":"repeat","background-position":"center center","background-size":"auto","background-attachment":"scroll","background-type":"","background-media":"","overlay-type":"","overlay-color":"","overlay-opacity":"","overlay-gradient":""},"tablet":{"background-color":"var(--ast-global-color-5)","background-image":"","background-repeat":"repeat","background-position":"center center","background-size":"auto","background-attachment":"scroll","background-type":"","background-media":"","overlay-type":"","overlay-color":"","overlay-opacity":"","overlay-gradient":""},"mobile":{"background-color":"var(--ast-global-color-5)","background-image":"","background-repeat":"repeat","background-position":"center center","background-size":"auto","background-attachment":"scroll","background-type":"","background-media":"","overlay-type":"","overlay-color":"","overlay-opacity":"","overlay-gradient":""}},"footnotes":""},"categories":[53],"tags":[],"class_list":["post-9864","post","type-post","status-publish","format-standard","has-post-thumbnail","hentry","category-ultimas-noticias"],"_links":{"self":[{"href":"https:\/\/edus.gov.co\/en\/wp-json\/wp\/v2\/posts\/9864","targetHints":{"allow":["GET"]}}],"collection":[{"href":"https:\/\/edus.gov.co\/en\/wp-json\/wp\/v2\/posts"}],"about":[{"href":"https:\/\/edus.gov.co\/en\/wp-json\/wp\/v2\/types\/post"}],"author":[{"embeddable":true,"href":"https:\/\/edus.gov.co\/en\/wp-json\/wp\/v2\/users\/17"}],"replies":[{"embeddable":true,"href":"https:\/\/edus.gov.co\/en\/wp-json\/wp\/v2\/comments?post=9864"}],"version-history":[{"count":4,"href":"https:\/\/edus.gov.co\/en\/wp-json\/wp\/v2\/posts\/9864\/revisions"}],"predecessor-version":[{"id":9868,"href":"https:\/\/edus.gov.co\/en\/wp-json\/wp\/v2\/posts\/9864\/revisions\/9868"}],"wp:featuredmedia":[{"embeddable":true,"href":"https:\/\/edus.gov.co\/en\/wp-json\/wp\/v2\/media\/8871"}],"wp:attachment":[{"href":"https:\/\/edus.gov.co\/en\/wp-json\/wp\/v2\/media?parent=9864"}],"wp:term":[{"taxonomy":"category","embeddable":true,"href":"https:\/\/edus.gov.co\/en\/wp-json\/wp\/v2\/categories?post=9864"},{"taxonomy":"post_tag","embeddable":true,"href":"https:\/\/edus.gov.co\/en\/wp-json\/wp\/v2\/tags?post=9864"}],"curies":[{"name":"wp","href":"https:\/\/api.w.org\/{rel}","templated":true}]}}