{"id":9846,"date":"2023-03-29T15:48:00","date_gmt":"2023-03-29T15:48:00","guid":{"rendered":"https:\/\/edus.gov.co\/?p=9846"},"modified":"2023-04-24T15:49:24","modified_gmt":"2023-04-24T15:49:24","slug":"construccion-de-la-via-principal-de-timayui-una-solucion-integral-para-20-mil-personas","status":"publish","type":"post","link":"https:\/\/edus.gov.co\/en\/construccion-de-la-via-principal-de-timayui-una-solucion-integral-para-20-mil-personas\/","title":{"rendered":"<strong>Construcci\u00f3n de la v\u00eda principal de Timayui, una soluci\u00f3n integral para 20 mil personas<\/strong>"},"content":{"rendered":"<div data-elementor-type=\"wp-post\" data-elementor-id=\"9846\" class=\"elementor elementor-9846\" data-elementor-post-type=\"post\">\n\t\t\t\t\t\t<section class=\"elementor-section elementor-top-section elementor-element elementor-element-687bb192 elementor-section-boxed elementor-section-height-default elementor-section-height-default\" data-id=\"687bb192\" data-element_type=\"section\">\n\t\t\t\t\t\t<div class=\"elementor-container elementor-column-gap-default\">\n\t\t\t\t\t<div class=\"elementor-column elementor-col-100 elementor-top-column elementor-element elementor-element-4f30bfab\" data-id=\"4f30bfab\" data-element_type=\"column\">\n\t\t\t<div class=\"elementor-widget-wrap elementor-element-populated\">\n\t\t\t\t\t\t<div class=\"elementor-element elementor-element-2330fad3 elementor-widget elementor-widget-text-editor\" data-id=\"2330fad3\" data-element_type=\"widget\" data-widget_type=\"text-editor.default\">\n\t\t\t\t<div class=\"elementor-widget-container\">\n\t\t\t\t\t\t\t\t\t<p style=\"font-weight: 400;\">La pavimentaci\u00f3n de la v\u00eda principal de Timayui hace parte del programa de transformaci\u00f3n de la malla vial impulsado por el gobierno que lidera la alcaldesa Virna Johnson, para convertir a Santa Marta en una ciudad m\u00e1s equitativa y que genera mejores condiciones de vida para todos, en especial en los sectores m\u00e1s vulnerables, generando empleo y progreso.\u00a0<\/p><p style=\"font-weight: 400;\">Esta v\u00eda es una obra que conecta al barrio Timayui, con los barrios Alpes A y B, cumpliendo un sue\u00f1o para los moradores que ven con optimismo el avance de los trabajos de pavimentaci\u00f3n.\u00a0<\/p><p style=\"font-weight: 400;\">La construcci\u00f3n de esta v\u00eda beneficiar\u00e1 a 20 mil personas, cuyos trabajos comprenden la calle 26F2 entre manzanas R y Q, en donde ya se visiona otro panorama, dejando en el pasado la trocha intransitable en \u00e9pocas de invierno.\u00a0<\/p><p style=\"font-weight: 400;\">Ya se empieza a deslumbrar lo que ser\u00e1 esta importante arteria vial que contar\u00e1 con 9.860 m2 de pavimento que mejoran el tr\u00e1fico de veh\u00edculos particulares y p\u00fablicos, especialmente el transporte de busetas, las cuales ya podr\u00e1n prestar el servicio de rutas sin contratiempos.\u00a0<\/p><p style=\"font-weight: 400;\"><strong>UNA OBRA INTEGRAL PARA LA COMUNIDAD\u00a0<\/strong><\/p><p style=\"font-weight: 400;\">La v\u00eda principal de Timayu\u00ed es una obra integral que tambi\u00e9n pondr\u00e1 fin a los anegamientos de aguas lluvias en temporada invernal y derramamiento de aguas negras con el mejoramiento de la red de alcantarillado y acueducto.\u00a0<\/p><p style=\"font-weight: 400;\">Para ello, est\u00e1 contemplada la instalaci\u00f3n de 2.121 metros lineales de tuber\u00eda de acueducto y 2.447 metros lineales en tuber\u00eda de alcantarillado que optimizar\u00e1n el servicio tanto en el suministro de agua potable, como en la evacuaci\u00f3n de aguas servidas de las viviendas de este sector.\u00a0<\/p><p style=\"font-weight: 400;\">A lo anterior se le suma la recuperaci\u00f3n de 2.834 m2 de espacio p\u00fablico con andenes y bordillos que facilitar\u00e1n a movilidad de los peatones, en especial para personas con movilidad reducida.\u00a0<\/p><p style=\"font-weight: 400;\"><strong>\u00a0<\/strong><strong style=\"font-style: inherit;\">AVANCE DE LA OBRA\u00a0<\/strong><\/p><p style=\"font-weight: 400;\">Los trabajos avanzan de acuerdo con los cronogramas establecidos en un 59%, con la instalaci\u00f3n de 4.210 m2 de pavimento y 1.588 metros lineales de tuber\u00eda de alcantarillado, manholes y registros sanitarios.\u00a0<\/p><p style=\"font-weight: 400;\">\u201cEsta v\u00eda hace parte del desarrollo de la zona oriental de\u00a0<\/p>\t\t\t\t\t\t\t\t<\/div>\n\t\t\t\t<\/div>\n\t\t\t\t\t<\/div>\n\t\t<\/div>\n\t\t\t\t\t<\/div>\n\t\t<\/section>\n\t\t\t\t<section class=\"elementor-section elementor-top-section elementor-element elementor-element-c0d47f5 elementor-section-full_width elementor-section-stretched elementor-section-height-default elementor-section-height-default\" data-id=\"c0d47f5\" data-element_type=\"section\" data-settings=\"{&quot;stretch_section&quot;:&quot;section-stretched&quot;}\">\n\t\t\t\t\t\t\t<div class=\"elementor-background-overlay\"><\/div>\n\t\t\t\t\t\t\t<div class=\"elementor-container elementor-column-gap-default\">\n\t\t\t\t\t<div class=\"elementor-column elementor-col-100 elementor-top-column elementor-element elementor-element-b3f40b9\" data-id=\"b3f40b9\" data-element_type=\"column\">\n\t\t\t<div class=\"elementor-widget-wrap elementor-element-populated\">\n\t\t\t\t\t\t<div class=\"elementor-element elementor-element-939a1e2 elementor-widget elementor-widget-heading\" data-id=\"939a1e2\" data-element_type=\"widget\" data-widget_type=\"heading.default\">\n\t\t\t\t<div class=\"elementor-widget-container\">\n\t\t\t\t\t<h3 class=\"elementor-heading-title elementor-size-default\">\u00daltimas Noticias<\/h3>\t\t\t\t<\/div>\n\t\t\t\t<\/div>\n\t\t\t\t\t<\/div>\n\t\t<\/div>\n\t\t\t\t\t<\/div>\n\t\t<\/section>\n\t\t\t\t<\/div>","protected":false},"excerpt":{"rendered":"<p>La pavimentaci\u00f3n de la v\u00eda principal de Timayui hace parte del programa de transformaci\u00f3n de la malla vial impulsado por el gobierno que lidera la alcaldesa Virna Johnson, para convertir a Santa Marta en una ciudad m\u00e1s equitativa y que genera mejores condiciones de vida para todos, en especial en los sectores m\u00e1s vulnerables, generando [&hellip;]<\/p>","protected":false},"author":17,"featured_media":9847,"comment_status":"closed","ping_status":"closed","sticky":false,"template":"","format":"standard","meta":{"site-sidebar-layout":"default","site-content-layout":"","ast-site-content-layout":"default","site-content-style":"default","site-sidebar-style":"default","ast-global-header-display":"","ast-banner-title-visibility":"","ast-main-header-display":"","ast-hfb-above-header-display":"","ast-hfb-below-header-display":"","ast-hfb-mobile-header-display":"","site-post-title":"","ast-breadcrumbs-content":"","ast-featured-img":"","footer-sml-layout":"","ast-disable-related-posts":"","theme-transparent-header-meta":"","adv-header-id-meta":"","stick-header-meta":"","header-above-stick-meta":"","header-main-stick-meta":"","header-below-stick-meta":"","astra-migrate-meta-layouts":"default","ast-page-background-enabled":"default","ast-page-background-meta":{"desktop":{"background-color":"var(--ast-global-color-4)","background-image":"","background-repeat":"repeat","background-position":"center center","background-size":"auto","background-attachment":"scroll","background-type":"","background-media":"","overlay-type":"","overlay-color":"","overlay-opacity":"","overlay-gradient":""},"tablet":{"background-color":"","background-image":"","background-repeat":"repeat","background-position":"center center","background-size":"auto","background-attachment":"scroll","background-type":"","background-media":"","overlay-type":"","overlay-color":"","overlay-opacity":"","overlay-gradient":""},"mobile":{"background-color":"","background-image":"","background-repeat":"repeat","background-position":"center center","background-size":"auto","background-attachment":"scroll","background-type":"","background-media":"","overlay-type":"","overlay-color":"","overlay-opacity":"","overlay-gradient":""}},"ast-content-background-meta":{"desktop":{"background-color":"var(--ast-global-color-5)","background-image":"","background-repeat":"repeat","background-position":"center center","background-size":"auto","background-attachment":"scroll","background-type":"","background-media":"","overlay-type":"","overlay-color":"","overlay-opacity":"","overlay-gradient":""},"tablet":{"background-color":"var(--ast-global-color-5)","background-image":"","background-repeat":"repeat","background-position":"center center","background-size":"auto","background-attachment":"scroll","background-type":"","background-media":"","overlay-type":"","overlay-color":"","overlay-opacity":"","overlay-gradient":""},"mobile":{"background-color":"var(--ast-global-color-5)","background-image":"","background-repeat":"repeat","background-position":"center center","background-size":"auto","background-attachment":"scroll","background-type":"","background-media":"","overlay-type":"","overlay-color":"","overlay-opacity":"","overlay-gradient":""}},"footnotes":""},"categories":[53],"tags":[],"class_list":["post-9846","post","type-post","status-publish","format-standard","has-post-thumbnail","hentry","category-ultimas-noticias"],"_links":{"self":[{"href":"https:\/\/edus.gov.co\/en\/wp-json\/wp\/v2\/posts\/9846","targetHints":{"allow":["GET"]}}],"collection":[{"href":"https:\/\/edus.gov.co\/en\/wp-json\/wp\/v2\/posts"}],"about":[{"href":"https:\/\/edus.gov.co\/en\/wp-json\/wp\/v2\/types\/post"}],"author":[{"embeddable":true,"href":"https:\/\/edus.gov.co\/en\/wp-json\/wp\/v2\/users\/17"}],"replies":[{"embeddable":true,"href":"https:\/\/edus.gov.co\/en\/wp-json\/wp\/v2\/comments?post=9846"}],"version-history":[{"count":4,"href":"https:\/\/edus.gov.co\/en\/wp-json\/wp\/v2\/posts\/9846\/revisions"}],"predecessor-version":[{"id":9851,"href":"https:\/\/edus.gov.co\/en\/wp-json\/wp\/v2\/posts\/9846\/revisions\/9851"}],"wp:featuredmedia":[{"embeddable":true,"href":"https:\/\/edus.gov.co\/en\/wp-json\/wp\/v2\/media\/9847"}],"wp:attachment":[{"href":"https:\/\/edus.gov.co\/en\/wp-json\/wp\/v2\/media?parent=9846"}],"wp:term":[{"taxonomy":"category","embeddable":true,"href":"https:\/\/edus.gov.co\/en\/wp-json\/wp\/v2\/categories?post=9846"},{"taxonomy":"post_tag","embeddable":true,"href":"https:\/\/edus.gov.co\/en\/wp-json\/wp\/v2\/tags?post=9846"}],"curies":[{"name":"wp","href":"https:\/\/api.w.org\/{rel}","templated":true}]}}