{"id":9816,"date":"2023-03-05T15:22:00","date_gmt":"2023-03-05T15:22:00","guid":{"rendered":"https:\/\/edus.gov.co\/?p=9816"},"modified":"2023-04-24T15:24:36","modified_gmt":"2023-04-24T15:24:36","slug":"alcaldesa-inicia-obra-mi-calle-en-santa-fe","status":"publish","type":"post","link":"https:\/\/edus.gov.co\/en\/alcaldesa-inicia-obra-mi-calle-en-santa-fe\/","title":{"rendered":"<strong>Alcaldesa inicia obra Mi Calle en Santa Fe<\/strong>"},"content":{"rendered":"<div data-elementor-type=\"wp-post\" data-elementor-id=\"9816\" class=\"elementor elementor-9816\" data-elementor-post-type=\"post\">\n\t\t\t\t\t\t<section class=\"elementor-section elementor-top-section elementor-element elementor-element-687bb192 elementor-section-boxed elementor-section-height-default elementor-section-height-default\" data-id=\"687bb192\" data-element_type=\"section\">\n\t\t\t\t\t\t<div class=\"elementor-container elementor-column-gap-default\">\n\t\t\t\t\t<div class=\"elementor-column elementor-col-100 elementor-top-column elementor-element elementor-element-4f30bfab\" data-id=\"4f30bfab\" data-element_type=\"column\">\n\t\t\t<div class=\"elementor-widget-wrap elementor-element-populated\">\n\t\t\t\t\t\t<div class=\"elementor-element elementor-element-2330fad3 elementor-widget elementor-widget-text-editor\" data-id=\"2330fad3\" data-element_type=\"widget\" data-widget_type=\"text-editor.default\">\n\t\t\t\t<div class=\"elementor-widget-container\">\n\t\t\t\t\t\t\t\t\t<p style=\"font-weight: 400;\">La alcaldesa Virna Johnson dio inicio a la obra de Mi Calle en el barrio Santa Fe,\u00a0\u00a0que lo convierte en el tercer tramo que se interviene 2023.\u00a0<\/p><p style=\"font-weight: 400;\">La ejecuci\u00f3n de este proyecto comprende la construcci\u00f3n en pavimento r\u00edgido de 580 m2 de v\u00eda, 202 m2 de espacio p\u00fablico, 230 metros lineales de tuber\u00eda de acueducto y 202 metros lineales de tuber\u00eda de alcantarillado.\u00a0<\/p><p style=\"font-weight: 400;\">El programa beneficiar\u00e1 a m\u00e1s de 2 mil habitantes de la zona aleda\u00f1a al tramo de la calle 16 entre carreras 39 y 43. Esta v\u00eda empalmar\u00e1 con la calle pavimentada que la alcaldesa Virna Johnson entreg\u00f3 hace pocos d\u00edas en el barrio Miguel Pinedo y que beneficia igualmente a los sectores de La Estrella, Pantano, Santa Luc\u00eda, San Salvador, entre otros.\u00a0<\/p><p style=\"font-weight: 400;\">\u201cCada vez que lleg\u00f3 a un barrio de la ciudad entregar estas noticias me emociono, porque Mi Calle es la esencia de los Gobiernos\u00a0\u00a0del cambio que benefician a las familias y que cohesiona la comunidad, mejorando\u00a0\u00a0las condiciones vida de sus residentes\u201d, expres\u00f3 la alcaldesa Virna Johnson.\u00a0<\/p><p style=\"font-weight: 400;\">Por su parte, la comunidad se encuentra muy contenta, porque al fin podr\u00e1 ver realizado su sue\u00f1o de contar con una calle transformada que dignifica la vida de los hogares de este barrio, que tiene m\u00e1s de 35 a\u00f1os de fundado.\u00a0<\/p><p style=\"font-weight: 400;\">\u201cEs bastante gratificante poder contar pr\u00f3ximamente con una calle pavimentada, porque va a minimizar el impacto que hacen las aguas lluvias en las viviendas\u201d, se\u00f1al\u00f3 Maribel Mora, presidenta del Comit\u00e9 de Obra de Santa Fe.\u00a0<\/p><p style=\"font-weight: 400;\">Es de recordar que Mi Calle es uno de los programas bandera de los Gobiernos del Cambio, que dignifica los barrios de Santa Marta, visionado e iniciado durante la administraci\u00f3n de Carlos Caicedo, la contin\u00fao Rafael Mart\u00ednez y sigue imparable con Virna Johnson, convirti\u00e9ndose esta en la s\u00e9ptima obra que se inicia desde que se retom\u00f3 el programa que busca mejorar la calidad de vida de los samario.\u00a0<\/p><p style=\"font-weight: 400;\">El cambio en Santa Marta sigue imparable con el mejoramiento de las v\u00edas, la movilidad y la recuperaci\u00f3n de los espacios p\u00fablicos.\u00a0<\/p>\t\t\t\t\t\t\t\t<\/div>\n\t\t\t\t<\/div>\n\t\t\t\t\t<\/div>\n\t\t<\/div>\n\t\t\t\t\t<\/div>\n\t\t<\/section>\n\t\t\t\t<section class=\"elementor-section elementor-top-section elementor-element elementor-element-c0d47f5 elementor-section-full_width elementor-section-stretched elementor-section-height-default elementor-section-height-default\" data-id=\"c0d47f5\" data-element_type=\"section\" data-settings=\"{&quot;stretch_section&quot;:&quot;section-stretched&quot;}\">\n\t\t\t\t\t\t\t<div class=\"elementor-background-overlay\"><\/div>\n\t\t\t\t\t\t\t<div class=\"elementor-container elementor-column-gap-default\">\n\t\t\t\t\t<div class=\"elementor-column elementor-col-100 elementor-top-column elementor-element elementor-element-b3f40b9\" data-id=\"b3f40b9\" data-element_type=\"column\">\n\t\t\t<div class=\"elementor-widget-wrap elementor-element-populated\">\n\t\t\t\t\t\t<div class=\"elementor-element elementor-element-939a1e2 elementor-widget elementor-widget-heading\" data-id=\"939a1e2\" data-element_type=\"widget\" data-widget_type=\"heading.default\">\n\t\t\t\t<div class=\"elementor-widget-container\">\n\t\t\t\t\t<h3 class=\"elementor-heading-title elementor-size-default\">\u00daltimas Noticias<\/h3>\t\t\t\t<\/div>\n\t\t\t\t<\/div>\n\t\t\t\t\t<\/div>\n\t\t<\/div>\n\t\t\t\t\t<\/div>\n\t\t<\/section>\n\t\t\t\t<\/div>","protected":false},"excerpt":{"rendered":"<p>La alcaldesa Virna Johnson dio inicio a la obra de Mi Calle en el barrio Santa Fe,\u00a0\u00a0que lo convierte en el tercer tramo que se interviene 2023.\u00a0 La ejecuci\u00f3n de este proyecto comprende la construcci\u00f3n en pavimento r\u00edgido de 580 m2 de v\u00eda, 202 m2 de espacio p\u00fablico, 230 metros lineales de tuber\u00eda de acueducto [&hellip;]<\/p>","protected":false},"author":17,"featured_media":9817,"comment_status":"closed","ping_status":"closed","sticky":false,"template":"","format":"standard","meta":{"site-sidebar-layout":"default","site-content-layout":"","ast-site-content-layout":"default","site-content-style":"default","site-sidebar-style":"default","ast-global-header-display":"","ast-banner-title-visibility":"","ast-main-header-display":"","ast-hfb-above-header-display":"","ast-hfb-below-header-display":"","ast-hfb-mobile-header-display":"","site-post-title":"","ast-breadcrumbs-content":"","ast-featured-img":"","footer-sml-layout":"","ast-disable-related-posts":"","theme-transparent-header-meta":"","adv-header-id-meta":"","stick-header-meta":"","header-above-stick-meta":"","header-main-stick-meta":"","header-below-stick-meta":"","astra-migrate-meta-layouts":"default","ast-page-background-enabled":"default","ast-page-background-meta":{"desktop":{"background-color":"var(--ast-global-color-4)","background-image":"","background-repeat":"repeat","background-position":"center center","background-size":"auto","background-attachment":"scroll","background-type":"","background-media":"","overlay-type":"","overlay-color":"","overlay-opacity":"","overlay-gradient":""},"tablet":{"background-color":"","background-image":"","background-repeat":"repeat","background-position":"center center","background-size":"auto","background-attachment":"scroll","background-type":"","background-media":"","overlay-type":"","overlay-color":"","overlay-opacity":"","overlay-gradient":""},"mobile":{"background-color":"","background-image":"","background-repeat":"repeat","background-position":"center center","background-size":"auto","background-attachment":"scroll","background-type":"","background-media":"","overlay-type":"","overlay-color":"","overlay-opacity":"","overlay-gradient":""}},"ast-content-background-meta":{"desktop":{"background-color":"var(--ast-global-color-5)","background-image":"","background-repeat":"repeat","background-position":"center center","background-size":"auto","background-attachment":"scroll","background-type":"","background-media":"","overlay-type":"","overlay-color":"","overlay-opacity":"","overlay-gradient":""},"tablet":{"background-color":"var(--ast-global-color-5)","background-image":"","background-repeat":"repeat","background-position":"center center","background-size":"auto","background-attachment":"scroll","background-type":"","background-media":"","overlay-type":"","overlay-color":"","overlay-opacity":"","overlay-gradient":""},"mobile":{"background-color":"var(--ast-global-color-5)","background-image":"","background-repeat":"repeat","background-position":"center center","background-size":"auto","background-attachment":"scroll","background-type":"","background-media":"","overlay-type":"","overlay-color":"","overlay-opacity":"","overlay-gradient":""}},"footnotes":""},"categories":[53],"tags":[],"class_list":["post-9816","post","type-post","status-publish","format-standard","has-post-thumbnail","hentry","category-ultimas-noticias"],"_links":{"self":[{"href":"https:\/\/edus.gov.co\/en\/wp-json\/wp\/v2\/posts\/9816","targetHints":{"allow":["GET"]}}],"collection":[{"href":"https:\/\/edus.gov.co\/en\/wp-json\/wp\/v2\/posts"}],"about":[{"href":"https:\/\/edus.gov.co\/en\/wp-json\/wp\/v2\/types\/post"}],"author":[{"embeddable":true,"href":"https:\/\/edus.gov.co\/en\/wp-json\/wp\/v2\/users\/17"}],"replies":[{"embeddable":true,"href":"https:\/\/edus.gov.co\/en\/wp-json\/wp\/v2\/comments?post=9816"}],"version-history":[{"count":4,"href":"https:\/\/edus.gov.co\/en\/wp-json\/wp\/v2\/posts\/9816\/revisions"}],"predecessor-version":[{"id":9821,"href":"https:\/\/edus.gov.co\/en\/wp-json\/wp\/v2\/posts\/9816\/revisions\/9821"}],"wp:featuredmedia":[{"embeddable":true,"href":"https:\/\/edus.gov.co\/en\/wp-json\/wp\/v2\/media\/9817"}],"wp:attachment":[{"href":"https:\/\/edus.gov.co\/en\/wp-json\/wp\/v2\/media?parent=9816"}],"wp:term":[{"taxonomy":"category","embeddable":true,"href":"https:\/\/edus.gov.co\/en\/wp-json\/wp\/v2\/categories?post=9816"},{"taxonomy":"post_tag","embeddable":true,"href":"https:\/\/edus.gov.co\/en\/wp-json\/wp\/v2\/tags?post=9816"}],"curies":[{"name":"wp","href":"https:\/\/api.w.org\/{rel}","templated":true}]}}