{"id":9797,"date":"2023-02-21T14:59:00","date_gmt":"2023-02-21T14:59:00","guid":{"rendered":"https:\/\/edus.gov.co\/?p=9797"},"modified":"2023-04-24T15:02:52","modified_gmt":"2023-04-24T15:02:52","slug":"duchas-del-camellon-de-la-bahia-funcionan-con-normalidad-para-el-servicio-de-turistas","status":"publish","type":"post","link":"https:\/\/edus.gov.co\/en\/duchas-del-camellon-de-la-bahia-funcionan-con-normalidad-para-el-servicio-de-turistas\/","title":{"rendered":"\u00a0<strong>Duchas del Camell\u00f3n de la Bah\u00eda funcionan con normalidad para el servicio de turistas\u00a0<\/strong>\u00a0"},"content":{"rendered":"<div data-elementor-type=\"wp-post\" data-elementor-id=\"9797\" class=\"elementor elementor-9797\" data-elementor-post-type=\"post\">\n\t\t\t\t\t\t<section class=\"elementor-section elementor-top-section elementor-element elementor-element-687bb192 elementor-section-boxed elementor-section-height-default elementor-section-height-default\" data-id=\"687bb192\" data-element_type=\"section\">\n\t\t\t\t\t\t<div class=\"elementor-container elementor-column-gap-default\">\n\t\t\t\t\t<div class=\"elementor-column elementor-col-100 elementor-top-column elementor-element elementor-element-4f30bfab\" data-id=\"4f30bfab\" data-element_type=\"column\">\n\t\t\t<div class=\"elementor-widget-wrap elementor-element-populated\">\n\t\t\t\t\t\t<div class=\"elementor-element elementor-element-2330fad3 elementor-widget elementor-widget-text-editor\" data-id=\"2330fad3\" data-element_type=\"widget\" data-widget_type=\"text-editor.default\">\n\t\t\t\t<div class=\"elementor-widget-container\">\n\t\t\t\t\t\t\t\t\t<p style=\"font-weight: 400;\">Con el fin de brindar una mejor atenci\u00f3n en el Camell\u00f3n de la Bah\u00eda para propios y visitantes, se encuentran funcionando en \u00f3ptimas condiciones tres duchas p\u00fablicas que fueron instaladas en la hermosa obra de infraestructura que engalana el paisaje de la \u2018Perla de Am\u00e9rica\u2019.\u00a0<\/p><p style=\"font-weight: 400;\">Con estas duchas, la Alcald\u00eda Distrital cumple con los requerimientos y necesidades de los ba\u00f1istas y se suman a los ba\u00f1os que se encuentran instalados en zonas estrat\u00e9gicas a lo largo del Camell\u00f3n.\u00a0<\/p><p style=\"font-weight: 400;\">\u201cLas duchas se articulan al avance del mejoramiento de los espacios tur\u00edsticos de Santa Marta, y que se encuentran enmarcados en los proyectos de transformaci\u00f3n del Distrito con el fin de brindar una mejor estancia a los turistas que toman por destino a la Bah\u00eda m\u00e1s linda de Am\u00e9rica\u201d, indic\u00f3 Diela Garc\u00e9s Espitia, gerente (e) de la Empresa de Desarrollo y Renovaci\u00f3n Urbano Sostenible. EDUS.\u00a0<\/p><p style=\"font-weight: 400;\">Es de destacar, que para su operaci\u00f3n y buen uso, las duchas tendr\u00e1n personas para su cuidado, de esta manera los ba\u00f1istas podr\u00e1n tener\u00a0un mejor servicio, convirti\u00e9ndose en un plus que se suma a otros servicios de calidad que ofrece el Camell\u00f3n de la Bah\u00eda para los visitantes.\u00a0<\/p><p style=\"font-weight: 400;\">Del mismo modo, se encuentran funcionando con completa normalidad las cuatro zonas de ba\u00f1os p\u00fablicos que cuentan con la dotaci\u00f3n completa y un sistema de conexi\u00f3n a las redes h\u00famedas con\u00a0disponibilidad para hombres, mujeres y personas en situaci\u00f3n de discapacidad puedan acceder con facilidad.\u00a0<\/p><p style=\"font-weight: 400;\">Con el Camell\u00f3n de la Bah\u00eda y su equipamiento se demuestran los trabajos que adelanta el Gobierno del Cambio para el posicionamiento de Santa Marta como destino tur\u00edstico de calidad.\u00a0<\/p>\t\t\t\t\t\t\t\t<\/div>\n\t\t\t\t<\/div>\n\t\t\t\t\t<\/div>\n\t\t<\/div>\n\t\t\t\t\t<\/div>\n\t\t<\/section>\n\t\t\t\t<section class=\"elementor-section elementor-top-section elementor-element elementor-element-c0d47f5 elementor-section-full_width elementor-section-stretched elementor-section-height-default elementor-section-height-default\" data-id=\"c0d47f5\" data-element_type=\"section\" data-settings=\"{&quot;stretch_section&quot;:&quot;section-stretched&quot;}\">\n\t\t\t\t\t\t\t<div class=\"elementor-background-overlay\"><\/div>\n\t\t\t\t\t\t\t<div class=\"elementor-container elementor-column-gap-default\">\n\t\t\t\t\t<div class=\"elementor-column elementor-col-100 elementor-top-column elementor-element elementor-element-b3f40b9\" data-id=\"b3f40b9\" data-element_type=\"column\">\n\t\t\t<div class=\"elementor-widget-wrap elementor-element-populated\">\n\t\t\t\t\t\t<div class=\"elementor-element elementor-element-939a1e2 elementor-widget elementor-widget-heading\" data-id=\"939a1e2\" data-element_type=\"widget\" data-widget_type=\"heading.default\">\n\t\t\t\t<div class=\"elementor-widget-container\">\n\t\t\t\t\t<h3 class=\"elementor-heading-title elementor-size-default\">\u00daltimas Noticias<\/h3>\t\t\t\t<\/div>\n\t\t\t\t<\/div>\n\t\t\t\t\t<\/div>\n\t\t<\/div>\n\t\t\t\t\t<\/div>\n\t\t<\/section>\n\t\t\t\t<\/div>","protected":false},"excerpt":{"rendered":"<p>Con el fin de brindar una mejor atenci\u00f3n en el Camell\u00f3n de la Bah\u00eda para propios y visitantes, se encuentran funcionando en \u00f3ptimas condiciones tres duchas p\u00fablicas que fueron instaladas en la hermosa obra de infraestructura que engalana el paisaje de la \u2018Perla de Am\u00e9rica\u2019.\u00a0 Con estas duchas, la Alcald\u00eda Distrital cumple con los requerimientos [&hellip;]<\/p>","protected":false},"author":17,"featured_media":9798,"comment_status":"closed","ping_status":"closed","sticky":false,"template":"","format":"standard","meta":{"site-sidebar-layout":"default","site-content-layout":"","ast-site-content-layout":"default","site-content-style":"default","site-sidebar-style":"default","ast-global-header-display":"","ast-banner-title-visibility":"","ast-main-header-display":"","ast-hfb-above-header-display":"","ast-hfb-below-header-display":"","ast-hfb-mobile-header-display":"","site-post-title":"","ast-breadcrumbs-content":"","ast-featured-img":"","footer-sml-layout":"","ast-disable-related-posts":"","theme-transparent-header-meta":"","adv-header-id-meta":"","stick-header-meta":"","header-above-stick-meta":"","header-main-stick-meta":"","header-below-stick-meta":"","astra-migrate-meta-layouts":"default","ast-page-background-enabled":"default","ast-page-background-meta":{"desktop":{"background-color":"var(--ast-global-color-4)","background-image":"","background-repeat":"repeat","background-position":"center center","background-size":"auto","background-attachment":"scroll","background-type":"","background-media":"","overlay-type":"","overlay-color":"","overlay-opacity":"","overlay-gradient":""},"tablet":{"background-color":"","background-image":"","background-repeat":"repeat","background-position":"center center","background-size":"auto","background-attachment":"scroll","background-type":"","background-media":"","overlay-type":"","overlay-color":"","overlay-opacity":"","overlay-gradient":""},"mobile":{"background-color":"","background-image":"","background-repeat":"repeat","background-position":"center center","background-size":"auto","background-attachment":"scroll","background-type":"","background-media":"","overlay-type":"","overlay-color":"","overlay-opacity":"","overlay-gradient":""}},"ast-content-background-meta":{"desktop":{"background-color":"var(--ast-global-color-5)","background-image":"","background-repeat":"repeat","background-position":"center center","background-size":"auto","background-attachment":"scroll","background-type":"","background-media":"","overlay-type":"","overlay-color":"","overlay-opacity":"","overlay-gradient":""},"tablet":{"background-color":"var(--ast-global-color-5)","background-image":"","background-repeat":"repeat","background-position":"center center","background-size":"auto","background-attachment":"scroll","background-type":"","background-media":"","overlay-type":"","overlay-color":"","overlay-opacity":"","overlay-gradient":""},"mobile":{"background-color":"var(--ast-global-color-5)","background-image":"","background-repeat":"repeat","background-position":"center center","background-size":"auto","background-attachment":"scroll","background-type":"","background-media":"","overlay-type":"","overlay-color":"","overlay-opacity":"","overlay-gradient":""}},"footnotes":""},"categories":[53],"tags":[],"class_list":["post-9797","post","type-post","status-publish","format-standard","has-post-thumbnail","hentry","category-ultimas-noticias"],"_links":{"self":[{"href":"https:\/\/edus.gov.co\/en\/wp-json\/wp\/v2\/posts\/9797","targetHints":{"allow":["GET"]}}],"collection":[{"href":"https:\/\/edus.gov.co\/en\/wp-json\/wp\/v2\/posts"}],"about":[{"href":"https:\/\/edus.gov.co\/en\/wp-json\/wp\/v2\/types\/post"}],"author":[{"embeddable":true,"href":"https:\/\/edus.gov.co\/en\/wp-json\/wp\/v2\/users\/17"}],"replies":[{"embeddable":true,"href":"https:\/\/edus.gov.co\/en\/wp-json\/wp\/v2\/comments?post=9797"}],"version-history":[{"count":4,"href":"https:\/\/edus.gov.co\/en\/wp-json\/wp\/v2\/posts\/9797\/revisions"}],"predecessor-version":[{"id":9803,"href":"https:\/\/edus.gov.co\/en\/wp-json\/wp\/v2\/posts\/9797\/revisions\/9803"}],"wp:featuredmedia":[{"embeddable":true,"href":"https:\/\/edus.gov.co\/en\/wp-json\/wp\/v2\/media\/9798"}],"wp:attachment":[{"href":"https:\/\/edus.gov.co\/en\/wp-json\/wp\/v2\/media?parent=9797"}],"wp:term":[{"taxonomy":"category","embeddable":true,"href":"https:\/\/edus.gov.co\/en\/wp-json\/wp\/v2\/categories?post=9797"},{"taxonomy":"post_tag","embeddable":true,"href":"https:\/\/edus.gov.co\/en\/wp-json\/wp\/v2\/tags?post=9797"}],"curies":[{"name":"wp","href":"https:\/\/api.w.org\/{rel}","templated":true}]}}