{"id":9755,"date":"2023-02-01T20:27:00","date_gmt":"2023-02-01T20:27:00","guid":{"rendered":"https:\/\/edus.gov.co\/?p=9755"},"modified":"2023-03-27T20:28:58","modified_gmt":"2023-03-27T20:28:58","slug":"programa-mi-calle-sigue-imparable-con-pavimentacion-de-via-en-el-barrio-la-florida","status":"publish","type":"post","link":"https:\/\/edus.gov.co\/en\/programa-mi-calle-sigue-imparable-con-pavimentacion-de-via-en-el-barrio-la-florida\/","title":{"rendered":"\u00a0<strong>Programa Mi Calle sigue imparable con pavimentaci\u00f3n de v\u00eda en el barrio La Florida<\/strong>\u00a0"},"content":{"rendered":"<div data-elementor-type=\"wp-post\" data-elementor-id=\"9755\" class=\"elementor elementor-9755\" data-elementor-post-type=\"post\">\n\t\t\t\t\t\t<section class=\"elementor-section elementor-top-section elementor-element elementor-element-687bb192 elementor-section-boxed elementor-section-height-default elementor-section-height-default\" data-id=\"687bb192\" data-element_type=\"section\">\n\t\t\t\t\t\t<div class=\"elementor-container elementor-column-gap-default\">\n\t\t\t\t\t<div class=\"elementor-column elementor-col-100 elementor-top-column elementor-element elementor-element-4f30bfab\" data-id=\"4f30bfab\" data-element_type=\"column\">\n\t\t\t<div class=\"elementor-widget-wrap elementor-element-populated\">\n\t\t\t\t\t\t<div class=\"elementor-element elementor-element-2330fad3 elementor-widget elementor-widget-text-editor\" data-id=\"2330fad3\" data-element_type=\"widget\" data-widget_type=\"text-editor.default\">\n\t\t\t\t<div class=\"elementor-widget-container\">\n\t\t\t\t\t\t\t\t\t<p>Termin\u00f3 la espera de m\u00e1s de 4 d\u00e9cadas para los habitantes de la carrera 34 entre calles 23 y 24, en el barrio La Florida, quienes gracias a Mi Calle, uno de los programas bandera de los Gobiernos del Cambio, cumplir\u00e1n ese anhelo de tener su v\u00eda pavimentada.\u00a0<\/p>\n<p>La alcaldesa Virna Johnson lider\u00f3 el acto de inicio de esta obra, que contempla la construcci\u00f3n de 713 m2 de v\u00eda en pavimento r\u00edgido, la recuperaci\u00f3n de 207 m2 de espacio p\u00fablico y la reposici\u00f3n de 105 metros lineales de tuber\u00eda de acueducto y de alcantarillado. \u00a0<\/p>\n<p>\u201cEste programa naci\u00f3 cuando el doctor Carlos Caicedo era el alcalde de la ciudad\u00a0\u00a0y lo vision\u00f3 porque precisamente hab\u00eda la necesidad de pavimentar las calles de los barrios, pero tambi\u00e9n por la importancia que genera que la comunidad se auto organice alrededor de obras que entre todos identifican como las m\u00e1s importantes para el sector\u201d, dijo la alcaldesa Virna Johnson. \u00a0<\/p>\n<p>Los trabajos estar\u00e1n a cargo de la Empresa de Desarrollo y Renovaci\u00f3n Urbano Sostenible de Santa Marta \u2013 EDUS, luego que esta calle fuera\u00a0\u00a0priorizada tras reunir los requisitos para que se pudieran llevar a cabo las acciones que hacen parte del programa de recuperaci\u00f3n y transformaci\u00f3n de la malla vial del Distrito. \u00a0<\/p>\n<p>Por su parte, la comunidad del sector manifest\u00f3 sentirse muy feliz con el inicio de la pavimentaci\u00f3n de su calle, que les permitir\u00e1 transitar por una v\u00eda m\u00e1s segura y en mejores condiciones. \u201cLa espera de 45 a\u00f1os acab\u00f3, es un sue\u00f1o hecho realidad, pues es la \u00fanica calle que faltaba por pavimentaci\u00f3n en este sector\u201d, manifest\u00f3 Luc\u00eda Moreno Pumarejo, integrante del Comit\u00e9 de Obra de La Florida. \u00a0<\/p>\n<p>La dignificaci\u00f3n de los barrios de Santa Marta es una misi\u00f3n fundamental de los Gobiernos del Cambio, con obras de gran impacto y beneficio para los habitantes de Santa Marta, por lo que la Administraci\u00f3n Distrital contin\u00faa de manera imparable, transformando v\u00edas y cambiando vidas. \u00a0<\/p>\t\t\t\t\t\t\t\t<\/div>\n\t\t\t\t<\/div>\n\t\t\t\t\t<\/div>\n\t\t<\/div>\n\t\t\t\t\t<\/div>\n\t\t<\/section>\n\t\t\t\t<section class=\"elementor-section elementor-top-section elementor-element elementor-element-c0d47f5 elementor-section-full_width elementor-section-stretched elementor-section-height-default elementor-section-height-default\" data-id=\"c0d47f5\" data-element_type=\"section\" data-settings=\"{&quot;stretch_section&quot;:&quot;section-stretched&quot;}\">\n\t\t\t\t\t\t\t<div class=\"elementor-background-overlay\"><\/div>\n\t\t\t\t\t\t\t<div class=\"elementor-container elementor-column-gap-default\">\n\t\t\t\t\t<div class=\"elementor-column elementor-col-100 elementor-top-column elementor-element elementor-element-b3f40b9\" data-id=\"b3f40b9\" data-element_type=\"column\">\n\t\t\t<div class=\"elementor-widget-wrap elementor-element-populated\">\n\t\t\t\t\t\t<div class=\"elementor-element elementor-element-939a1e2 elementor-widget elementor-widget-heading\" data-id=\"939a1e2\" data-element_type=\"widget\" data-widget_type=\"heading.default\">\n\t\t\t\t<div class=\"elementor-widget-container\">\n\t\t\t\t\t<h3 class=\"elementor-heading-title elementor-size-default\">\u00daltimas Noticias<\/h3>\t\t\t\t<\/div>\n\t\t\t\t<\/div>\n\t\t\t\t\t<\/div>\n\t\t<\/div>\n\t\t\t\t\t<\/div>\n\t\t<\/section>\n\t\t\t\t<\/div>","protected":false},"excerpt":{"rendered":"<p>Termin\u00f3 la espera de m\u00e1s de 4 d\u00e9cadas para los habitantes de la carrera 34 entre calles 23 y 24, en el barrio La Florida, quienes gracias a Mi Calle, uno de los programas bandera de los Gobiernos del Cambio, cumplir\u00e1n ese anhelo de tener su v\u00eda pavimentada.\u00a0 La alcaldesa Virna Johnson lider\u00f3 el acto [&hellip;]<\/p>","protected":false},"author":17,"featured_media":9756,"comment_status":"closed","ping_status":"closed","sticky":false,"template":"","format":"standard","meta":{"site-sidebar-layout":"default","site-content-layout":"","ast-site-content-layout":"default","site-content-style":"default","site-sidebar-style":"default","ast-global-header-display":"","ast-banner-title-visibility":"","ast-main-header-display":"","ast-hfb-above-header-display":"","ast-hfb-below-header-display":"","ast-hfb-mobile-header-display":"","site-post-title":"","ast-breadcrumbs-content":"","ast-featured-img":"","footer-sml-layout":"","ast-disable-related-posts":"","theme-transparent-header-meta":"","adv-header-id-meta":"","stick-header-meta":"","header-above-stick-meta":"","header-main-stick-meta":"","header-below-stick-meta":"","astra-migrate-meta-layouts":"default","ast-page-background-enabled":"default","ast-page-background-meta":{"desktop":{"background-color":"var(--ast-global-color-4)","background-image":"","background-repeat":"repeat","background-position":"center center","background-size":"auto","background-attachment":"scroll","background-type":"","background-media":"","overlay-type":"","overlay-color":"","overlay-opacity":"","overlay-gradient":""},"tablet":{"background-color":"","background-image":"","background-repeat":"repeat","background-position":"center center","background-size":"auto","background-attachment":"scroll","background-type":"","background-media":"","overlay-type":"","overlay-color":"","overlay-opacity":"","overlay-gradient":""},"mobile":{"background-color":"","background-image":"","background-repeat":"repeat","background-position":"center center","background-size":"auto","background-attachment":"scroll","background-type":"","background-media":"","overlay-type":"","overlay-color":"","overlay-opacity":"","overlay-gradient":""}},"ast-content-background-meta":{"desktop":{"background-color":"var(--ast-global-color-5)","background-image":"","background-repeat":"repeat","background-position":"center center","background-size":"auto","background-attachment":"scroll","background-type":"","background-media":"","overlay-type":"","overlay-color":"","overlay-opacity":"","overlay-gradient":""},"tablet":{"background-color":"var(--ast-global-color-5)","background-image":"","background-repeat":"repeat","background-position":"center center","background-size":"auto","background-attachment":"scroll","background-type":"","background-media":"","overlay-type":"","overlay-color":"","overlay-opacity":"","overlay-gradient":""},"mobile":{"background-color":"var(--ast-global-color-5)","background-image":"","background-repeat":"repeat","background-position":"center center","background-size":"auto","background-attachment":"scroll","background-type":"","background-media":"","overlay-type":"","overlay-color":"","overlay-opacity":"","overlay-gradient":""}},"footnotes":""},"categories":[53],"tags":[],"class_list":["post-9755","post","type-post","status-publish","format-standard","has-post-thumbnail","hentry","category-ultimas-noticias"],"_links":{"self":[{"href":"https:\/\/edus.gov.co\/en\/wp-json\/wp\/v2\/posts\/9755","targetHints":{"allow":["GET"]}}],"collection":[{"href":"https:\/\/edus.gov.co\/en\/wp-json\/wp\/v2\/posts"}],"about":[{"href":"https:\/\/edus.gov.co\/en\/wp-json\/wp\/v2\/types\/post"}],"author":[{"embeddable":true,"href":"https:\/\/edus.gov.co\/en\/wp-json\/wp\/v2\/users\/17"}],"replies":[{"embeddable":true,"href":"https:\/\/edus.gov.co\/en\/wp-json\/wp\/v2\/comments?post=9755"}],"version-history":[{"count":4,"href":"https:\/\/edus.gov.co\/en\/wp-json\/wp\/v2\/posts\/9755\/revisions"}],"predecessor-version":[{"id":9760,"href":"https:\/\/edus.gov.co\/en\/wp-json\/wp\/v2\/posts\/9755\/revisions\/9760"}],"wp:featuredmedia":[{"embeddable":true,"href":"https:\/\/edus.gov.co\/en\/wp-json\/wp\/v2\/media\/9756"}],"wp:attachment":[{"href":"https:\/\/edus.gov.co\/en\/wp-json\/wp\/v2\/media?parent=9755"}],"wp:term":[{"taxonomy":"category","embeddable":true,"href":"https:\/\/edus.gov.co\/en\/wp-json\/wp\/v2\/categories?post=9755"},{"taxonomy":"post_tag","embeddable":true,"href":"https:\/\/edus.gov.co\/en\/wp-json\/wp\/v2\/tags?post=9755"}],"curies":[{"name":"wp","href":"https:\/\/api.w.org\/{rel}","templated":true}]}}