{"id":9731,"date":"2023-02-08T14:51:00","date_gmt":"2023-02-08T14:51:00","guid":{"rendered":"https:\/\/edus.gov.co\/?p=9731"},"modified":"2023-03-27T14:53:12","modified_gmt":"2023-03-27T14:53:12","slug":"mi-calle-uno-de-los-programas-mas-queridos-por-los-samarios-llego-al-barrio-miguel-pinedo","status":"publish","type":"post","link":"https:\/\/edus.gov.co\/en\/mi-calle-uno-de-los-programas-mas-queridos-por-los-samarios-llego-al-barrio-miguel-pinedo\/","title":{"rendered":"<strong>Mi calle, uno de los programas m\u00e1s queridos por los samarios, lleg\u00f3 al barrio Miguel Pinedo\u00a0<\/strong>"},"content":{"rendered":"<div data-elementor-type=\"wp-post\" data-elementor-id=\"9731\" class=\"elementor elementor-9731\" data-elementor-post-type=\"post\">\n\t\t\t\t\t\t<section class=\"elementor-section elementor-top-section elementor-element elementor-element-687bb192 elementor-section-boxed elementor-section-height-default elementor-section-height-default\" data-id=\"687bb192\" data-element_type=\"section\">\n\t\t\t\t\t\t<div class=\"elementor-container elementor-column-gap-default\">\n\t\t\t\t\t<div class=\"elementor-column elementor-col-100 elementor-top-column elementor-element elementor-element-4f30bfab\" data-id=\"4f30bfab\" data-element_type=\"column\">\n\t\t\t<div class=\"elementor-widget-wrap elementor-element-populated\">\n\t\t\t\t\t\t<div class=\"elementor-element elementor-element-2330fad3 elementor-widget elementor-widget-text-editor\" data-id=\"2330fad3\" data-element_type=\"widget\" data-widget_type=\"text-editor.default\">\n\t\t\t\t<div class=\"elementor-widget-container\">\n\t\t\t\t\t\t\t\t\t<p>La transformaci\u00f3n vial en Santa Marta avanza de manera imparable con el programa Mi Calle, que en esta oportunidad beneficiar\u00e1 a los habitantes de un sector del barrio Miguel Pinedo, a donde la alcaldesa Virna Johnson dio inicio a los trabajos de pavimentaci\u00f3n de un tramo de la v\u00eda principal.\u00a0<\/p><p>Son m\u00e1s de 2.500 familias en este sector las que podr\u00e1n contar con 3.088\u00a0metros cuadrados de v\u00eda pavimentada en concreto r\u00edgido y 898 metros cuadrados de andenes. As\u00ed mismo se realizar\u00e1 reposici\u00f3n de 1.081 metros lineales de tuber\u00eda de acueducto y 929 metros lineales de tuber\u00eda de alcantarillado.\u00a0<\/p><p>Esta nueva v\u00eda beneficiar\u00e1 adem\u00e1s a los habitantes de los barrios: La Estrella, La Florida, Ondas del Caribe, Cardonales, Santa Luc\u00eda, Tayrona, El Para\u00edso, Pantano, El Salvador y Santa Fe, entre otros, que contar\u00e1n con una ruta alterna para dirigirse hacia esos sectores.\u00a0<\/p><p>En el acto de inicio de la obra, la alcaldesa Virna Johnson mencion\u00f3 que Mi Calle es uno de los programas m\u00e1s queridos por los samarios, el cual, adem\u00e1s de mejorar las v\u00edas, contribuye con la cohesi\u00f3n de las comunidades y a fortalecer el tejido social en los barrios. \u00a0<\/p><p>\u201cEste es un programa que desde que naci\u00f3 ha sido exitoso, naci\u00f3 cuando el gobernador Carlos Caicedo era el alcalde de la ciudad y comenz\u00f3 a visionar que las diferentes comunidades pudieran solucionar todos los temas de pavimentaci\u00f3n en las calles que hac\u00eda mucho tiempo estaban olvidadas\u201d, manifest\u00f3 la mandataria distrital.\u00a0<\/p><p>Esta obra ser\u00e1 ejecutada a trav\u00e9s de la Empresa Distrital de Desarrollo y Renovaci\u00f3n Urbano Sostenible de Santa Marta, EDUS, en pro del mejoramiento de las v\u00edas de Santa Marta, la movilidad y la recuperaci\u00f3n de los espacios p\u00fablicos.\u00a0<\/p><p>Con el inicio de estos trabajos los gobiernos del Cambio ratifican su compromiso con la comunidad samaria; un programa que abander\u00f3 la administraci\u00f3n de Carlos Caicedo, lo continu\u00f3 en su gobierno Rafael Mart\u00ednez y hoy avanza con nuestra alcaldesa Virna Johnson mejorando la calidad de vida y dignificando los barrios de Santa Marta.\u00a0<\/p>\t\t\t\t\t\t\t\t<\/div>\n\t\t\t\t<\/div>\n\t\t\t\t\t<\/div>\n\t\t<\/div>\n\t\t\t\t\t<\/div>\n\t\t<\/section>\n\t\t\t\t<section class=\"elementor-section elementor-top-section elementor-element elementor-element-c0d47f5 elementor-section-full_width elementor-section-stretched elementor-section-height-default elementor-section-height-default\" data-id=\"c0d47f5\" data-element_type=\"section\" data-settings=\"{&quot;stretch_section&quot;:&quot;section-stretched&quot;}\">\n\t\t\t\t\t\t\t<div class=\"elementor-background-overlay\"><\/div>\n\t\t\t\t\t\t\t<div class=\"elementor-container elementor-column-gap-default\">\n\t\t\t\t\t<div class=\"elementor-column elementor-col-100 elementor-top-column elementor-element elementor-element-b3f40b9\" data-id=\"b3f40b9\" data-element_type=\"column\">\n\t\t\t<div class=\"elementor-widget-wrap elementor-element-populated\">\n\t\t\t\t\t\t<div class=\"elementor-element elementor-element-939a1e2 elementor-widget elementor-widget-heading\" data-id=\"939a1e2\" data-element_type=\"widget\" data-widget_type=\"heading.default\">\n\t\t\t\t<div class=\"elementor-widget-container\">\n\t\t\t\t\t<h3 class=\"elementor-heading-title elementor-size-default\">\u00daltimas Noticias<\/h3>\t\t\t\t<\/div>\n\t\t\t\t<\/div>\n\t\t\t\t\t<\/div>\n\t\t<\/div>\n\t\t\t\t\t<\/div>\n\t\t<\/section>\n\t\t\t\t<\/div>","protected":false},"excerpt":{"rendered":"<p>La transformaci\u00f3n vial en Santa Marta avanza de manera imparable con el programa Mi Calle, que en esta oportunidad beneficiar\u00e1 a los habitantes de un sector del barrio Miguel Pinedo, a donde la alcaldesa Virna Johnson dio inicio a los trabajos de pavimentaci\u00f3n de un tramo de la v\u00eda principal.\u00a0 Son m\u00e1s de 2.500 familias [&hellip;]<\/p>","protected":false},"author":17,"featured_media":9732,"comment_status":"closed","ping_status":"closed","sticky":false,"template":"","format":"standard","meta":{"site-sidebar-layout":"default","site-content-layout":"","ast-site-content-layout":"default","site-content-style":"default","site-sidebar-style":"default","ast-global-header-display":"","ast-banner-title-visibility":"","ast-main-header-display":"","ast-hfb-above-header-display":"","ast-hfb-below-header-display":"","ast-hfb-mobile-header-display":"","site-post-title":"","ast-breadcrumbs-content":"","ast-featured-img":"","footer-sml-layout":"","ast-disable-related-posts":"","theme-transparent-header-meta":"","adv-header-id-meta":"","stick-header-meta":"","header-above-stick-meta":"","header-main-stick-meta":"","header-below-stick-meta":"","astra-migrate-meta-layouts":"default","ast-page-background-enabled":"default","ast-page-background-meta":{"desktop":{"background-color":"var(--ast-global-color-4)","background-image":"","background-repeat":"repeat","background-position":"center center","background-size":"auto","background-attachment":"scroll","background-type":"","background-media":"","overlay-type":"","overlay-color":"","overlay-opacity":"","overlay-gradient":""},"tablet":{"background-color":"","background-image":"","background-repeat":"repeat","background-position":"center center","background-size":"auto","background-attachment":"scroll","background-type":"","background-media":"","overlay-type":"","overlay-color":"","overlay-opacity":"","overlay-gradient":""},"mobile":{"background-color":"","background-image":"","background-repeat":"repeat","background-position":"center center","background-size":"auto","background-attachment":"scroll","background-type":"","background-media":"","overlay-type":"","overlay-color":"","overlay-opacity":"","overlay-gradient":""}},"ast-content-background-meta":{"desktop":{"background-color":"var(--ast-global-color-5)","background-image":"","background-repeat":"repeat","background-position":"center center","background-size":"auto","background-attachment":"scroll","background-type":"","background-media":"","overlay-type":"","overlay-color":"","overlay-opacity":"","overlay-gradient":""},"tablet":{"background-color":"var(--ast-global-color-5)","background-image":"","background-repeat":"repeat","background-position":"center center","background-size":"auto","background-attachment":"scroll","background-type":"","background-media":"","overlay-type":"","overlay-color":"","overlay-opacity":"","overlay-gradient":""},"mobile":{"background-color":"var(--ast-global-color-5)","background-image":"","background-repeat":"repeat","background-position":"center center","background-size":"auto","background-attachment":"scroll","background-type":"","background-media":"","overlay-type":"","overlay-color":"","overlay-opacity":"","overlay-gradient":""}},"footnotes":""},"categories":[53],"tags":[],"class_list":["post-9731","post","type-post","status-publish","format-standard","has-post-thumbnail","hentry","category-ultimas-noticias"],"_links":{"self":[{"href":"https:\/\/edus.gov.co\/en\/wp-json\/wp\/v2\/posts\/9731","targetHints":{"allow":["GET"]}}],"collection":[{"href":"https:\/\/edus.gov.co\/en\/wp-json\/wp\/v2\/posts"}],"about":[{"href":"https:\/\/edus.gov.co\/en\/wp-json\/wp\/v2\/types\/post"}],"author":[{"embeddable":true,"href":"https:\/\/edus.gov.co\/en\/wp-json\/wp\/v2\/users\/17"}],"replies":[{"embeddable":true,"href":"https:\/\/edus.gov.co\/en\/wp-json\/wp\/v2\/comments?post=9731"}],"version-history":[{"count":4,"href":"https:\/\/edus.gov.co\/en\/wp-json\/wp\/v2\/posts\/9731\/revisions"}],"predecessor-version":[{"id":9736,"href":"https:\/\/edus.gov.co\/en\/wp-json\/wp\/v2\/posts\/9731\/revisions\/9736"}],"wp:featuredmedia":[{"embeddable":true,"href":"https:\/\/edus.gov.co\/en\/wp-json\/wp\/v2\/media\/9732"}],"wp:attachment":[{"href":"https:\/\/edus.gov.co\/en\/wp-json\/wp\/v2\/media?parent=9731"}],"wp:term":[{"taxonomy":"category","embeddable":true,"href":"https:\/\/edus.gov.co\/en\/wp-json\/wp\/v2\/categories?post=9731"},{"taxonomy":"post_tag","embeddable":true,"href":"https:\/\/edus.gov.co\/en\/wp-json\/wp\/v2\/tags?post=9731"}],"curies":[{"name":"wp","href":"https:\/\/api.w.org\/{rel}","templated":true}]}}