{"id":9600,"date":"2022-12-15T20:01:12","date_gmt":"2022-12-15T20:01:12","guid":{"rendered":"https:\/\/edus.gov.co\/?p=9600"},"modified":"2022-12-15T20:02:03","modified_gmt":"2022-12-15T20:02:03","slug":"alcaldia-distrital-invita-a-cuidar-del-camellon-de-la-bahia-durante-la-temporada-de-fin-de-ano","status":"publish","type":"post","link":"https:\/\/edus.gov.co\/en\/alcaldia-distrital-invita-a-cuidar-del-camellon-de-la-bahia-durante-la-temporada-de-fin-de-ano\/","title":{"rendered":"<strong>Alcald\u00eda Distrital invita a cuidar del Camell\u00f3n de la Bah\u00eda durante la temporada de fin de a\u00f1o<\/strong>"},"content":{"rendered":"<div data-elementor-type=\"wp-post\" data-elementor-id=\"9600\" class=\"elementor elementor-9600\" data-elementor-post-type=\"post\">\n\t\t\t\t\t\t<section class=\"elementor-section elementor-top-section elementor-element elementor-element-687bb192 elementor-section-boxed elementor-section-height-default elementor-section-height-default\" data-id=\"687bb192\" data-element_type=\"section\">\n\t\t\t\t\t\t<div class=\"elementor-container elementor-column-gap-default\">\n\t\t\t\t\t<div class=\"elementor-column elementor-col-100 elementor-top-column elementor-element elementor-element-4f30bfab\" data-id=\"4f30bfab\" data-element_type=\"column\">\n\t\t\t<div class=\"elementor-widget-wrap elementor-element-populated\">\n\t\t\t\t\t\t<div class=\"elementor-element elementor-element-2330fad3 elementor-widget elementor-widget-text-editor\" data-id=\"2330fad3\" data-element_type=\"widget\" data-widget_type=\"text-editor.default\">\n\t\t\t\t<div class=\"elementor-widget-container\">\n\t\t\t\t\t\t\t\t\t<p>El Camell\u00f3n de la Bah\u00eda, es un espacio renovado y puesto al servicio de los samarios y turistas, convertido en\u00a0\u00a0uno de los lugares preferidos para el\u00a0\u00a0esparcimiento y disfrute del tiempo libre, por lo que se necesita del concurso de todos los ciudadanos para su cuidado y preservaci\u00f3n.<u><\/u>\u00a0<u><\/u><\/p><p>Teniendo en cuenta que durante la temporada de fin de a\u00f1o ser\u00e1 uno de los sitios m\u00e1s concurridos por propios y visitantes, la Alcald\u00eda Distrital hace un llamado a trav\u00e9s de la Empresa de Desarrollo y Renovaci\u00f3n Urbano Sostenible, EDUS,\u00a0\u00a0para que la comunidad cuide y haga buen uso de cada uno de los elementos que se encuentran a lo largo del Camell\u00f3n.<u><\/u>\u00a0<u><\/u><\/p><p>\u201cHacemos un llamado a todos los samarios, a los padres de familia, a los turistas para que tengan sentido de pertenencia con el Camell\u00f3n y sus elementos. Es necesario que entre todos cuidemos esta obra de renovaci\u00f3n que se ha convertido en el lugar emblem\u00e1tico y carta de presentaci\u00f3n de Santa Marta ante Colombia y el mundo\u201d, dijo Diela Garc\u00e9s, gerente encargada de la EDUS.<u><\/u>\u00a0<u><\/u><\/p><p>La gerente explic\u00f3 que un mal uso del Camell\u00f3n y su mobiliario traen como consecuencia su\u00a0\u00a0deterioro, como ha ocurrido con las cuerdas de protecci\u00f3n que las utilizan para sentarse o apoyarse. A esto se le suma que menores de edad practican actividades extremas en los techos de los m\u00f3dulos comerciales ubicados en el lugar.<u><\/u>\u00a0<u><\/u><\/p><p>Para lograr incentivar el sentido de pertenencia, el equipo de mantenimiento estar\u00e1 desarrollando socializaciones y recomendaciones para que todos los visitantes cuiden el Camell\u00f3n y tengan cultura ciudadana, con el fin de preservar este escenario que brinda los mejores paisajes y atardeceres.\u00a0<u><\/u>\u00a0<u><\/u><\/p><p>Tambi\u00e9n se invita a las personas que concurren a este sitio de inter\u00e9s tur\u00edstico a que no pisen las zonas verdes y no arranquen las plantas que hacen parte de los jardines; como tambi\u00e9n que sean exclusivamente los ni\u00f1os quienes usen la zona de juegos infantiles.\u00a0<u><\/u>\u00a0<u><\/u><\/p><p>Garc\u00e9s explic\u00f3 finalmente que el Camell\u00f3n cuenta con un espacio para practicar el skateboard para que los amantes de este deporte tengan un espacio para su pr\u00e1ctica, teniendo en cuenta que es una disciplina que empieza a tomar fuerza en Santa Marta.<u><\/u>\u00a0<u><\/u><\/p><p><b><u><\/u>\u00a0<\/b><\/p>\t\t\t\t\t\t\t\t<\/div>\n\t\t\t\t<\/div>\n\t\t\t\t\t<\/div>\n\t\t<\/div>\n\t\t\t\t\t<\/div>\n\t\t<\/section>\n\t\t\t\t<section class=\"elementor-section elementor-top-section elementor-element elementor-element-c0d47f5 elementor-section-full_width elementor-section-stretched elementor-section-height-default elementor-section-height-default\" data-id=\"c0d47f5\" data-element_type=\"section\" data-settings=\"{&quot;stretch_section&quot;:&quot;section-stretched&quot;}\">\n\t\t\t\t\t\t\t<div class=\"elementor-background-overlay\"><\/div>\n\t\t\t\t\t\t\t<div class=\"elementor-container elementor-column-gap-default\">\n\t\t\t\t\t<div class=\"elementor-column elementor-col-100 elementor-top-column elementor-element elementor-element-b3f40b9\" data-id=\"b3f40b9\" data-element_type=\"column\">\n\t\t\t<div class=\"elementor-widget-wrap elementor-element-populated\">\n\t\t\t\t\t\t<div class=\"elementor-element elementor-element-939a1e2 elementor-widget elementor-widget-heading\" data-id=\"939a1e2\" data-element_type=\"widget\" data-widget_type=\"heading.default\">\n\t\t\t\t<div class=\"elementor-widget-container\">\n\t\t\t\t\t<h3 class=\"elementor-heading-title elementor-size-default\">\u00daltimas Noticias<\/h3>\t\t\t\t<\/div>\n\t\t\t\t<\/div>\n\t\t\t\t\t<\/div>\n\t\t<\/div>\n\t\t\t\t\t<\/div>\n\t\t<\/section>\n\t\t\t\t<\/div>","protected":false},"excerpt":{"rendered":"<p>El Camell\u00f3n de la Bah\u00eda, es un espacio renovado y puesto al servicio de los samarios y turistas, convertido en\u00a0\u00a0uno de los lugares preferidos para el\u00a0\u00a0esparcimiento y disfrute del tiempo libre, por lo que se necesita del concurso de todos los ciudadanos para su cuidado y preservaci\u00f3n.\u00a0 Teniendo en cuenta que durante la temporada de [&hellip;]<\/p>","protected":false},"author":17,"featured_media":9601,"comment_status":"closed","ping_status":"closed","sticky":false,"template":"","format":"standard","meta":{"site-sidebar-layout":"default","site-content-layout":"","ast-site-content-layout":"default","site-content-style":"default","site-sidebar-style":"default","ast-global-header-display":"","ast-banner-title-visibility":"","ast-main-header-display":"","ast-hfb-above-header-display":"","ast-hfb-below-header-display":"","ast-hfb-mobile-header-display":"","site-post-title":"","ast-breadcrumbs-content":"","ast-featured-img":"","footer-sml-layout":"","ast-disable-related-posts":"","theme-transparent-header-meta":"","adv-header-id-meta":"","stick-header-meta":"","header-above-stick-meta":"","header-main-stick-meta":"","header-below-stick-meta":"","astra-migrate-meta-layouts":"default","ast-page-background-enabled":"default","ast-page-background-meta":{"desktop":{"background-color":"var(--ast-global-color-4)","background-image":"","background-repeat":"repeat","background-position":"center center","background-size":"auto","background-attachment":"scroll","background-type":"","background-media":"","overlay-type":"","overlay-color":"","overlay-opacity":"","overlay-gradient":""},"tablet":{"background-color":"","background-image":"","background-repeat":"repeat","background-position":"center center","background-size":"auto","background-attachment":"scroll","background-type":"","background-media":"","overlay-type":"","overlay-color":"","overlay-opacity":"","overlay-gradient":""},"mobile":{"background-color":"","background-image":"","background-repeat":"repeat","background-position":"center center","background-size":"auto","background-attachment":"scroll","background-type":"","background-media":"","overlay-type":"","overlay-color":"","overlay-opacity":"","overlay-gradient":""}},"ast-content-background-meta":{"desktop":{"background-color":"var(--ast-global-color-5)","background-image":"","background-repeat":"repeat","background-position":"center center","background-size":"auto","background-attachment":"scroll","background-type":"","background-media":"","overlay-type":"","overlay-color":"","overlay-opacity":"","overlay-gradient":""},"tablet":{"background-color":"var(--ast-global-color-5)","background-image":"","background-repeat":"repeat","background-position":"center center","background-size":"auto","background-attachment":"scroll","background-type":"","background-media":"","overlay-type":"","overlay-color":"","overlay-opacity":"","overlay-gradient":""},"mobile":{"background-color":"var(--ast-global-color-5)","background-image":"","background-repeat":"repeat","background-position":"center center","background-size":"auto","background-attachment":"scroll","background-type":"","background-media":"","overlay-type":"","overlay-color":"","overlay-opacity":"","overlay-gradient":""}},"footnotes":""},"categories":[53],"tags":[],"class_list":["post-9600","post","type-post","status-publish","format-standard","has-post-thumbnail","hentry","category-ultimas-noticias"],"_links":{"self":[{"href":"https:\/\/edus.gov.co\/en\/wp-json\/wp\/v2\/posts\/9600","targetHints":{"allow":["GET"]}}],"collection":[{"href":"https:\/\/edus.gov.co\/en\/wp-json\/wp\/v2\/posts"}],"about":[{"href":"https:\/\/edus.gov.co\/en\/wp-json\/wp\/v2\/types\/post"}],"author":[{"embeddable":true,"href":"https:\/\/edus.gov.co\/en\/wp-json\/wp\/v2\/users\/17"}],"replies":[{"embeddable":true,"href":"https:\/\/edus.gov.co\/en\/wp-json\/wp\/v2\/comments?post=9600"}],"version-history":[{"count":4,"href":"https:\/\/edus.gov.co\/en\/wp-json\/wp\/v2\/posts\/9600\/revisions"}],"predecessor-version":[{"id":9605,"href":"https:\/\/edus.gov.co\/en\/wp-json\/wp\/v2\/posts\/9600\/revisions\/9605"}],"wp:featuredmedia":[{"embeddable":true,"href":"https:\/\/edus.gov.co\/en\/wp-json\/wp\/v2\/media\/9601"}],"wp:attachment":[{"href":"https:\/\/edus.gov.co\/en\/wp-json\/wp\/v2\/media?parent=9600"}],"wp:term":[{"taxonomy":"category","embeddable":true,"href":"https:\/\/edus.gov.co\/en\/wp-json\/wp\/v2\/categories?post=9600"},{"taxonomy":"post_tag","embeddable":true,"href":"https:\/\/edus.gov.co\/en\/wp-json\/wp\/v2\/tags?post=9600"}],"curies":[{"name":"wp","href":"https:\/\/api.w.org\/{rel}","templated":true}]}}