{"id":9593,"date":"2022-12-13T15:36:30","date_gmt":"2022-12-13T15:36:30","guid":{"rendered":"https:\/\/edus.gov.co\/?p=9593"},"modified":"2022-12-15T15:39:05","modified_gmt":"2022-12-15T15:39:05","slug":"obra-de-la-calle-14-de-gaira-se-encuentra-en-su-recta-final","status":"publish","type":"post","link":"https:\/\/edus.gov.co\/en\/obra-de-la-calle-14-de-gaira-se-encuentra-en-su-recta-final\/","title":{"rendered":"<strong>Obra de la calle 14 de Gaira se encuentra en su recta final\u00a0<\/strong>\u00a0\u00a0"},"content":{"rendered":"<div data-elementor-type=\"wp-post\" data-elementor-id=\"9593\" class=\"elementor elementor-9593\" data-elementor-post-type=\"post\">\n\t\t\t\t\t\t<section class=\"elementor-section elementor-top-section elementor-element elementor-element-687bb192 elementor-section-boxed elementor-section-height-default elementor-section-height-default\" data-id=\"687bb192\" data-element_type=\"section\">\n\t\t\t\t\t\t<div class=\"elementor-container elementor-column-gap-default\">\n\t\t\t\t\t<div class=\"elementor-column elementor-col-100 elementor-top-column elementor-element elementor-element-4f30bfab\" data-id=\"4f30bfab\" data-element_type=\"column\">\n\t\t\t<div class=\"elementor-widget-wrap elementor-element-populated\">\n\t\t\t\t\t\t<div class=\"elementor-element elementor-element-2330fad3 elementor-widget elementor-widget-text-editor\" data-id=\"2330fad3\" data-element_type=\"widget\" data-widget_type=\"text-editor.default\">\n\t\t\t\t<div class=\"elementor-widget-container\">\n\t\t\t\t\t\t\t\t\t<p>La reconstrucci\u00f3n de la calle 14 de Gaira se encuentra en su recta final y ser\u00e1 entregada en enero de 2023, beneficiando a m\u00e1s de 2.500 familias que residen en barrios aleda\u00f1os.<u><\/u>\u00a0<u><\/u><u><\/u>\u00a0<u><\/u><\/p><p>Esta obra, que hace parte de la transformaci\u00f3n de la malla vial del Distrito, cuenta con la pavimentaci\u00f3n de 1.624 m2 de v\u00eda y la recuperaci\u00f3n de 498 m2 de espacio p\u00fablico para mejorar la movilidad en este sector de la Localidad 3, llegando a un 100% de lo que corresponde al contrato.<u><\/u>\u00a0<u><\/u><u><\/u>\u00a0<u><\/u><\/p><p>A lo anterior tambi\u00e9n se le suma la construcci\u00f3n de 18 manholes, reposici\u00f3n de 809 metros lineales de tuber\u00eda de alcantarillado y 217 metros lineales de tuber\u00eda de impulsi\u00f3n que han dado soluci\u00f3n al derramamiento de aguas residuales y rebosamientos, disminuyendo en gran medida las inundaciones que en el pasado era la constante en esta calle.<u><\/u>\u00a0<u><\/u><u><\/u>\u00a0<u><\/u><\/p><p>\u201cEra un beneficio que nosotros necesit\u00e1bamos. La calidad de vida ha mejorado completamente con la pavimentaci\u00f3n de la calle 14, ya me siento bien aqu\u00ed, los olores se perdieron. Ha sido positivo todo lo que se ha hecho aqu\u00ed.\u201d, dijo Iv\u00e1n Cotes, artista y residente en Gaira.<u><\/u>\u00a0<u><\/u><u><\/u>\u00a0<u><\/u><\/p><p>La pavimentaci\u00f3n es ejecutada por la Empresa de Desarrollo y Renovaci\u00f3n Urbano Sostenible, cumpliendo con las directrices de la alcaldesa Virna Johnson, quien se encuentra trabajando por el mejoramiento y optimizaci\u00f3n de la malla vial en Santa Marta.<u><\/u>\u00a0<u><\/u><\/p><p>\u201cEstoy muy agradecida con este proyecto, tenemos andenes por donde transitar, y hemos observado que la pavimentaci\u00f3n y el cambio de tuber\u00eda ha ayudado a\u00a0\u00a0disminuir los rebosamientos de aguas negras. Se est\u00e1 viendo el cambio en la calle 14\u201d, se\u00f1al\u00f3 Manuela Ortiz, residente desde hace 30 a\u00f1os.<u><\/u>\u00a0<u><\/u><\/p><p>De acuerdo con lo establecido en el cronograma, durante lo que resta del 2022 se trabajar\u00e1 en el nuevo tramo incluido por la Alcaldesa Distrital, que comprende entre las carreras 13 y 14, donde ser\u00e1n pavimentados 819 m2 de v\u00eda, la reposici\u00f3n de 127 metros lineales de tuber\u00eda de alcantarillado sanitario, 90 metros lineales de tuber\u00eda de impulsi\u00f3n e instalaci\u00f3n de tuber\u00eda de acueducto.\u00a0<u><\/u>\u00a0<u><\/u><\/p><p>Es de recordarle a la comunidad que de manera espor\u00e1dica pondr\u00edan presentarse posibles rebosamientos por causas ajenas a las obras y trabajos que se adelantan en la calle 14.<u><\/u>\u00a0<u><\/u><\/p><p>Desde la Alcald\u00eda Distrital se continuar\u00e1 trabajando en las acciones para mejorar las v\u00edas de Santa Marta y dignificar la calidad de vida de los samarios rumbo a la conmemoraci\u00f3n de sus 500 a\u00f1os, para que Santa Marta siga viviendo el cambio.<u><\/u>\u00a0<u><\/u><\/p><p><b><u><\/u>\u00a0<\/b><\/p><p>\u00a0<u><\/u>\u00a0<\/p>\t\t\t\t\t\t\t\t<\/div>\n\t\t\t\t<\/div>\n\t\t\t\t\t<\/div>\n\t\t<\/div>\n\t\t\t\t\t<\/div>\n\t\t<\/section>\n\t\t\t\t<section class=\"elementor-section elementor-top-section elementor-element elementor-element-c0d47f5 elementor-section-full_width elementor-section-stretched elementor-section-height-default elementor-section-height-default\" data-id=\"c0d47f5\" data-element_type=\"section\" data-settings=\"{&quot;stretch_section&quot;:&quot;section-stretched&quot;}\">\n\t\t\t\t\t\t\t<div class=\"elementor-background-overlay\"><\/div>\n\t\t\t\t\t\t\t<div class=\"elementor-container elementor-column-gap-default\">\n\t\t\t\t\t<div class=\"elementor-column elementor-col-100 elementor-top-column elementor-element elementor-element-b3f40b9\" data-id=\"b3f40b9\" data-element_type=\"column\">\n\t\t\t<div class=\"elementor-widget-wrap elementor-element-populated\">\n\t\t\t\t\t\t<div class=\"elementor-element elementor-element-939a1e2 elementor-widget elementor-widget-heading\" data-id=\"939a1e2\" data-element_type=\"widget\" data-widget_type=\"heading.default\">\n\t\t\t\t<div class=\"elementor-widget-container\">\n\t\t\t\t\t<h3 class=\"elementor-heading-title elementor-size-default\">\u00daltimas Noticias<\/h3>\t\t\t\t<\/div>\n\t\t\t\t<\/div>\n\t\t\t\t\t<\/div>\n\t\t<\/div>\n\t\t\t\t\t<\/div>\n\t\t<\/section>\n\t\t\t\t<\/div>","protected":false},"excerpt":{"rendered":"<p>La reconstrucci\u00f3n de la calle 14 de Gaira se encuentra en su recta final y ser\u00e1 entregada en enero de 2023, beneficiando a m\u00e1s de 2.500 familias que residen en barrios aleda\u00f1os.\u00a0\u00a0 Esta obra, que hace parte de la transformaci\u00f3n de la malla vial del Distrito, cuenta con la pavimentaci\u00f3n de 1.624 m2 de v\u00eda [&hellip;]<\/p>","protected":false},"author":17,"featured_media":9594,"comment_status":"closed","ping_status":"closed","sticky":false,"template":"","format":"standard","meta":{"site-sidebar-layout":"default","site-content-layout":"","ast-site-content-layout":"default","site-content-style":"default","site-sidebar-style":"default","ast-global-header-display":"","ast-banner-title-visibility":"","ast-main-header-display":"","ast-hfb-above-header-display":"","ast-hfb-below-header-display":"","ast-hfb-mobile-header-display":"","site-post-title":"","ast-breadcrumbs-content":"","ast-featured-img":"","footer-sml-layout":"","ast-disable-related-posts":"","theme-transparent-header-meta":"","adv-header-id-meta":"","stick-header-meta":"","header-above-stick-meta":"","header-main-stick-meta":"","header-below-stick-meta":"","astra-migrate-meta-layouts":"default","ast-page-background-enabled":"default","ast-page-background-meta":{"desktop":{"background-color":"var(--ast-global-color-4)","background-image":"","background-repeat":"repeat","background-position":"center center","background-size":"auto","background-attachment":"scroll","background-type":"","background-media":"","overlay-type":"","overlay-color":"","overlay-opacity":"","overlay-gradient":""},"tablet":{"background-color":"","background-image":"","background-repeat":"repeat","background-position":"center center","background-size":"auto","background-attachment":"scroll","background-type":"","background-media":"","overlay-type":"","overlay-color":"","overlay-opacity":"","overlay-gradient":""},"mobile":{"background-color":"","background-image":"","background-repeat":"repeat","background-position":"center center","background-size":"auto","background-attachment":"scroll","background-type":"","background-media":"","overlay-type":"","overlay-color":"","overlay-opacity":"","overlay-gradient":""}},"ast-content-background-meta":{"desktop":{"background-color":"var(--ast-global-color-5)","background-image":"","background-repeat":"repeat","background-position":"center center","background-size":"auto","background-attachment":"scroll","background-type":"","background-media":"","overlay-type":"","overlay-color":"","overlay-opacity":"","overlay-gradient":""},"tablet":{"background-color":"var(--ast-global-color-5)","background-image":"","background-repeat":"repeat","background-position":"center center","background-size":"auto","background-attachment":"scroll","background-type":"","background-media":"","overlay-type":"","overlay-color":"","overlay-opacity":"","overlay-gradient":""},"mobile":{"background-color":"var(--ast-global-color-5)","background-image":"","background-repeat":"repeat","background-position":"center center","background-size":"auto","background-attachment":"scroll","background-type":"","background-media":"","overlay-type":"","overlay-color":"","overlay-opacity":"","overlay-gradient":""}},"footnotes":""},"categories":[53],"tags":[],"class_list":["post-9593","post","type-post","status-publish","format-standard","has-post-thumbnail","hentry","category-ultimas-noticias"],"_links":{"self":[{"href":"https:\/\/edus.gov.co\/en\/wp-json\/wp\/v2\/posts\/9593","targetHints":{"allow":["GET"]}}],"collection":[{"href":"https:\/\/edus.gov.co\/en\/wp-json\/wp\/v2\/posts"}],"about":[{"href":"https:\/\/edus.gov.co\/en\/wp-json\/wp\/v2\/types\/post"}],"author":[{"embeddable":true,"href":"https:\/\/edus.gov.co\/en\/wp-json\/wp\/v2\/users\/17"}],"replies":[{"embeddable":true,"href":"https:\/\/edus.gov.co\/en\/wp-json\/wp\/v2\/comments?post=9593"}],"version-history":[{"count":4,"href":"https:\/\/edus.gov.co\/en\/wp-json\/wp\/v2\/posts\/9593\/revisions"}],"predecessor-version":[{"id":9599,"href":"https:\/\/edus.gov.co\/en\/wp-json\/wp\/v2\/posts\/9593\/revisions\/9599"}],"wp:featuredmedia":[{"embeddable":true,"href":"https:\/\/edus.gov.co\/en\/wp-json\/wp\/v2\/media\/9594"}],"wp:attachment":[{"href":"https:\/\/edus.gov.co\/en\/wp-json\/wp\/v2\/media?parent=9593"}],"wp:term":[{"taxonomy":"category","embeddable":true,"href":"https:\/\/edus.gov.co\/en\/wp-json\/wp\/v2\/categories?post=9593"},{"taxonomy":"post_tag","embeddable":true,"href":"https:\/\/edus.gov.co\/en\/wp-json\/wp\/v2\/tags?post=9593"}],"curies":[{"name":"wp","href":"https:\/\/api.w.org\/{rel}","templated":true}]}}