{"id":9570,"date":"2022-12-02T18:08:23","date_gmt":"2022-12-02T18:08:23","guid":{"rendered":"https:\/\/edus.gov.co\/?p=9570"},"modified":"2022-12-07T18:10:58","modified_gmt":"2022-12-07T18:10:58","slug":"alcaldesa-virna-jonhnson-incluye-nuevo-tramo-en-la-obra-de-la-calle-14-de-gaira","status":"publish","type":"post","link":"https:\/\/edus.gov.co\/en\/alcaldesa-virna-jonhnson-incluye-nuevo-tramo-en-la-obra-de-la-calle-14-de-gaira\/","title":{"rendered":"<strong>Alcaldesa Virna Jonhnson incluye nuevo tramo en la obra de la calle 14 de Gaira\u00a0<\/strong>"},"content":{"rendered":"<div data-elementor-type=\"wp-post\" data-elementor-id=\"9570\" class=\"elementor elementor-9570\" data-elementor-post-type=\"post\">\n\t\t\t\t\t\t<section class=\"elementor-section elementor-top-section elementor-element elementor-element-687bb192 elementor-section-boxed elementor-section-height-default elementor-section-height-default\" data-id=\"687bb192\" data-element_type=\"section\">\n\t\t\t\t\t\t<div class=\"elementor-container elementor-column-gap-default\">\n\t\t\t\t\t<div class=\"elementor-column elementor-col-100 elementor-top-column elementor-element elementor-element-4f30bfab\" data-id=\"4f30bfab\" data-element_type=\"column\">\n\t\t\t<div class=\"elementor-widget-wrap elementor-element-populated\">\n\t\t\t\t\t\t<div class=\"elementor-element elementor-element-2330fad3 elementor-widget elementor-widget-text-editor\" data-id=\"2330fad3\" data-element_type=\"widget\" data-widget_type=\"text-editor.default\">\n\t\t\t\t<div class=\"elementor-widget-container\">\n\t\t\t\t\t\t\t\t\t<p><span lang=\"ES-CO\">Una buena noticia recibieron los habitantes de Gaira, al conocer el anuncio de la alcaldesa Virna Johnson de incluir un nuevo tramo en las obras de pavimentaci\u00f3n que se adelantan en la calle 14.\u00a0<\/span><\/p><p><span lang=\"ES-CO\">As\u00ed lo dio a conocer la mandataria distrital, durante su recorrido de supervisi\u00f3n por esta importante obra que impacta positivamente en toda la comunidad.\u00a0<\/span><\/p><p><span lang=\"ES-CO\">\u201cLa buena noticia es que en la obra de la calle 14 de Gaira se incluy\u00f3 el tramo entre carreras 13 y 14, el cual no se encontraba en el proyecto inicial que fue socializado. Por esta raz\u00f3n iniciamos la gesti\u00f3n de los recursos para que la pavimentaci\u00f3n se extienda en ese tramo, el cual tambi\u00e9n se encontraba en p\u00e9simas condiciones\u201d, indic\u00f3 la Alcaldesa.\u00a0<\/span><\/p><p><span lang=\"ES-CO\">Los trabajos del nuevo tramo ya se encuentran en ejecuci\u00f3n e incluyen la pavimentaci\u00f3n de 819 m2 de v\u00eda, la reposici\u00f3n de 127 metros lineales de tuber\u00eda de alcantarillado sanitario, 90 metros lineales de tuber\u00eda de impulsi\u00f3n e instalaci\u00f3n de tuber\u00eda de acueducto.\u00a0<\/span><\/p><p><span lang=\"ES-CO\">\u201cRecordemos que la obra de la calle 14 es de gran importancia para traer soluci\u00f3n y dar fin a los rebosamientos de las aguas servidas en esta v\u00eda. En Gaira hemos venido cumpliendo, hemos honrando nuestra palabra con sus habitantes con las diferentes obras que hemos iniciado\u201d, se\u00f1al\u00f3 la alcaldesa Virna Johnson.\u00a0<\/span><\/p><p><span lang=\"ES-CO\">Para los gaireros este anuncio los llena de alegr\u00eda, porque logran ver una calle transformada para su movilidad, poniendo fin a las inundaciones y a los rebosamientos de aguas residuales.\u00a0<\/span><\/p><p><span lang=\"ES-CO\">\u201cEstamos viendo el desarrollo que ha tenido esta obra que gestion\u00f3 nuestra alcaldesa Virna Johnson para beneficio de la comunidad&#8221;, asegur\u00f3 Vilma Maestre, habitante de Gaira.\u00a0<\/span><\/p><p><span lang=\"ES-CO\">La obra que est\u00e1 en su recta final es ejecutada por la Empresa de Desarrollo y Renovaci\u00f3n Urbano Sostenible de Santa Marta, cuenta con la construcci\u00f3n de 1.625 m2 de pavimento y 472 m2 de espacio p\u00fablico. As\u00ed mismo con la instalaci\u00f3n de 217 metros lineales de tuber\u00eda de impulsi\u00f3n, 678 metros lineales de tuber\u00eda de alcantarillado y 16 manholes.\u00a0<\/span><\/p><p><span lang=\"ES-CO\">Para enero del 2023 est\u00e1 prevista la entrega de esta nueva v\u00eda, que hace parte del ambicioso programa de recuperaci\u00f3n y transformaci\u00f3n de la Malla Vial que lidera la Alcald\u00eda Distrital.\u00a0<\/span><\/p>\t\t\t\t\t\t\t\t<\/div>\n\t\t\t\t<\/div>\n\t\t\t\t\t<\/div>\n\t\t<\/div>\n\t\t\t\t\t<\/div>\n\t\t<\/section>\n\t\t\t\t<section class=\"elementor-section elementor-top-section elementor-element elementor-element-c0d47f5 elementor-section-full_width elementor-section-stretched elementor-section-height-default elementor-section-height-default\" data-id=\"c0d47f5\" data-element_type=\"section\" data-settings=\"{&quot;stretch_section&quot;:&quot;section-stretched&quot;}\">\n\t\t\t\t\t\t\t<div class=\"elementor-background-overlay\"><\/div>\n\t\t\t\t\t\t\t<div class=\"elementor-container elementor-column-gap-default\">\n\t\t\t\t\t<div class=\"elementor-column elementor-col-100 elementor-top-column elementor-element elementor-element-b3f40b9\" data-id=\"b3f40b9\" data-element_type=\"column\">\n\t\t\t<div class=\"elementor-widget-wrap elementor-element-populated\">\n\t\t\t\t\t\t<div class=\"elementor-element elementor-element-939a1e2 elementor-widget elementor-widget-heading\" data-id=\"939a1e2\" data-element_type=\"widget\" data-widget_type=\"heading.default\">\n\t\t\t\t<div class=\"elementor-widget-container\">\n\t\t\t\t\t<h3 class=\"elementor-heading-title elementor-size-default\">\u00daltimas Noticias<\/h3>\t\t\t\t<\/div>\n\t\t\t\t<\/div>\n\t\t\t\t\t<\/div>\n\t\t<\/div>\n\t\t\t\t\t<\/div>\n\t\t<\/section>\n\t\t\t\t<\/div>","protected":false},"excerpt":{"rendered":"<p>Una buena noticia recibieron los habitantes de Gaira, al conocer el anuncio de la alcaldesa Virna Johnson de incluir un nuevo tramo en las obras de pavimentaci\u00f3n que se adelantan en la calle 14.&nbsp; As\u00ed lo dio a conocer la mandataria distrital, durante su recorrido de supervisi\u00f3n por esta importante obra que impacta positivamente en [&hellip;]<\/p>","protected":false},"author":17,"featured_media":9571,"comment_status":"closed","ping_status":"closed","sticky":false,"template":"","format":"standard","meta":{"site-sidebar-layout":"default","site-content-layout":"","ast-site-content-layout":"default","site-content-style":"default","site-sidebar-style":"default","ast-global-header-display":"","ast-banner-title-visibility":"","ast-main-header-display":"","ast-hfb-above-header-display":"","ast-hfb-below-header-display":"","ast-hfb-mobile-header-display":"","site-post-title":"","ast-breadcrumbs-content":"","ast-featured-img":"","footer-sml-layout":"","ast-disable-related-posts":"","theme-transparent-header-meta":"","adv-header-id-meta":"","stick-header-meta":"","header-above-stick-meta":"","header-main-stick-meta":"","header-below-stick-meta":"","astra-migrate-meta-layouts":"default","ast-page-background-enabled":"default","ast-page-background-meta":{"desktop":{"background-color":"var(--ast-global-color-4)","background-image":"","background-repeat":"repeat","background-position":"center center","background-size":"auto","background-attachment":"scroll","background-type":"","background-media":"","overlay-type":"","overlay-color":"","overlay-opacity":"","overlay-gradient":""},"tablet":{"background-color":"","background-image":"","background-repeat":"repeat","background-position":"center center","background-size":"auto","background-attachment":"scroll","background-type":"","background-media":"","overlay-type":"","overlay-color":"","overlay-opacity":"","overlay-gradient":""},"mobile":{"background-color":"","background-image":"","background-repeat":"repeat","background-position":"center center","background-size":"auto","background-attachment":"scroll","background-type":"","background-media":"","overlay-type":"","overlay-color":"","overlay-opacity":"","overlay-gradient":""}},"ast-content-background-meta":{"desktop":{"background-color":"var(--ast-global-color-5)","background-image":"","background-repeat":"repeat","background-position":"center center","background-size":"auto","background-attachment":"scroll","background-type":"","background-media":"","overlay-type":"","overlay-color":"","overlay-opacity":"","overlay-gradient":""},"tablet":{"background-color":"var(--ast-global-color-5)","background-image":"","background-repeat":"repeat","background-position":"center center","background-size":"auto","background-attachment":"scroll","background-type":"","background-media":"","overlay-type":"","overlay-color":"","overlay-opacity":"","overlay-gradient":""},"mobile":{"background-color":"var(--ast-global-color-5)","background-image":"","background-repeat":"repeat","background-position":"center center","background-size":"auto","background-attachment":"scroll","background-type":"","background-media":"","overlay-type":"","overlay-color":"","overlay-opacity":"","overlay-gradient":""}},"footnotes":""},"categories":[53],"tags":[],"class_list":["post-9570","post","type-post","status-publish","format-standard","has-post-thumbnail","hentry","category-ultimas-noticias"],"_links":{"self":[{"href":"https:\/\/edus.gov.co\/en\/wp-json\/wp\/v2\/posts\/9570","targetHints":{"allow":["GET"]}}],"collection":[{"href":"https:\/\/edus.gov.co\/en\/wp-json\/wp\/v2\/posts"}],"about":[{"href":"https:\/\/edus.gov.co\/en\/wp-json\/wp\/v2\/types\/post"}],"author":[{"embeddable":true,"href":"https:\/\/edus.gov.co\/en\/wp-json\/wp\/v2\/users\/17"}],"replies":[{"embeddable":true,"href":"https:\/\/edus.gov.co\/en\/wp-json\/wp\/v2\/comments?post=9570"}],"version-history":[{"count":5,"href":"https:\/\/edus.gov.co\/en\/wp-json\/wp\/v2\/posts\/9570\/revisions"}],"predecessor-version":[{"id":9576,"href":"https:\/\/edus.gov.co\/en\/wp-json\/wp\/v2\/posts\/9570\/revisions\/9576"}],"wp:featuredmedia":[{"embeddable":true,"href":"https:\/\/edus.gov.co\/en\/wp-json\/wp\/v2\/media\/9571"}],"wp:attachment":[{"href":"https:\/\/edus.gov.co\/en\/wp-json\/wp\/v2\/media?parent=9570"}],"wp:term":[{"taxonomy":"category","embeddable":true,"href":"https:\/\/edus.gov.co\/en\/wp-json\/wp\/v2\/categories?post=9570"},{"taxonomy":"post_tag","embeddable":true,"href":"https:\/\/edus.gov.co\/en\/wp-json\/wp\/v2\/tags?post=9570"}],"curies":[{"name":"wp","href":"https:\/\/api.w.org\/{rel}","templated":true}]}}