{"id":9448,"date":"2022-11-14T20:47:00","date_gmt":"2022-11-14T20:47:00","guid":{"rendered":"https:\/\/edus.gov.co\/?p=9448"},"modified":"2022-11-15T20:50:19","modified_gmt":"2022-11-15T20:50:19","slug":"alcaldesa-virna-johnson-dio-inicio-a-las-obras-de-pavimentacion-en-nacho-vives-2","status":"publish","type":"post","link":"https:\/\/edus.gov.co\/en\/alcaldesa-virna-johnson-dio-inicio-a-las-obras-de-pavimentacion-en-nacho-vives-2\/","title":{"rendered":"Alcaldesa Virna Johnson dio inicio a las obras de pavimentaci\u00f3n en Nacho Vives\u00a0"},"content":{"rendered":"<div data-elementor-type=\"wp-post\" data-elementor-id=\"9448\" class=\"elementor elementor-9448\" data-elementor-post-type=\"post\">\n\t\t\t\t\t\t<section class=\"elementor-section elementor-top-section elementor-element elementor-element-687bb192 elementor-section-boxed elementor-section-height-default elementor-section-height-default\" data-id=\"687bb192\" data-element_type=\"section\">\n\t\t\t\t\t\t<div class=\"elementor-container elementor-column-gap-default\">\n\t\t\t\t\t<div class=\"elementor-column elementor-col-100 elementor-top-column elementor-element elementor-element-4f30bfab\" data-id=\"4f30bfab\" data-element_type=\"column\">\n\t\t\t<div class=\"elementor-widget-wrap elementor-element-populated\">\n\t\t\t\t\t\t<div class=\"elementor-element elementor-element-2330fad3 elementor-widget elementor-widget-text-editor\" data-id=\"2330fad3\" data-element_type=\"widget\" data-widget_type=\"text-editor.default\">\n\t\t\t\t<div class=\"elementor-widget-container\">\n\t\t\t\t\t\t\t\t\t<p style=\"font-weight: 400;\"><em>A la fecha se han intervenido 46 puntos en donde fueron habilitados 2213.4 metros cuadrados de v\u00eda, con un avance del 90% de lo dispuesto por la Administraci\u00f3n Distrital.\u00a0<\/em><\/p><p style=\"font-weight: 400;\">Los comerciantes, moradores, conductores y transe\u00fantes son testigos del mejoramiento vial ejecutado en El Rodadero por la Alcald\u00eda Distrital, en desarrollo del ambicioso programa de Malla\u00a0Vial, que lidera la alcaldesa Virna Johnson, contemplado en el Plan de Desarrollo, Santa Marta Coraz\u00f3n del Cambio, y ejecutado por la Empresa de Desarrollo y Renovaci\u00f3n Urbano Sostenible, EDUS.\u00a0<\/p><p style=\"font-weight: 400;\">Las obras hacen parte del Plan de Reposici\u00f3n de Placas, y permitir\u00e1n que cientos de visitantes accedan a trav\u00e9s de las v\u00edas en buen estado a uno de los mayores atractivos tur\u00edsticos que ofrece Santa Marta, impactando positivamente en el sector hotelero y comercial, generando una actividad econ\u00f3mica din\u00e1mica, brindando oportunidades y desarrollo a esta zona.\u00a0<\/p><p style=\"font-weight: 400;\">Los ciudadanos se encuentran complacidos por estas acciones; tal es el caso de Eva Flores, comerciante de la calle 8 con carrera 3, quien considera que ya no tendr\u00e1 impedimentos al momento de trasladarse de un lugar a otro.\u00a0<\/p><p style=\"font-weight: 400;\">\u00a0\u201cEstamos agradecidos con la Alcald\u00eda Distrital, con el trabajo que vienen adelantando con la reposici\u00f3n de placas, lo que le ha permitido un cambio en la cara de los negocios y de El Rodadero. Estas calles pasaron de ser intransitables a una v\u00eda \u00f3ptima para el disfrute de todos\u201d, indic\u00f3 la comerciante.\u00a0\u00a0<\/p><p style=\"font-weight: 400;\">Los trabajos realizados contemplaron la intervenci\u00f3n de 53 puntos, en donde fueron adecuados 2.213 metros cuadrados de v\u00eda, con un avance del 90% de lo dispuesto por la Administraci\u00f3n Distrital.\u00a0<\/p><p style=\"font-weight: 400;\">Los taxistas tambi\u00e9n se encuentran satisfechos con la rehabilitaci\u00f3n de las v\u00edas. Uno de ellos es Jorge Luis Manjarrez, quien se ha dedicado a este oficio durante 10 a\u00f1os.\u00a0\u00a0<\/p><p style=\"font-weight: 400;\">\u201cDesde que se realizaron estos trabajos, empezamos a trasladarnos con mayor facilidad, y eso ayuda a que podamos prestar un mejor servicio a propios y visitantes\u201d, expres\u00f3 Jorge Luis Manjarrez.\u00a0<\/p><p style=\"font-weight: 400;\">Es de resaltar que en la carrera 4, entre calles 5 y 10, se han rehabilitado 26 puntos que se encontraban en alto grado de deterioro. Mientras que en la carrera tercera, desde la calle cuarta hasta la calle 10, se realizaron 15 reposiciones de placas, entre otros puntos.\u00a0\u00a0<\/p><p style=\"font-weight: 400;\">La meta final es poder entregarle a la ciudadan\u00eda 2434,2 m2 en \u00f3ptimas condiciones, por lo que actualmente se est\u00e1 trabajando en el arreglo de\u00a0\u00a0221 m2 y poder as\u00ed alcanzar el 100% de ejecuci\u00f3n.\u00a0<\/p><p style=\"font-weight: 400;\">\u201cNos comprometimos con la comunidad del sector a mejorar lo m\u00e1s pronto posible las v\u00edas de unos de los complejos tur\u00edsticos m\u00e1s importantes de la ciudad\u201d, se\u00f1al\u00f3 Diela Garc\u00e9s, gerente de la EDUS.\u00a0<\/p><p style=\"font-weight: 400;\">Estas obras de la Administraci\u00f3n del Cambio siguen avanzando de acuerdo con los cronogramas establecidos, gracias a la gesti\u00f3n de la alcaldesa Virna Johnson, que ha puesto todo su inter\u00e9s para mejorar la movilidad en la ciudad, pronta a celebrar sus 500 a\u00f1os.\u00a0<\/p>\t\t\t\t\t\t\t\t<\/div>\n\t\t\t\t<\/div>\n\t\t\t\t\t<\/div>\n\t\t<\/div>\n\t\t\t\t\t<\/div>\n\t\t<\/section>\n\t\t\t\t<section class=\"elementor-section elementor-top-section elementor-element elementor-element-c0d47f5 elementor-section-full_width elementor-section-stretched elementor-section-height-default elementor-section-height-default\" data-id=\"c0d47f5\" data-element_type=\"section\" data-settings=\"{&quot;stretch_section&quot;:&quot;section-stretched&quot;}\">\n\t\t\t\t\t\t\t<div class=\"elementor-background-overlay\"><\/div>\n\t\t\t\t\t\t\t<div class=\"elementor-container elementor-column-gap-default\">\n\t\t\t\t\t<div class=\"elementor-column elementor-col-100 elementor-top-column elementor-element elementor-element-b3f40b9\" data-id=\"b3f40b9\" data-element_type=\"column\">\n\t\t\t<div class=\"elementor-widget-wrap elementor-element-populated\">\n\t\t\t\t\t\t<div class=\"elementor-element elementor-element-939a1e2 elementor-widget elementor-widget-heading\" data-id=\"939a1e2\" data-element_type=\"widget\" data-widget_type=\"heading.default\">\n\t\t\t\t<div class=\"elementor-widget-container\">\n\t\t\t\t\t<h3 class=\"elementor-heading-title elementor-size-default\">\u00daltimas Noticias<\/h3>\t\t\t\t<\/div>\n\t\t\t\t<\/div>\n\t\t\t\t\t<\/div>\n\t\t<\/div>\n\t\t\t\t\t<\/div>\n\t\t<\/section>\n\t\t\t\t<\/div>","protected":false},"excerpt":{"rendered":"<p>A la fecha se han intervenido 46 puntos en donde fueron habilitados 2213.4 metros cuadrados de v\u00eda, con un avance del 90% de lo dispuesto por la Administraci\u00f3n Distrital.&nbsp; Los comerciantes, moradores, conductores y transe\u00fantes son testigos del mejoramiento vial ejecutado en El Rodadero por la Alcald\u00eda Distrital, en desarrollo del ambicioso programa de Malla&nbsp;Vial, [&hellip;]<\/p>","protected":false},"author":17,"featured_media":9449,"comment_status":"closed","ping_status":"closed","sticky":false,"template":"","format":"standard","meta":{"site-sidebar-layout":"default","site-content-layout":"","ast-site-content-layout":"default","site-content-style":"default","site-sidebar-style":"default","ast-global-header-display":"","ast-banner-title-visibility":"","ast-main-header-display":"","ast-hfb-above-header-display":"","ast-hfb-below-header-display":"","ast-hfb-mobile-header-display":"","site-post-title":"","ast-breadcrumbs-content":"","ast-featured-img":"","footer-sml-layout":"","ast-disable-related-posts":"","theme-transparent-header-meta":"","adv-header-id-meta":"","stick-header-meta":"","header-above-stick-meta":"","header-main-stick-meta":"","header-below-stick-meta":"","astra-migrate-meta-layouts":"default","ast-page-background-enabled":"default","ast-page-background-meta":{"desktop":{"background-color":"var(--ast-global-color-4)","background-image":"","background-repeat":"repeat","background-position":"center center","background-size":"auto","background-attachment":"scroll","background-type":"","background-media":"","overlay-type":"","overlay-color":"","overlay-opacity":"","overlay-gradient":""},"tablet":{"background-color":"","background-image":"","background-repeat":"repeat","background-position":"center center","background-size":"auto","background-attachment":"scroll","background-type":"","background-media":"","overlay-type":"","overlay-color":"","overlay-opacity":"","overlay-gradient":""},"mobile":{"background-color":"","background-image":"","background-repeat":"repeat","background-position":"center center","background-size":"auto","background-attachment":"scroll","background-type":"","background-media":"","overlay-type":"","overlay-color":"","overlay-opacity":"","overlay-gradient":""}},"ast-content-background-meta":{"desktop":{"background-color":"var(--ast-global-color-5)","background-image":"","background-repeat":"repeat","background-position":"center center","background-size":"auto","background-attachment":"scroll","background-type":"","background-media":"","overlay-type":"","overlay-color":"","overlay-opacity":"","overlay-gradient":""},"tablet":{"background-color":"var(--ast-global-color-5)","background-image":"","background-repeat":"repeat","background-position":"center center","background-size":"auto","background-attachment":"scroll","background-type":"","background-media":"","overlay-type":"","overlay-color":"","overlay-opacity":"","overlay-gradient":""},"mobile":{"background-color":"var(--ast-global-color-5)","background-image":"","background-repeat":"repeat","background-position":"center center","background-size":"auto","background-attachment":"scroll","background-type":"","background-media":"","overlay-type":"","overlay-color":"","overlay-opacity":"","overlay-gradient":""}},"footnotes":""},"categories":[53],"tags":[],"class_list":["post-9448","post","type-post","status-publish","format-standard","has-post-thumbnail","hentry","category-ultimas-noticias"],"_links":{"self":[{"href":"https:\/\/edus.gov.co\/en\/wp-json\/wp\/v2\/posts\/9448","targetHints":{"allow":["GET"]}}],"collection":[{"href":"https:\/\/edus.gov.co\/en\/wp-json\/wp\/v2\/posts"}],"about":[{"href":"https:\/\/edus.gov.co\/en\/wp-json\/wp\/v2\/types\/post"}],"author":[{"embeddable":true,"href":"https:\/\/edus.gov.co\/en\/wp-json\/wp\/v2\/users\/17"}],"replies":[{"embeddable":true,"href":"https:\/\/edus.gov.co\/en\/wp-json\/wp\/v2\/comments?post=9448"}],"version-history":[{"count":5,"href":"https:\/\/edus.gov.co\/en\/wp-json\/wp\/v2\/posts\/9448\/revisions"}],"predecessor-version":[{"id":9454,"href":"https:\/\/edus.gov.co\/en\/wp-json\/wp\/v2\/posts\/9448\/revisions\/9454"}],"wp:featuredmedia":[{"embeddable":true,"href":"https:\/\/edus.gov.co\/en\/wp-json\/wp\/v2\/media\/9449"}],"wp:attachment":[{"href":"https:\/\/edus.gov.co\/en\/wp-json\/wp\/v2\/media?parent=9448"}],"wp:term":[{"taxonomy":"category","embeddable":true,"href":"https:\/\/edus.gov.co\/en\/wp-json\/wp\/v2\/categories?post=9448"},{"taxonomy":"post_tag","embeddable":true,"href":"https:\/\/edus.gov.co\/en\/wp-json\/wp\/v2\/tags?post=9448"}],"curies":[{"name":"wp","href":"https:\/\/api.w.org\/{rel}","templated":true}]}}