{"id":9440,"date":"2022-11-11T20:35:00","date_gmt":"2022-11-11T20:35:00","guid":{"rendered":"https:\/\/edus.gov.co\/?p=9440"},"modified":"2022-11-15T20:42:10","modified_gmt":"2022-11-15T20:42:10","slug":"alcaldesa-virna-johnson-dio-inicio-a-las-obras-de-pavimentacion-en-nacho-vives","status":"publish","type":"post","link":"https:\/\/edus.gov.co\/en\/alcaldesa-virna-johnson-dio-inicio-a-las-obras-de-pavimentacion-en-nacho-vives\/","title":{"rendered":"Alcaldesa Virna Johnson dio inicio a las obras de pavimentaci\u00f3n en Nacho Vives\u00a0"},"content":{"rendered":"<div data-elementor-type=\"wp-post\" data-elementor-id=\"9440\" class=\"elementor elementor-9440\" data-elementor-post-type=\"post\">\n\t\t\t\t\t\t<section class=\"elementor-section elementor-top-section elementor-element elementor-element-687bb192 elementor-section-boxed elementor-section-height-default elementor-section-height-default\" data-id=\"687bb192\" data-element_type=\"section\">\n\t\t\t\t\t\t<div class=\"elementor-container elementor-column-gap-default\">\n\t\t\t\t\t<div class=\"elementor-column elementor-col-100 elementor-top-column elementor-element elementor-element-4f30bfab\" data-id=\"4f30bfab\" data-element_type=\"column\">\n\t\t\t<div class=\"elementor-widget-wrap elementor-element-populated\">\n\t\t\t\t\t\t<div class=\"elementor-element elementor-element-2330fad3 elementor-widget elementor-widget-text-editor\" data-id=\"2330fad3\" data-element_type=\"widget\" data-widget_type=\"text-editor.default\">\n\t\t\t\t<div class=\"elementor-widget-container\">\n\t\t\t\t\t\t\t\t\t<p><span lang=\"ES\">Los habitantes del barrio Nacho Vives recibieron con regocijo a la alcaldesa Virna Johnson, quien les anunci\u00f3 el inicio de las obras de pavimentaci\u00f3n de la carrera 18 A entre calles 1\u00aa y 1C de ese sector.<u><\/u>\u00a0<u><\/u><\/span><\/p><p><span lang=\"ES\">La construcci\u00f3n de la v\u00eda hace parte del programa Mi Calle, contemplado en el Plan de Desarrollo Santa Marta Coraz\u00f3n del Cambio, que tiene como objetivo dignificar el barrio y mejorar la calidad de vida de los habitantes de este sector.<u><\/u>\u00a0<u><\/u><\/span><\/p><p><span lang=\"ES\">&#8220;El programa fue retomado en este 2022, con pavimentaci\u00f3n en Los Laureles y Boulevard de las Rosas. Ahora el turno es\u00a0\u00a0Nacho Vives, convirti\u00e9ndose en la tercera obra que iniciamos para beneficio de la comunidad samaria&#8221;, indic\u00f3 la alcaldesa Virna Johnson.<u><\/u>\u00a0<u><\/u><\/span><\/p><p><span lang=\"ES\">La obra, que hace parte\u00a0\u00a0de la transformaci\u00f3n social y urban\u00edstica de Santa Marta con el programa Mi Calle, est\u00e1 a cargo de la Empresa de Desarrollo y Renovaci\u00f3n Urbano Sostenible de Santa Marta \u2013 EDUS.<u><\/u>\u00a0<u><\/u><\/span><\/p><p><span lang=\"ES\">Los trabajos comprenden la intervenci\u00f3n de 409 metros cuadrados de pavimento y 210 de and\u00e9n que traer\u00e1n un mejor aval\u00fao para las viviendas y beneficia a 550 familias que residen en el barrio.<u><\/u>\u00a0<u><\/u><\/span><span lang=\"ES\"><u><\/u>\u00a0<u><\/u><\/span><\/p><p><span lang=\"ES\">\u201cLos beneficios son grand\u00edsimos, cambiar\u00e1 la apariencia del sector, las casas se van a valorizar y todo va a ser diferente, todo va a cambiar\u201d, indic\u00f3 Yonivis Coronel, integrante del Comit\u00e9 de Obra de Nacho Vives.<u><\/u>\u00a0<u><\/u><\/span><\/p><p><span lang=\"ES\">Los habitantes de Nacho Vives tambi\u00e9n resaltaron los beneficios que trae el programa Mi Calle para la comunidad.\u00a0<u><\/u>\u00a0<u><\/u><\/span><\/p><p><span lang=\"ES\">\u201cEl programa Mi Calle es un programa bueno para que Santa Marta siga adelante y tenga un cambio como se lo merece. Que siga as\u00ed no solamente en esta calle si no en otras calles que necesiten la pavimentaci\u00f3n\u201d, indic\u00f3 Nerys Meza, habitante de la zona a intervenir.<u><\/u>\u00a0<u><\/u><\/span><\/p><p><span lang=\"ES\">Con estas obras, la Administraci\u00f3n Distrital le sigue apostando al mejoramiento de las v\u00edas de Santa Marta, la movilidad y la recuperaci\u00f3n de los espacios p\u00fablicos de cara a sus 500 a\u00f1os<\/span><\/p>\t\t\t\t\t\t\t\t<\/div>\n\t\t\t\t<\/div>\n\t\t\t\t\t<\/div>\n\t\t<\/div>\n\t\t\t\t\t<\/div>\n\t\t<\/section>\n\t\t\t\t<section class=\"elementor-section elementor-top-section elementor-element elementor-element-c0d47f5 elementor-section-full_width elementor-section-stretched elementor-section-height-default elementor-section-height-default\" data-id=\"c0d47f5\" data-element_type=\"section\" data-settings=\"{&quot;stretch_section&quot;:&quot;section-stretched&quot;}\">\n\t\t\t\t\t\t\t<div class=\"elementor-background-overlay\"><\/div>\n\t\t\t\t\t\t\t<div class=\"elementor-container elementor-column-gap-default\">\n\t\t\t\t\t<div class=\"elementor-column elementor-col-100 elementor-top-column elementor-element elementor-element-b3f40b9\" data-id=\"b3f40b9\" data-element_type=\"column\">\n\t\t\t<div class=\"elementor-widget-wrap elementor-element-populated\">\n\t\t\t\t\t\t<div class=\"elementor-element elementor-element-939a1e2 elementor-widget elementor-widget-heading\" data-id=\"939a1e2\" data-element_type=\"widget\" data-widget_type=\"heading.default\">\n\t\t\t\t<div class=\"elementor-widget-container\">\n\t\t\t\t\t<h3 class=\"elementor-heading-title elementor-size-default\">\u00daltimas Noticias<\/h3>\t\t\t\t<\/div>\n\t\t\t\t<\/div>\n\t\t\t\t\t<\/div>\n\t\t<\/div>\n\t\t\t\t\t<\/div>\n\t\t<\/section>\n\t\t\t\t<\/div>","protected":false},"excerpt":{"rendered":"<p>Los habitantes del barrio Nacho Vives recibieron con regocijo a la alcaldesa Virna Johnson, quien les anunci\u00f3 el inicio de las obras de pavimentaci\u00f3n de la carrera 18 A entre calles 1\u00aa y 1C de ese sector.&nbsp; La construcci\u00f3n de la v\u00eda hace parte del programa Mi Calle, contemplado en el Plan de Desarrollo Santa [&hellip;]<\/p>","protected":false},"author":17,"featured_media":9441,"comment_status":"closed","ping_status":"closed","sticky":false,"template":"","format":"standard","meta":{"site-sidebar-layout":"default","site-content-layout":"","ast-site-content-layout":"default","site-content-style":"default","site-sidebar-style":"default","ast-global-header-display":"","ast-banner-title-visibility":"","ast-main-header-display":"","ast-hfb-above-header-display":"","ast-hfb-below-header-display":"","ast-hfb-mobile-header-display":"","site-post-title":"","ast-breadcrumbs-content":"","ast-featured-img":"","footer-sml-layout":"","ast-disable-related-posts":"","theme-transparent-header-meta":"","adv-header-id-meta":"","stick-header-meta":"","header-above-stick-meta":"","header-main-stick-meta":"","header-below-stick-meta":"","astra-migrate-meta-layouts":"default","ast-page-background-enabled":"default","ast-page-background-meta":{"desktop":{"background-color":"var(--ast-global-color-4)","background-image":"","background-repeat":"repeat","background-position":"center center","background-size":"auto","background-attachment":"scroll","background-type":"","background-media":"","overlay-type":"","overlay-color":"","overlay-opacity":"","overlay-gradient":""},"tablet":{"background-color":"","background-image":"","background-repeat":"repeat","background-position":"center center","background-size":"auto","background-attachment":"scroll","background-type":"","background-media":"","overlay-type":"","overlay-color":"","overlay-opacity":"","overlay-gradient":""},"mobile":{"background-color":"","background-image":"","background-repeat":"repeat","background-position":"center center","background-size":"auto","background-attachment":"scroll","background-type":"","background-media":"","overlay-type":"","overlay-color":"","overlay-opacity":"","overlay-gradient":""}},"ast-content-background-meta":{"desktop":{"background-color":"var(--ast-global-color-5)","background-image":"","background-repeat":"repeat","background-position":"center center","background-size":"auto","background-attachment":"scroll","background-type":"","background-media":"","overlay-type":"","overlay-color":"","overlay-opacity":"","overlay-gradient":""},"tablet":{"background-color":"var(--ast-global-color-5)","background-image":"","background-repeat":"repeat","background-position":"center center","background-size":"auto","background-attachment":"scroll","background-type":"","background-media":"","overlay-type":"","overlay-color":"","overlay-opacity":"","overlay-gradient":""},"mobile":{"background-color":"var(--ast-global-color-5)","background-image":"","background-repeat":"repeat","background-position":"center center","background-size":"auto","background-attachment":"scroll","background-type":"","background-media":"","overlay-type":"","overlay-color":"","overlay-opacity":"","overlay-gradient":""}},"footnotes":""},"categories":[53],"tags":[],"class_list":["post-9440","post","type-post","status-publish","format-standard","has-post-thumbnail","hentry","category-ultimas-noticias"],"_links":{"self":[{"href":"https:\/\/edus.gov.co\/en\/wp-json\/wp\/v2\/posts\/9440","targetHints":{"allow":["GET"]}}],"collection":[{"href":"https:\/\/edus.gov.co\/en\/wp-json\/wp\/v2\/posts"}],"about":[{"href":"https:\/\/edus.gov.co\/en\/wp-json\/wp\/v2\/types\/post"}],"author":[{"embeddable":true,"href":"https:\/\/edus.gov.co\/en\/wp-json\/wp\/v2\/users\/17"}],"replies":[{"embeddable":true,"href":"https:\/\/edus.gov.co\/en\/wp-json\/wp\/v2\/comments?post=9440"}],"version-history":[{"count":5,"href":"https:\/\/edus.gov.co\/en\/wp-json\/wp\/v2\/posts\/9440\/revisions"}],"predecessor-version":[{"id":9447,"href":"https:\/\/edus.gov.co\/en\/wp-json\/wp\/v2\/posts\/9440\/revisions\/9447"}],"wp:featuredmedia":[{"embeddable":true,"href":"https:\/\/edus.gov.co\/en\/wp-json\/wp\/v2\/media\/9441"}],"wp:attachment":[{"href":"https:\/\/edus.gov.co\/en\/wp-json\/wp\/v2\/media?parent=9440"}],"wp:term":[{"taxonomy":"category","embeddable":true,"href":"https:\/\/edus.gov.co\/en\/wp-json\/wp\/v2\/categories?post=9440"},{"taxonomy":"post_tag","embeddable":true,"href":"https:\/\/edus.gov.co\/en\/wp-json\/wp\/v2\/tags?post=9440"}],"curies":[{"name":"wp","href":"https:\/\/api.w.org\/{rel}","templated":true}]}}