{"id":9427,"date":"2022-10-28T15:39:00","date_gmt":"2022-10-28T15:39:00","guid":{"rendered":"https:\/\/edus.gov.co\/?p=9427"},"modified":"2022-10-29T15:40:44","modified_gmt":"2022-10-29T15:40:44","slug":"avanza-reposicion-de-placas-en-la-malla-vial-de-el-rodadero","status":"publish","type":"post","link":"https:\/\/edus.gov.co\/en\/avanza-reposicion-de-placas-en-la-malla-vial-de-el-rodadero\/","title":{"rendered":"Avanza reposici\u00f3n de placas en la malla vial de El Rodadero\u00a0\u00a0\u00a0"},"content":{"rendered":"<div data-elementor-type=\"wp-post\" data-elementor-id=\"9427\" class=\"elementor elementor-9427\" data-elementor-post-type=\"post\">\n\t\t\t\t\t\t<section class=\"elementor-section elementor-top-section elementor-element elementor-element-687bb192 elementor-section-boxed elementor-section-height-default elementor-section-height-default\" data-id=\"687bb192\" data-element_type=\"section\">\n\t\t\t\t\t\t<div class=\"elementor-container elementor-column-gap-default\">\n\t\t\t\t\t<div class=\"elementor-column elementor-col-100 elementor-top-column elementor-element elementor-element-4f30bfab\" data-id=\"4f30bfab\" data-element_type=\"column\">\n\t\t\t<div class=\"elementor-widget-wrap elementor-element-populated\">\n\t\t\t\t\t\t<div class=\"elementor-element elementor-element-2330fad3 elementor-widget elementor-widget-text-editor\" data-id=\"2330fad3\" data-element_type=\"widget\" data-widget_type=\"text-editor.default\">\n\t\t\t\t<div class=\"elementor-widget-container\">\n\t\t\t\t\t\t\t\t\t<p style=\"font-weight: 400;\"><em>Las obras se iniciaron en la calle 9 con carrera cuarta. Ser\u00e1n 20 puntos a intervenir, que representan 905 m2.\u00a0<\/em><\/p><p style=\"font-weight: 400;\">La Alcald\u00eda Distrital de Santa Marta, a trav\u00e9s de la Empresa de Desarrollo y Renovaci\u00f3n Urbano Sostenible, EDUS, avanza con los arreglos de malla vial en el sector tur\u00edstico de El Rodadero.\u00a0<\/p><p style=\"font-weight: 400;\">Actualmente, se lleva a cabo la reposici\u00f3n de placas en 20 nuevos puntos que se encuentra en estado cr\u00edtico y de esta manera recuperar 905 metros cuadrados de pavimento r\u00edgido.\u00a0<\/p><p style=\"font-weight: 400;\">Los primeros trabajos se iniciaron en la calle 9 con carrera cuarta, para luego avanzar en los puntos restantes y as\u00ed pueda este sector contar con calles en buen estado para el beneficio de todos.\u00a0<\/p><p style=\"font-weight: 400;\">Las nuevas intervenciones se suman a la reposici\u00f3n de placas en 34 puntos de esta zona, con la cual se recuperaron 1.528 m2 de v\u00eda, mejorando la movilidad vehicular en esta importante zona de gran afluencia de propios y turistas.\u00a0<\/p><p style=\"font-weight: 400;\">\u201cEl Plan de Reposici\u00f3n de Placas, hace parte del ambicioso programa de Malla Vial que lidera la alcaldesa Virna Johnson, que hasta la fecha ha habilitado 8.933 metros cuadrados de la red vial en 131 puntos de la ciudad\u201d, indic\u00f3 la gerente encargada de la EDUS, Diela Garc\u00e9s Espitia.\u00a0<\/p><p style=\"font-weight: 400;\">El Distrito tambi\u00e9n trabaja en la priorizaci\u00f3n de m\u00e1s tramos que ser\u00e1n intervenidos para continuar con el proceso de mejoramiento de la movilidad en Santa Marta, lo que impacta positivamente en el desarrollo urbano de la ciudad<strong>.<\/strong><u>\u00a0<\/u><\/p>\t\t\t\t\t\t\t\t<\/div>\n\t\t\t\t<\/div>\n\t\t\t\t\t<\/div>\n\t\t<\/div>\n\t\t\t\t\t<\/div>\n\t\t<\/section>\n\t\t\t\t<section class=\"elementor-section elementor-top-section elementor-element elementor-element-c0d47f5 elementor-section-full_width elementor-section-stretched elementor-section-height-default elementor-section-height-default\" data-id=\"c0d47f5\" data-element_type=\"section\" data-settings=\"{&quot;stretch_section&quot;:&quot;section-stretched&quot;}\">\n\t\t\t\t\t\t\t<div class=\"elementor-background-overlay\"><\/div>\n\t\t\t\t\t\t\t<div class=\"elementor-container elementor-column-gap-default\">\n\t\t\t\t\t<div class=\"elementor-column elementor-col-100 elementor-top-column elementor-element elementor-element-b3f40b9\" data-id=\"b3f40b9\" data-element_type=\"column\">\n\t\t\t<div class=\"elementor-widget-wrap elementor-element-populated\">\n\t\t\t\t\t\t<div class=\"elementor-element elementor-element-939a1e2 elementor-widget elementor-widget-heading\" data-id=\"939a1e2\" data-element_type=\"widget\" data-widget_type=\"heading.default\">\n\t\t\t\t<div class=\"elementor-widget-container\">\n\t\t\t\t\t<h3 class=\"elementor-heading-title elementor-size-default\">\u00daltimas Noticias<\/h3>\t\t\t\t<\/div>\n\t\t\t\t<\/div>\n\t\t\t\t\t<\/div>\n\t\t<\/div>\n\t\t\t\t\t<\/div>\n\t\t<\/section>\n\t\t\t\t<\/div>","protected":false},"excerpt":{"rendered":"<p>Las obras se iniciaron en la calle 9 con carrera cuarta. Ser\u00e1n 20 puntos a intervenir, que representan 905 m2.\u00a0 La Alcald\u00eda Distrital de Santa Marta, a trav\u00e9s de la Empresa de Desarrollo y Renovaci\u00f3n Urbano Sostenible, EDUS, avanza con los arreglos de malla vial en el sector tur\u00edstico de El Rodadero.\u00a0 Actualmente, se lleva [&hellip;]<\/p>","protected":false},"author":17,"featured_media":9428,"comment_status":"closed","ping_status":"closed","sticky":false,"template":"","format":"standard","meta":{"site-sidebar-layout":"default","site-content-layout":"","ast-site-content-layout":"default","site-content-style":"default","site-sidebar-style":"default","ast-global-header-display":"","ast-banner-title-visibility":"","ast-main-header-display":"","ast-hfb-above-header-display":"","ast-hfb-below-header-display":"","ast-hfb-mobile-header-display":"","site-post-title":"","ast-breadcrumbs-content":"","ast-featured-img":"","footer-sml-layout":"","ast-disable-related-posts":"","theme-transparent-header-meta":"","adv-header-id-meta":"","stick-header-meta":"","header-above-stick-meta":"","header-main-stick-meta":"","header-below-stick-meta":"","astra-migrate-meta-layouts":"default","ast-page-background-enabled":"default","ast-page-background-meta":{"desktop":{"background-color":"var(--ast-global-color-4)","background-image":"","background-repeat":"repeat","background-position":"center center","background-size":"auto","background-attachment":"scroll","background-type":"","background-media":"","overlay-type":"","overlay-color":"","overlay-opacity":"","overlay-gradient":""},"tablet":{"background-color":"","background-image":"","background-repeat":"repeat","background-position":"center center","background-size":"auto","background-attachment":"scroll","background-type":"","background-media":"","overlay-type":"","overlay-color":"","overlay-opacity":"","overlay-gradient":""},"mobile":{"background-color":"","background-image":"","background-repeat":"repeat","background-position":"center center","background-size":"auto","background-attachment":"scroll","background-type":"","background-media":"","overlay-type":"","overlay-color":"","overlay-opacity":"","overlay-gradient":""}},"ast-content-background-meta":{"desktop":{"background-color":"var(--ast-global-color-5)","background-image":"","background-repeat":"repeat","background-position":"center center","background-size":"auto","background-attachment":"scroll","background-type":"","background-media":"","overlay-type":"","overlay-color":"","overlay-opacity":"","overlay-gradient":""},"tablet":{"background-color":"var(--ast-global-color-5)","background-image":"","background-repeat":"repeat","background-position":"center center","background-size":"auto","background-attachment":"scroll","background-type":"","background-media":"","overlay-type":"","overlay-color":"","overlay-opacity":"","overlay-gradient":""},"mobile":{"background-color":"var(--ast-global-color-5)","background-image":"","background-repeat":"repeat","background-position":"center center","background-size":"auto","background-attachment":"scroll","background-type":"","background-media":"","overlay-type":"","overlay-color":"","overlay-opacity":"","overlay-gradient":""}},"footnotes":""},"categories":[53],"tags":[],"class_list":["post-9427","post","type-post","status-publish","format-standard","has-post-thumbnail","hentry","category-ultimas-noticias"],"_links":{"self":[{"href":"https:\/\/edus.gov.co\/en\/wp-json\/wp\/v2\/posts\/9427","targetHints":{"allow":["GET"]}}],"collection":[{"href":"https:\/\/edus.gov.co\/en\/wp-json\/wp\/v2\/posts"}],"about":[{"href":"https:\/\/edus.gov.co\/en\/wp-json\/wp\/v2\/types\/post"}],"author":[{"embeddable":true,"href":"https:\/\/edus.gov.co\/en\/wp-json\/wp\/v2\/users\/17"}],"replies":[{"embeddable":true,"href":"https:\/\/edus.gov.co\/en\/wp-json\/wp\/v2\/comments?post=9427"}],"version-history":[{"count":4,"href":"https:\/\/edus.gov.co\/en\/wp-json\/wp\/v2\/posts\/9427\/revisions"}],"predecessor-version":[{"id":9432,"href":"https:\/\/edus.gov.co\/en\/wp-json\/wp\/v2\/posts\/9427\/revisions\/9432"}],"wp:featuredmedia":[{"embeddable":true,"href":"https:\/\/edus.gov.co\/en\/wp-json\/wp\/v2\/media\/9428"}],"wp:attachment":[{"href":"https:\/\/edus.gov.co\/en\/wp-json\/wp\/v2\/media?parent=9427"}],"wp:term":[{"taxonomy":"category","embeddable":true,"href":"https:\/\/edus.gov.co\/en\/wp-json\/wp\/v2\/categories?post=9427"},{"taxonomy":"post_tag","embeddable":true,"href":"https:\/\/edus.gov.co\/en\/wp-json\/wp\/v2\/tags?post=9427"}],"curies":[{"name":"wp","href":"https:\/\/api.w.org\/{rel}","templated":true}]}}