{"id":9408,"date":"2022-10-06T18:38:00","date_gmt":"2022-10-06T18:38:00","guid":{"rendered":"https:\/\/edus.gov.co\/?p=9408"},"modified":"2022-10-27T18:43:03","modified_gmt":"2022-10-27T18:43:03","slug":"alcaldesa-virna-johnson-entregara-mi-calle-en-boulevar-de-las-rosas-y-los-faroles","status":"publish","type":"post","link":"https:\/\/edus.gov.co\/en\/alcaldesa-virna-johnson-entregara-mi-calle-en-boulevar-de-las-rosas-y-los-faroles\/","title":{"rendered":"Alcaldesa Virna Johnson entregar\u00e1 Mi Calle en Boulevar de las Rosas\u00a0y Los Faroles"},"content":{"rendered":"<div data-elementor-type=\"wp-post\" data-elementor-id=\"9408\" class=\"elementor elementor-9408\" data-elementor-post-type=\"post\">\n\t\t\t\t\t\t<section class=\"elementor-section elementor-top-section elementor-element elementor-element-687bb192 elementor-section-boxed elementor-section-height-default elementor-section-height-default\" data-id=\"687bb192\" data-element_type=\"section\">\n\t\t\t\t\t\t<div class=\"elementor-container elementor-column-gap-default\">\n\t\t\t\t\t<div class=\"elementor-column elementor-col-100 elementor-top-column elementor-element elementor-element-4f30bfab\" data-id=\"4f30bfab\" data-element_type=\"column\">\n\t\t\t<div class=\"elementor-widget-wrap elementor-element-populated\">\n\t\t\t\t\t\t<div class=\"elementor-element elementor-element-2330fad3 elementor-widget elementor-widget-text-editor\" data-id=\"2330fad3\" data-element_type=\"widget\" data-widget_type=\"text-editor.default\">\n\t\t\t\t<div class=\"elementor-widget-container\">\n\t\t\t\t\t\t\t\t\t<p>La alcaldesa Virna Johnson y l\u00edderes de la comunidad realizaron un recorrido por la v\u00eda principal que del corregimiento de Bonda conduce hacia la vereda El Curval, que ser\u00e1 pr\u00f3ximamente intervenida.\u00a0<\/p><p>La Mandataria Distrital estuvo acompa\u00f1ada del equipo de la Empresa de Desarrollo y Renovaci\u00f3n Urbano Sostenible, EDUS y de la Secretar\u00eda de Infraestructura, con el fin de conocer los puntos m\u00e1s cr\u00edticos de la v\u00eda.\u00a0<\/p><p>\u201cJunto con la comunidad de Bonda recorrimos su v\u00eda principal para identificar los puntos a intervenir en el mejoramiento de los 3 kil\u00f3metros de la primera fase\u201d, expres\u00f3 la alcaldesa Virna Johnson.\u00a0<\/p><p>Cabe destacar que a trav\u00e9s de la EDUS, en la zona se encuentra\u00a0\u00a0maquinaria amarilla realizando trabajos previos que permitir\u00e1n la movilidad vehicular, en especial retomar la ruta de busetas que llegan hasta la zona veredal.\u00a0<\/p><p>El mejoramiento de la v\u00eda por parte de la Alcald\u00eda Distrital, beneficiar\u00e1 a m\u00e1s de 5.000 personas que residen y laboran, tanto en el corregimiento, como en las veredas aleda\u00f1as.\u00a0<\/p><p>Los habitantes del corregimiento conformaran un Comit\u00e9 de Obra, y han respaldado la iniciativa de la administraci\u00f3n distrital, a lo que se\u00f1alan que podr\u00e1n cumplir sus sue\u00f1os en disfrutar una v\u00eda en \u00f3ptimas condiciones.\u00a0<\/p><p>\u201cEstamos contentos porque la Alcaldesa trajo una respuesta contundente, en donde en aproximadamente 20 d\u00edas la volveremos a tener en nuestro corregimiento anunciando el inicio de la obra\u201d, asegur\u00f3 Israel R\u00edos Barranco, l\u00edder de Bonda.\u00a0<\/p><p><u>\u00a0<\/u><\/p>\t\t\t\t\t\t\t\t<\/div>\n\t\t\t\t<\/div>\n\t\t\t\t\t<\/div>\n\t\t<\/div>\n\t\t\t\t\t<\/div>\n\t\t<\/section>\n\t\t\t\t<section class=\"elementor-section elementor-top-section elementor-element elementor-element-c0d47f5 elementor-section-full_width elementor-section-stretched elementor-section-height-default elementor-section-height-default\" data-id=\"c0d47f5\" data-element_type=\"section\" data-settings=\"{&quot;stretch_section&quot;:&quot;section-stretched&quot;}\">\n\t\t\t\t\t\t\t<div class=\"elementor-background-overlay\"><\/div>\n\t\t\t\t\t\t\t<div class=\"elementor-container elementor-column-gap-default\">\n\t\t\t\t\t<div class=\"elementor-column elementor-col-100 elementor-top-column elementor-element elementor-element-b3f40b9\" data-id=\"b3f40b9\" data-element_type=\"column\">\n\t\t\t<div class=\"elementor-widget-wrap elementor-element-populated\">\n\t\t\t\t\t\t<div class=\"elementor-element elementor-element-939a1e2 elementor-widget elementor-widget-heading\" data-id=\"939a1e2\" data-element_type=\"widget\" data-widget_type=\"heading.default\">\n\t\t\t\t<div class=\"elementor-widget-container\">\n\t\t\t\t\t<h3 class=\"elementor-heading-title elementor-size-default\">\u00daltimas Noticias<\/h3>\t\t\t\t<\/div>\n\t\t\t\t<\/div>\n\t\t\t\t\t<\/div>\n\t\t<\/div>\n\t\t\t\t\t<\/div>\n\t\t<\/section>\n\t\t\t\t<\/div>","protected":false},"excerpt":{"rendered":"<p>Alcaldesa Virna Johnson entregar\u00e1 Mi Calle en Boulevar de las Rosas&nbsp;y Los Faroles&nbsp; La alcaldesa Virna Johnson y l\u00edderes de la comunidad realizaron un recorrido por la v\u00eda principal que del corregimiento de Bonda conduce hacia la vereda El Curval, que ser\u00e1 pr\u00f3ximamente intervenida.&nbsp; La Mandataria Distrital estuvo acompa\u00f1ada del equipo de la Empresa de [&hellip;]<\/p>","protected":false},"author":17,"featured_media":9409,"comment_status":"closed","ping_status":"closed","sticky":false,"template":"","format":"standard","meta":{"site-sidebar-layout":"default","site-content-layout":"","ast-site-content-layout":"default","site-content-style":"default","site-sidebar-style":"default","ast-global-header-display":"","ast-banner-title-visibility":"","ast-main-header-display":"","ast-hfb-above-header-display":"","ast-hfb-below-header-display":"","ast-hfb-mobile-header-display":"","site-post-title":"","ast-breadcrumbs-content":"","ast-featured-img":"","footer-sml-layout":"","ast-disable-related-posts":"","theme-transparent-header-meta":"","adv-header-id-meta":"","stick-header-meta":"","header-above-stick-meta":"","header-main-stick-meta":"","header-below-stick-meta":"","astra-migrate-meta-layouts":"default","ast-page-background-enabled":"default","ast-page-background-meta":{"desktop":{"background-color":"var(--ast-global-color-4)","background-image":"","background-repeat":"repeat","background-position":"center center","background-size":"auto","background-attachment":"scroll","background-type":"","background-media":"","overlay-type":"","overlay-color":"","overlay-opacity":"","overlay-gradient":""},"tablet":{"background-color":"","background-image":"","background-repeat":"repeat","background-position":"center center","background-size":"auto","background-attachment":"scroll","background-type":"","background-media":"","overlay-type":"","overlay-color":"","overlay-opacity":"","overlay-gradient":""},"mobile":{"background-color":"","background-image":"","background-repeat":"repeat","background-position":"center center","background-size":"auto","background-attachment":"scroll","background-type":"","background-media":"","overlay-type":"","overlay-color":"","overlay-opacity":"","overlay-gradient":""}},"ast-content-background-meta":{"desktop":{"background-color":"var(--ast-global-color-5)","background-image":"","background-repeat":"repeat","background-position":"center center","background-size":"auto","background-attachment":"scroll","background-type":"","background-media":"","overlay-type":"","overlay-color":"","overlay-opacity":"","overlay-gradient":""},"tablet":{"background-color":"var(--ast-global-color-5)","background-image":"","background-repeat":"repeat","background-position":"center center","background-size":"auto","background-attachment":"scroll","background-type":"","background-media":"","overlay-type":"","overlay-color":"","overlay-opacity":"","overlay-gradient":""},"mobile":{"background-color":"var(--ast-global-color-5)","background-image":"","background-repeat":"repeat","background-position":"center center","background-size":"auto","background-attachment":"scroll","background-type":"","background-media":"","overlay-type":"","overlay-color":"","overlay-opacity":"","overlay-gradient":""}},"footnotes":""},"categories":[53],"tags":[],"class_list":["post-9408","post","type-post","status-publish","format-standard","has-post-thumbnail","hentry","category-ultimas-noticias"],"_links":{"self":[{"href":"https:\/\/edus.gov.co\/en\/wp-json\/wp\/v2\/posts\/9408","targetHints":{"allow":["GET"]}}],"collection":[{"href":"https:\/\/edus.gov.co\/en\/wp-json\/wp\/v2\/posts"}],"about":[{"href":"https:\/\/edus.gov.co\/en\/wp-json\/wp\/v2\/types\/post"}],"author":[{"embeddable":true,"href":"https:\/\/edus.gov.co\/en\/wp-json\/wp\/v2\/users\/17"}],"replies":[{"embeddable":true,"href":"https:\/\/edus.gov.co\/en\/wp-json\/wp\/v2\/comments?post=9408"}],"version-history":[{"count":2,"href":"https:\/\/edus.gov.co\/en\/wp-json\/wp\/v2\/posts\/9408\/revisions"}],"predecessor-version":[{"id":9411,"href":"https:\/\/edus.gov.co\/en\/wp-json\/wp\/v2\/posts\/9408\/revisions\/9411"}],"wp:featuredmedia":[{"embeddable":true,"href":"https:\/\/edus.gov.co\/en\/wp-json\/wp\/v2\/media\/9409"}],"wp:attachment":[{"href":"https:\/\/edus.gov.co\/en\/wp-json\/wp\/v2\/media?parent=9408"}],"wp:term":[{"taxonomy":"category","embeddable":true,"href":"https:\/\/edus.gov.co\/en\/wp-json\/wp\/v2\/categories?post=9408"},{"taxonomy":"post_tag","embeddable":true,"href":"https:\/\/edus.gov.co\/en\/wp-json\/wp\/v2\/tags?post=9408"}],"curies":[{"name":"wp","href":"https:\/\/api.w.org\/{rel}","templated":true}]}}