{"id":9283,"date":"2022-09-16T20:53:07","date_gmt":"2022-09-16T20:53:07","guid":{"rendered":"https:\/\/edus.gov.co\/?p=9283"},"modified":"2022-09-16T21:19:08","modified_gmt":"2022-09-16T21:19:08","slug":"alcaldia-distrital-realiza-actualizacion-catastral-en-el-sector-de-pozos-colorados","status":"publish","type":"post","link":"https:\/\/edus.gov.co\/en\/alcaldia-distrital-realiza-actualizacion-catastral-en-el-sector-de-pozos-colorados\/","title":{"rendered":"Alcald\u00eda Distrital realiza actualizaci\u00f3n catastral en el sector de Pozos Colorados\u00a0\u00a0"},"content":{"rendered":"<div data-elementor-type=\"wp-post\" data-elementor-id=\"9283\" class=\"elementor elementor-9283\" data-elementor-post-type=\"post\">\n\t\t\t\t\t\t<section class=\"elementor-section elementor-top-section elementor-element elementor-element-687bb192 elementor-section-boxed elementor-section-height-default elementor-section-height-default\" data-id=\"687bb192\" data-element_type=\"section\">\n\t\t\t\t\t\t<div class=\"elementor-container elementor-column-gap-default\">\n\t\t\t\t\t<div class=\"elementor-column elementor-col-100 elementor-top-column elementor-element elementor-element-4f30bfab\" data-id=\"4f30bfab\" data-element_type=\"column\">\n\t\t\t<div class=\"elementor-widget-wrap elementor-element-populated\">\n\t\t\t\t\t\t<div class=\"elementor-element elementor-element-2330fad3 elementor-widget elementor-widget-text-editor\" data-id=\"2330fad3\" data-element_type=\"widget\" data-widget_type=\"text-editor.default\">\n\t\t\t\t<div class=\"elementor-widget-container\">\n\t\t\t\t\t\t\t\t\t<p style=\"font-weight: 400;\"><em>La Unidad Administrativa Especial de Catastro Multiprop\u00f3sito, adelanta este proceso que busca poner al d\u00eda la informaci\u00f3n sobre los predios y su utilizaci\u00f3n, lo que permitir\u00e1 contar con informaci\u00f3n real para la generaci\u00f3n de planes y procesos territoriales en el Distrito.\u00a0<\/em><\/p><p style=\"font-weight: 400;\">La Alcald\u00eda Distrital, a trav\u00e9s de la Unidad Administrativa Especial de Catastro Multiprop\u00f3sito inici\u00f3 en Pozos Colorados la actualizaci\u00f3n catastral, con el prop\u00f3sito de renovar los datos en la informaci\u00f3n de este registro, cumpliendo con las directrices de la alcaldesa Virna Johnson.\u00a0<\/p><p style=\"font-weight: 400;\">Esto se logra desarrollando un conjunto de actividades destinadas a identificar la informaci\u00f3n y caracter\u00edsticas de los predios que conforman el territorio. De este modo, se logra mantener un inventario debidamente actualizado y clasificado de los bienes inmuebles que le pertenecen al Estado y a los particulares.\u00a0<\/p><p style=\"font-weight: 400;\">Con el proceso de actualizaci\u00f3n se logra conseguir la informaci\u00f3n f\u00edsica y jur\u00eddica de los predios en esta zona del Distrito, identificar variables sociales que sirvan como herramientas para llevar a cabo la estructuraci\u00f3n de proyectos acordes a la realidad y a las necesidades de los ciudadanos.\u00a0<\/p><p style=\"font-weight: 400;\">Es de destacar que la base catastral es fundamental para el progreso de la ciudad, teniendo en cuenta que es primordial para la implementaci\u00f3n y planeaci\u00f3n de las pol\u00edticas p\u00fablicas que contribuyen al desarrollo del territorio, y de esa manera, mejorar la asignaci\u00f3n de los recursos.\u00a0<\/p><p style=\"font-weight: 400;\">Con la base de datos actualizada se podr\u00e1 realizar la titulaci\u00f3n de predios, formalizaci\u00f3n de propiedades; permite conocer nuevos establecimientos, reduce la informalidad en la actividad comercial. Tambi\u00e9n se mejora la calidad de las inversiones al tener un mayor conocimiento del territorio y facilita el acceso de los propietarios a cr\u00e9ditos, subsidios y programas estatales.\u00a0<\/p><p style=\"font-weight: 400;\">Como se recordar\u00e1 que hace m\u00e1s de una d\u00e9cada no se realiza una actualizaci\u00f3n catastral y es esencial para conocer en realidad el territorio, y permitirle a la Alcald\u00eda priorizar los proyectos en beneficio de los ciudadanos, lo cual se ver\u00eda reflejado en el crecimiento arquitect\u00f3nico e inmobiliario de la ciudad y en el fortalecimiento de sus finanzas p\u00fablicas.\u00a0<\/p><p style=\"font-weight: 400;\">El proceso de actualizaci\u00f3n catastral lo ejercen las entidades que est\u00e1n autorizadas en calidad de gestores catastrales, para prestar este servicio p\u00fablico. En este caso, el Instituto Geogr\u00e1fico Agust\u00edn Codazzi habilit\u00f3 a Santa Marta como gestor catastral a trav\u00e9s de la Resoluci\u00f3n 766 de 2020, lo cual le da la potestad al Distrito para realizar los procesos de actualizaci\u00f3n, conservaci\u00f3n y difusi\u00f3n catastral<\/p>\t\t\t\t\t\t\t\t<\/div>\n\t\t\t\t<\/div>\n\t\t\t\t\t<\/div>\n\t\t<\/div>\n\t\t\t\t\t<\/div>\n\t\t<\/section>\n\t\t\t\t<section class=\"elementor-section elementor-top-section elementor-element elementor-element-c0d47f5 elementor-section-full_width elementor-section-stretched elementor-section-height-default elementor-section-height-default\" data-id=\"c0d47f5\" data-element_type=\"section\" data-settings=\"{&quot;stretch_section&quot;:&quot;section-stretched&quot;}\">\n\t\t\t\t\t\t\t<div class=\"elementor-background-overlay\"><\/div>\n\t\t\t\t\t\t\t<div class=\"elementor-container elementor-column-gap-default\">\n\t\t\t\t\t<div class=\"elementor-column elementor-col-100 elementor-top-column elementor-element elementor-element-b3f40b9\" data-id=\"b3f40b9\" data-element_type=\"column\">\n\t\t\t<div class=\"elementor-widget-wrap elementor-element-populated\">\n\t\t\t\t\t\t<div class=\"elementor-element elementor-element-939a1e2 elementor-widget elementor-widget-heading\" data-id=\"939a1e2\" data-element_type=\"widget\" data-widget_type=\"heading.default\">\n\t\t\t\t<div class=\"elementor-widget-container\">\n\t\t\t\t\t<h3 class=\"elementor-heading-title elementor-size-default\">\u00daltimas Noticias<\/h3>\t\t\t\t<\/div>\n\t\t\t\t<\/div>\n\t\t\t\t\t<\/div>\n\t\t<\/div>\n\t\t\t\t\t<\/div>\n\t\t<\/section>\n\t\t\t\t<\/div>","protected":false},"excerpt":{"rendered":"<p>La Unidad Administrativa Especial de Catastro Multiprop\u00f3sito, adelanta este proceso que busca poner al d\u00eda la informaci\u00f3n sobre los predios y su utilizaci\u00f3n, lo que permitir\u00e1 contar con informaci\u00f3n real para la generaci\u00f3n de planes y procesos territoriales en el Distrito.\u00a0 La Alcald\u00eda Distrital, a trav\u00e9s de la Unidad Administrativa Especial de Catastro Multiprop\u00f3sito inici\u00f3 [&hellip;]<\/p>","protected":false},"author":17,"featured_media":9284,"comment_status":"closed","ping_status":"closed","sticky":false,"template":"","format":"standard","meta":{"site-sidebar-layout":"default","site-content-layout":"","ast-site-content-layout":"default","site-content-style":"default","site-sidebar-style":"default","ast-global-header-display":"","ast-banner-title-visibility":"","ast-main-header-display":"","ast-hfb-above-header-display":"","ast-hfb-below-header-display":"","ast-hfb-mobile-header-display":"","site-post-title":"","ast-breadcrumbs-content":"","ast-featured-img":"","footer-sml-layout":"","ast-disable-related-posts":"","theme-transparent-header-meta":"","adv-header-id-meta":"","stick-header-meta":"","header-above-stick-meta":"","header-main-stick-meta":"","header-below-stick-meta":"","astra-migrate-meta-layouts":"default","ast-page-background-enabled":"default","ast-page-background-meta":{"desktop":{"background-color":"var(--ast-global-color-4)","background-image":"","background-repeat":"repeat","background-position":"center center","background-size":"auto","background-attachment":"scroll","background-type":"","background-media":"","overlay-type":"","overlay-color":"","overlay-opacity":"","overlay-gradient":""},"tablet":{"background-color":"","background-image":"","background-repeat":"repeat","background-position":"center center","background-size":"auto","background-attachment":"scroll","background-type":"","background-media":"","overlay-type":"","overlay-color":"","overlay-opacity":"","overlay-gradient":""},"mobile":{"background-color":"","background-image":"","background-repeat":"repeat","background-position":"center center","background-size":"auto","background-attachment":"scroll","background-type":"","background-media":"","overlay-type":"","overlay-color":"","overlay-opacity":"","overlay-gradient":""}},"ast-content-background-meta":{"desktop":{"background-color":"var(--ast-global-color-5)","background-image":"","background-repeat":"repeat","background-position":"center center","background-size":"auto","background-attachment":"scroll","background-type":"","background-media":"","overlay-type":"","overlay-color":"","overlay-opacity":"","overlay-gradient":""},"tablet":{"background-color":"var(--ast-global-color-5)","background-image":"","background-repeat":"repeat","background-position":"center center","background-size":"auto","background-attachment":"scroll","background-type":"","background-media":"","overlay-type":"","overlay-color":"","overlay-opacity":"","overlay-gradient":""},"mobile":{"background-color":"var(--ast-global-color-5)","background-image":"","background-repeat":"repeat","background-position":"center center","background-size":"auto","background-attachment":"scroll","background-type":"","background-media":"","overlay-type":"","overlay-color":"","overlay-opacity":"","overlay-gradient":""}},"footnotes":""},"categories":[53],"tags":[],"class_list":["post-9283","post","type-post","status-publish","format-standard","has-post-thumbnail","hentry","category-ultimas-noticias"],"_links":{"self":[{"href":"https:\/\/edus.gov.co\/en\/wp-json\/wp\/v2\/posts\/9283","targetHints":{"allow":["GET"]}}],"collection":[{"href":"https:\/\/edus.gov.co\/en\/wp-json\/wp\/v2\/posts"}],"about":[{"href":"https:\/\/edus.gov.co\/en\/wp-json\/wp\/v2\/types\/post"}],"author":[{"embeddable":true,"href":"https:\/\/edus.gov.co\/en\/wp-json\/wp\/v2\/users\/17"}],"replies":[{"embeddable":true,"href":"https:\/\/edus.gov.co\/en\/wp-json\/wp\/v2\/comments?post=9283"}],"version-history":[{"count":7,"href":"https:\/\/edus.gov.co\/en\/wp-json\/wp\/v2\/posts\/9283\/revisions"}],"predecessor-version":[{"id":9291,"href":"https:\/\/edus.gov.co\/en\/wp-json\/wp\/v2\/posts\/9283\/revisions\/9291"}],"wp:featuredmedia":[{"embeddable":true,"href":"https:\/\/edus.gov.co\/en\/wp-json\/wp\/v2\/media\/9284"}],"wp:attachment":[{"href":"https:\/\/edus.gov.co\/en\/wp-json\/wp\/v2\/media?parent=9283"}],"wp:term":[{"taxonomy":"category","embeddable":true,"href":"https:\/\/edus.gov.co\/en\/wp-json\/wp\/v2\/categories?post=9283"},{"taxonomy":"post_tag","embeddable":true,"href":"https:\/\/edus.gov.co\/en\/wp-json\/wp\/v2\/tags?post=9283"}],"curies":[{"name":"wp","href":"https:\/\/api.w.org\/{rel}","templated":true}]}}