{"id":9263,"date":"2022-08-05T19:42:00","date_gmt":"2022-08-05T19:42:00","guid":{"rendered":"https:\/\/edus.gov.co\/?p=9263"},"modified":"2022-09-13T19:43:02","modified_gmt":"2022-09-13T19:43:02","slug":"avanza-pavimentacion-en-la-calle-14-de-gaira","status":"publish","type":"post","link":"https:\/\/edus.gov.co\/en\/avanza-pavimentacion-en-la-calle-14-de-gaira\/","title":{"rendered":"Avanza pavimentaci\u00f3n en la calle 14 de Gaira"},"content":{"rendered":"<div data-elementor-type=\"wp-post\" data-elementor-id=\"9263\" class=\"elementor elementor-9263\" data-elementor-post-type=\"post\">\n\t\t\t\t\t\t<section class=\"elementor-section elementor-top-section elementor-element elementor-element-687bb192 elementor-section-boxed elementor-section-height-default elementor-section-height-default\" data-id=\"687bb192\" data-element_type=\"section\">\n\t\t\t\t\t\t<div class=\"elementor-container elementor-column-gap-default\">\n\t\t\t\t\t<div class=\"elementor-column elementor-col-100 elementor-top-column elementor-element elementor-element-4f30bfab\" data-id=\"4f30bfab\" data-element_type=\"column\">\n\t\t\t<div class=\"elementor-widget-wrap elementor-element-populated\">\n\t\t\t\t\t\t<div class=\"elementor-element elementor-element-2330fad3 elementor-widget elementor-widget-text-editor\" data-id=\"2330fad3\" data-element_type=\"widget\" data-widget_type=\"text-editor.default\">\n\t\t\t\t<div class=\"elementor-widget-container\">\n\t\t\t\t\t\t\t\t\t<p>Con el vaciado de concreto avanzan las obras de pavimentaci\u00f3n de la calle 14 de Gaira, una de las m\u00e1s importantes que lidera la Alcald\u00eda Distrital con el fin de mejorar la movilidad y dignificar la vida de los samarios y residente del sector.<\/p><p>En el inicio del proceso que hace parte del Programa Malla Vial, se instalaron 16 metros de pavimento r\u00edgido, que corresponde a los primeros 80 metros cuadrados de v\u00eda, cuyo proyecto es ejecutado por la Empresa de Desarrollo y Renovaci\u00f3n Urbano Sostenible, EDUS.<\/p><p>\u201cEstamos cumpliendo con los compromisos pactados por la alcaldesa Virna Johnson con la comunidad en agilizar los trabajos, para que puedan tener una v\u00eda totalmente transformada\u201d, expres\u00f3 el gerente de la EDUS, Orlando V\u00e9lez Fern\u00e1ndez.<\/p><p>La meta es pavimentar 2.574 metros cuadrados, que impacta positivamente a 2.360 personas, incluyendo a habitantes de la zona centro, La Coquera y parte del cerro de San Jacinto.<\/p><p>Con esta calle mejorada se valorizar\u00e1n las viviendas aleda\u00f1as pertenecientes al barrio Villa Berl\u00edn, que mejorar\u00e1 con la recolecci\u00f3n y transporte de aguas residuales, la distribuci\u00f3n de agua potable, la mitigaci\u00f3n de las inundaciones de aguas lluvias, entre otros beneficios.<\/p><p>\u201cTengo m\u00e1s de 10 a\u00f1os de residir en el sector, y ver que ya se est\u00e1n fundiendo las placas, vemos la evoluci\u00f3n de la obra y estamos viendo el cambio en esta v\u00eda que necesit\u00e1bamos\u201d, asegur\u00f3 Ferney Calle.<\/p><p>La pavimentaci\u00f3n de la calle 14 seguir\u00e1 con las adecuaciones respectivas de tuber\u00eda de agua potable y alcantarillado para poder entregar la obra a los gaireros y beneficiar a los ciudadanos de esta zona.<\/p>\t\t\t\t\t\t\t\t<\/div>\n\t\t\t\t<\/div>\n\t\t\t\t\t<\/div>\n\t\t<\/div>\n\t\t\t\t\t<\/div>\n\t\t<\/section>\n\t\t\t\t<section class=\"elementor-section elementor-top-section elementor-element elementor-element-c0d47f5 elementor-section-full_width elementor-section-stretched elementor-section-height-default elementor-section-height-default\" data-id=\"c0d47f5\" data-element_type=\"section\" data-settings=\"{&quot;stretch_section&quot;:&quot;section-stretched&quot;}\">\n\t\t\t\t\t\t\t<div class=\"elementor-background-overlay\"><\/div>\n\t\t\t\t\t\t\t<div class=\"elementor-container elementor-column-gap-default\">\n\t\t\t\t\t<div class=\"elementor-column elementor-col-100 elementor-top-column elementor-element elementor-element-b3f40b9\" data-id=\"b3f40b9\" data-element_type=\"column\">\n\t\t\t<div class=\"elementor-widget-wrap elementor-element-populated\">\n\t\t\t\t\t\t<div class=\"elementor-element elementor-element-939a1e2 elementor-widget elementor-widget-heading\" data-id=\"939a1e2\" data-element_type=\"widget\" data-widget_type=\"heading.default\">\n\t\t\t\t<div class=\"elementor-widget-container\">\n\t\t\t\t\t<h3 class=\"elementor-heading-title elementor-size-default\">\u00daltimas Noticias<\/h3>\t\t\t\t<\/div>\n\t\t\t\t<\/div>\n\t\t\t\t\t<\/div>\n\t\t<\/div>\n\t\t\t\t\t<\/div>\n\t\t<\/section>\n\t\t\t\t<\/div>","protected":false},"excerpt":{"rendered":"<p>Con el vaciado de concreto avanzan las obras de pavimentaci\u00f3n de la calle 14 de Gaira, una de las m\u00e1s importantes que lidera la Alcald\u00eda Distrital con el fin de mejorar la movilidad y dignificar la vida de los samarios y residente del sector. En el inicio del proceso que hace parte del Programa Malla [&hellip;]<\/p>","protected":false},"author":17,"featured_media":9264,"comment_status":"closed","ping_status":"closed","sticky":false,"template":"","format":"standard","meta":{"site-sidebar-layout":"default","site-content-layout":"","ast-site-content-layout":"default","site-content-style":"default","site-sidebar-style":"default","ast-global-header-display":"","ast-banner-title-visibility":"","ast-main-header-display":"","ast-hfb-above-header-display":"","ast-hfb-below-header-display":"","ast-hfb-mobile-header-display":"","site-post-title":"","ast-breadcrumbs-content":"","ast-featured-img":"","footer-sml-layout":"","ast-disable-related-posts":"","theme-transparent-header-meta":"","adv-header-id-meta":"","stick-header-meta":"","header-above-stick-meta":"","header-main-stick-meta":"","header-below-stick-meta":"","astra-migrate-meta-layouts":"default","ast-page-background-enabled":"default","ast-page-background-meta":{"desktop":{"background-color":"var(--ast-global-color-4)","background-image":"","background-repeat":"repeat","background-position":"center center","background-size":"auto","background-attachment":"scroll","background-type":"","background-media":"","overlay-type":"","overlay-color":"","overlay-opacity":"","overlay-gradient":""},"tablet":{"background-color":"","background-image":"","background-repeat":"repeat","background-position":"center center","background-size":"auto","background-attachment":"scroll","background-type":"","background-media":"","overlay-type":"","overlay-color":"","overlay-opacity":"","overlay-gradient":""},"mobile":{"background-color":"","background-image":"","background-repeat":"repeat","background-position":"center center","background-size":"auto","background-attachment":"scroll","background-type":"","background-media":"","overlay-type":"","overlay-color":"","overlay-opacity":"","overlay-gradient":""}},"ast-content-background-meta":{"desktop":{"background-color":"var(--ast-global-color-5)","background-image":"","background-repeat":"repeat","background-position":"center center","background-size":"auto","background-attachment":"scroll","background-type":"","background-media":"","overlay-type":"","overlay-color":"","overlay-opacity":"","overlay-gradient":""},"tablet":{"background-color":"var(--ast-global-color-5)","background-image":"","background-repeat":"repeat","background-position":"center center","background-size":"auto","background-attachment":"scroll","background-type":"","background-media":"","overlay-type":"","overlay-color":"","overlay-opacity":"","overlay-gradient":""},"mobile":{"background-color":"var(--ast-global-color-5)","background-image":"","background-repeat":"repeat","background-position":"center center","background-size":"auto","background-attachment":"scroll","background-type":"","background-media":"","overlay-type":"","overlay-color":"","overlay-opacity":"","overlay-gradient":""}},"footnotes":""},"categories":[53],"tags":[],"class_list":["post-9263","post","type-post","status-publish","format-standard","has-post-thumbnail","hentry","category-ultimas-noticias"],"_links":{"self":[{"href":"https:\/\/edus.gov.co\/en\/wp-json\/wp\/v2\/posts\/9263","targetHints":{"allow":["GET"]}}],"collection":[{"href":"https:\/\/edus.gov.co\/en\/wp-json\/wp\/v2\/posts"}],"about":[{"href":"https:\/\/edus.gov.co\/en\/wp-json\/wp\/v2\/types\/post"}],"author":[{"embeddable":true,"href":"https:\/\/edus.gov.co\/en\/wp-json\/wp\/v2\/users\/17"}],"replies":[{"embeddable":true,"href":"https:\/\/edus.gov.co\/en\/wp-json\/wp\/v2\/comments?post=9263"}],"version-history":[{"count":4,"href":"https:\/\/edus.gov.co\/en\/wp-json\/wp\/v2\/posts\/9263\/revisions"}],"predecessor-version":[{"id":9268,"href":"https:\/\/edus.gov.co\/en\/wp-json\/wp\/v2\/posts\/9263\/revisions\/9268"}],"wp:featuredmedia":[{"embeddable":true,"href":"https:\/\/edus.gov.co\/en\/wp-json\/wp\/v2\/media\/9264"}],"wp:attachment":[{"href":"https:\/\/edus.gov.co\/en\/wp-json\/wp\/v2\/media?parent=9263"}],"wp:term":[{"taxonomy":"category","embeddable":true,"href":"https:\/\/edus.gov.co\/en\/wp-json\/wp\/v2\/categories?post=9263"},{"taxonomy":"post_tag","embeddable":true,"href":"https:\/\/edus.gov.co\/en\/wp-json\/wp\/v2\/tags?post=9263"}],"curies":[{"name":"wp","href":"https:\/\/api.w.org\/{rel}","templated":true}]}}