{"id":9192,"date":"2022-08-28T21:19:00","date_gmt":"2022-08-28T21:19:00","guid":{"rendered":"https:\/\/edus.gov.co\/?p=9192"},"modified":"2022-09-09T21:21:44","modified_gmt":"2022-09-09T21:21:44","slug":"habitantes-del-barrio-los-laureles-disfrutan-de-una-nueva-via-pavimentada","status":"publish","type":"post","link":"https:\/\/edus.gov.co\/en\/habitantes-del-barrio-los-laureles-disfrutan-de-una-nueva-via-pavimentada\/","title":{"rendered":"Habitantes del barrio Los Laureles disfrutan de una nueva v\u00eda pavimentada\u00a0"},"content":{"rendered":"<div data-elementor-type=\"wp-post\" data-elementor-id=\"9192\" class=\"elementor elementor-9192\" data-elementor-post-type=\"post\">\n\t\t\t\t\t\t<section class=\"elementor-section elementor-top-section elementor-element elementor-element-687bb192 elementor-section-boxed elementor-section-height-default elementor-section-height-default\" data-id=\"687bb192\" data-element_type=\"section\">\n\t\t\t\t\t\t<div class=\"elementor-container elementor-column-gap-default\">\n\t\t\t\t\t<div class=\"elementor-column elementor-col-100 elementor-top-column elementor-element elementor-element-4f30bfab\" data-id=\"4f30bfab\" data-element_type=\"column\">\n\t\t\t<div class=\"elementor-widget-wrap elementor-element-populated\">\n\t\t\t\t\t\t<div class=\"elementor-element elementor-element-2330fad3 elementor-widget elementor-widget-text-editor\" data-id=\"2330fad3\" data-element_type=\"widget\" data-widget_type=\"text-editor.default\">\n\t\t\t\t<div class=\"elementor-widget-container\">\n\t\t\t\t\t\t\t\t\t<p>Con una integraci\u00f3n, los moradores del barrio Los Laureles celebraron la pavimentaci\u00f3n de su calle principal, obra enmarcada en el programa Mi Calle, liderado por la alcaldesa Virna Johnson.\u00a0<\/p><p>Con esta obra, la mandataria de los samarios cumple con el compromiso de hacer realidad los sue\u00f1os de los moradores, entregando una v\u00eda digna, en el marco de transformaci\u00f3n de la ciudad que se encuentra contemplado en el Plan de Desarrollo \u2018Santa Marta Coraz\u00f3n del Cambio\u2019.\u00a0<\/p><p>\u201cGracias al Comit\u00e9 de Obra que estuvo pendiente para que este proyecto se ejecutara de acuerdo a lo estipulado. Estamos dando esta excelente noticia, que ya Los Laureles cuenta con su calle pavimentada, tal como nos comprometimos, entregando un nuevo espacio para los ni\u00f1os, los adultos mayores, que impacta positivamente en todos los residentes\u201d, dijo la alcaldesa Virna Johnson.\u00a0<\/p><p>La Mandataria Distrital, agreg\u00f3 que este es un cambio que contin\u00faa imparable de la mano de la comunidad.\u00a0<\/p><p>El proyecto se ejecut\u00f3 en la calle 29K3, entre la carrera 22 y la avenida del Ferrocarril, en donde la administraci\u00f3n de la alcaldesa Virna Johnson paviment\u00f3 2.715 metros cuadrados de calzada vial y 550 metros de espacio p\u00fablico, que al igual que los dem\u00e1s proyectos ejecutados por la Alcald\u00eda Distrital, cumplen con toda la normativa de accesibilidad para las personas con limitaciones de movilidad.\u00a0<\/p><p>La v\u00eda pavimentada beneficia de manera directa a 325 personas de este sector, as\u00ed como a los habitantes de barrios aleda\u00f1os como Villa U, Comunidad Universitaria y El Pi\u00f1\u00f3n, entre otros.\u00a0<\/p><p>Para la comunidad, esta obra brinda bienestar, que demuestra que est\u00e1n siendo bien administrados los recursos por parte del gobierno Distrital.\u00a0<\/p><p>\u201cHoy es un d\u00eda hist\u00f3rico para nuestra comunidad con esta obra que generar\u00e1 un impacto social y mejorar\u00e1 las condiciones de vida de nuestra poblaci\u00f3n. Es una obra que se va a convertir en un tramo vial importante que fortalecer\u00e1 la movilidad, convirtiendo un entorno agradable, saludable con la recuperaci\u00f3n de los espacios y colocarlos en funci\u00f3n de nuestra comunidad\u201d, expres\u00f3 Carlos Villalobos, presidente de la Junta de Acci\u00f3n Comunal de Los Laureles.\u00a0<\/p><p>Para Evenis Potes, quien reside en el barrio por m\u00e1s de 26 a\u00f1os, era una obra con la que so\u00f1aba. \u201cEsta pavimentaci\u00f3n la est\u00e1bamos esperando desde hace m\u00e1s de dos d\u00e9cadas, nos hab\u00edan pintado pajaritos en el aire y ahora es un proyecto hecho realidad gracias al Gobierno del Cambio\u201d agreg\u00f3 Evenis.\u00a0<\/p><p>La dignificaci\u00f3n de los barrios de Santa Marta, con una mejor movilidad y espacios p\u00fablicos recuperados es una misi\u00f3n fundamental de los Gobiernos del Cambio, que se inici\u00f3 en la administraci\u00f3n del actual gobernador Carlos Caicedo, avanz\u00f3 con el gobierno de Rafael Mart\u00ednez y contin\u00faa con la alcaldesa Virna Johnson.\u00a0<\/p>\t\t\t\t\t\t\t\t<\/div>\n\t\t\t\t<\/div>\n\t\t\t\t\t<\/div>\n\t\t<\/div>\n\t\t\t\t\t<\/div>\n\t\t<\/section>\n\t\t\t\t<section class=\"elementor-section elementor-top-section elementor-element elementor-element-c0d47f5 elementor-section-full_width elementor-section-stretched elementor-section-height-default elementor-section-height-default\" data-id=\"c0d47f5\" data-element_type=\"section\" data-settings=\"{&quot;stretch_section&quot;:&quot;section-stretched&quot;}\">\n\t\t\t\t\t\t\t<div class=\"elementor-background-overlay\"><\/div>\n\t\t\t\t\t\t\t<div class=\"elementor-container elementor-column-gap-default\">\n\t\t\t\t\t<div class=\"elementor-column elementor-col-100 elementor-top-column elementor-element elementor-element-b3f40b9\" data-id=\"b3f40b9\" data-element_type=\"column\">\n\t\t\t<div class=\"elementor-widget-wrap elementor-element-populated\">\n\t\t\t\t\t\t<div class=\"elementor-element elementor-element-939a1e2 elementor-widget elementor-widget-heading\" data-id=\"939a1e2\" data-element_type=\"widget\" data-widget_type=\"heading.default\">\n\t\t\t\t<div class=\"elementor-widget-container\">\n\t\t\t\t\t<h3 class=\"elementor-heading-title elementor-size-default\">\u00daltimas Noticias<\/h3>\t\t\t\t<\/div>\n\t\t\t\t<\/div>\n\t\t\t\t\t<\/div>\n\t\t<\/div>\n\t\t\t\t\t<\/div>\n\t\t<\/section>\n\t\t\t\t<\/div>","protected":false},"excerpt":{"rendered":"<p>Con una integraci\u00f3n, los moradores del barrio Los Laureles celebraron la pavimentaci\u00f3n de su calle principal, obra enmarcada en el programa Mi Calle, liderado por la alcaldesa Virna Johnson.&nbsp; Con esta obra, la mandataria de los samarios cumple con el compromiso de hacer realidad los sue\u00f1os de los moradores, entregando una v\u00eda digna, en el [&hellip;]<\/p>","protected":false},"author":17,"featured_media":9193,"comment_status":"closed","ping_status":"closed","sticky":false,"template":"","format":"standard","meta":{"site-sidebar-layout":"default","site-content-layout":"","ast-site-content-layout":"default","site-content-style":"default","site-sidebar-style":"default","ast-global-header-display":"","ast-banner-title-visibility":"","ast-main-header-display":"","ast-hfb-above-header-display":"","ast-hfb-below-header-display":"","ast-hfb-mobile-header-display":"","site-post-title":"","ast-breadcrumbs-content":"","ast-featured-img":"","footer-sml-layout":"","ast-disable-related-posts":"","theme-transparent-header-meta":"","adv-header-id-meta":"","stick-header-meta":"","header-above-stick-meta":"","header-main-stick-meta":"","header-below-stick-meta":"","astra-migrate-meta-layouts":"default","ast-page-background-enabled":"default","ast-page-background-meta":{"desktop":{"background-color":"var(--ast-global-color-4)","background-image":"","background-repeat":"repeat","background-position":"center center","background-size":"auto","background-attachment":"scroll","background-type":"","background-media":"","overlay-type":"","overlay-color":"","overlay-opacity":"","overlay-gradient":""},"tablet":{"background-color":"","background-image":"","background-repeat":"repeat","background-position":"center center","background-size":"auto","background-attachment":"scroll","background-type":"","background-media":"","overlay-type":"","overlay-color":"","overlay-opacity":"","overlay-gradient":""},"mobile":{"background-color":"","background-image":"","background-repeat":"repeat","background-position":"center center","background-size":"auto","background-attachment":"scroll","background-type":"","background-media":"","overlay-type":"","overlay-color":"","overlay-opacity":"","overlay-gradient":""}},"ast-content-background-meta":{"desktop":{"background-color":"var(--ast-global-color-5)","background-image":"","background-repeat":"repeat","background-position":"center center","background-size":"auto","background-attachment":"scroll","background-type":"","background-media":"","overlay-type":"","overlay-color":"","overlay-opacity":"","overlay-gradient":""},"tablet":{"background-color":"var(--ast-global-color-5)","background-image":"","background-repeat":"repeat","background-position":"center center","background-size":"auto","background-attachment":"scroll","background-type":"","background-media":"","overlay-type":"","overlay-color":"","overlay-opacity":"","overlay-gradient":""},"mobile":{"background-color":"var(--ast-global-color-5)","background-image":"","background-repeat":"repeat","background-position":"center center","background-size":"auto","background-attachment":"scroll","background-type":"","background-media":"","overlay-type":"","overlay-color":"","overlay-opacity":"","overlay-gradient":""}},"footnotes":""},"categories":[53],"tags":[],"class_list":["post-9192","post","type-post","status-publish","format-standard","has-post-thumbnail","hentry","category-ultimas-noticias"],"_links":{"self":[{"href":"https:\/\/edus.gov.co\/en\/wp-json\/wp\/v2\/posts\/9192","targetHints":{"allow":["GET"]}}],"collection":[{"href":"https:\/\/edus.gov.co\/en\/wp-json\/wp\/v2\/posts"}],"about":[{"href":"https:\/\/edus.gov.co\/en\/wp-json\/wp\/v2\/types\/post"}],"author":[{"embeddable":true,"href":"https:\/\/edus.gov.co\/en\/wp-json\/wp\/v2\/users\/17"}],"replies":[{"embeddable":true,"href":"https:\/\/edus.gov.co\/en\/wp-json\/wp\/v2\/comments?post=9192"}],"version-history":[{"count":5,"href":"https:\/\/edus.gov.co\/en\/wp-json\/wp\/v2\/posts\/9192\/revisions"}],"predecessor-version":[{"id":9198,"href":"https:\/\/edus.gov.co\/en\/wp-json\/wp\/v2\/posts\/9192\/revisions\/9198"}],"wp:featuredmedia":[{"embeddable":true,"href":"https:\/\/edus.gov.co\/en\/wp-json\/wp\/v2\/media\/9193"}],"wp:attachment":[{"href":"https:\/\/edus.gov.co\/en\/wp-json\/wp\/v2\/media?parent=9192"}],"wp:term":[{"taxonomy":"category","embeddable":true,"href":"https:\/\/edus.gov.co\/en\/wp-json\/wp\/v2\/categories?post=9192"},{"taxonomy":"post_tag","embeddable":true,"href":"https:\/\/edus.gov.co\/en\/wp-json\/wp\/v2\/tags?post=9192"}],"curies":[{"name":"wp","href":"https:\/\/api.w.org\/{rel}","templated":true}]}}