{"id":9161,"date":"2022-08-31T16:32:00","date_gmt":"2022-08-31T16:32:00","guid":{"rendered":"https:\/\/edus.gov.co\/?p=9161"},"modified":"2022-09-05T16:33:51","modified_gmt":"2022-09-05T16:33:51","slug":"con-programa-mi-calle-avanza-la-pavimentacion-en-boulevard-de-las-rosas-y-los-faroles","status":"publish","type":"post","link":"https:\/\/edus.gov.co\/en\/con-programa-mi-calle-avanza-la-pavimentacion-en-boulevard-de-las-rosas-y-los-faroles\/","title":{"rendered":"Con programa Mi Calle avanza la pavimentaci\u00f3n en Boulevard de las Rosas y Los Faroles\u00a0"},"content":{"rendered":"<div data-elementor-type=\"wp-post\" data-elementor-id=\"9161\" class=\"elementor elementor-9161\" data-elementor-post-type=\"post\">\n\t\t\t\t\t\t<section class=\"elementor-section elementor-top-section elementor-element elementor-element-687bb192 elementor-section-boxed elementor-section-height-default elementor-section-height-default\" data-id=\"687bb192\" data-element_type=\"section\">\n\t\t\t\t\t\t<div class=\"elementor-container elementor-column-gap-default\">\n\t\t\t\t\t<div class=\"elementor-column elementor-col-100 elementor-top-column elementor-element elementor-element-4f30bfab\" data-id=\"4f30bfab\" data-element_type=\"column\">\n\t\t\t<div class=\"elementor-widget-wrap elementor-element-populated\">\n\t\t\t\t\t\t<div class=\"elementor-element elementor-element-2330fad3 elementor-widget elementor-widget-text-editor\" data-id=\"2330fad3\" data-element_type=\"widget\" data-widget_type=\"text-editor.default\">\n\t\t\t\t<div class=\"elementor-widget-container\">\n\t\t\t\t\t\t\t\t\t<p>La pavimentaci\u00f3n de la v\u00eda que une a los barrios Boulevard de las Rosas y Los Faroles, es la segunda obra que se adelanta con el programa Mi Calle de la Alcald\u00eda de Santa Marta, a trav\u00e9s de la Empresa de Desarrollo y Renovaci\u00f3n Urbano Sostenible, EDUS.\u00a0<\/p><p>Los trabajos que se adelantan en este sector se encuentran en un 83% con 2.420 metros cuadrados de v\u00eda pavimentada en concreto r\u00edgido y la construcci\u00f3n de 617 metros cuadrados de espacio p\u00fablico.\u00a0<\/p><p>Mi Calle hace parte de la recuperaci\u00f3n vial de la ciudad, enmarcado en el plan de desarrollo Santa Marta Coraz\u00f3n del Cambio que lidera la alcaldesa Virna Johnson y tiene como objetivo la intervenci\u00f3n de 2.899 metros cuadrados de calle.\u00a0<\/p><p>As\u00ed mismo la construcci\u00f3n de 1.286 metros lineales de espacio p\u00fablico\u00a0en concreto ajustados a la normativa de accesibilidad para las personas con limitaciones de movilidad, cumpliendo con uno de los prop\u00f3sitos de la Alcald\u00eda del Cambio.\u00a0<\/p><p>Esta obra que se encuentra en su fase final impacta positivamente en m\u00e1s de 2.000 habitantes de ambos sectores ubicados en el sur de la ciudad, as\u00ed mismo, benefician a los moradores de los barrios Villa Bella, Villa del Carmen 1,2 y 3, Portal de la 19, El Mayor, entre otros.\u00a0<\/p><p>Es de resaltar que este programa de los Gobiernos del Cambio, no solo han transformado la movilidad en Santa Marta, sino que a su vez ha dignificado los barrios y la vida de las comunidades samarias.\u00a0<\/p><p>Otras acciones del Gobierno Distrital para el mejoramiento de las v\u00edas, son: Malla Vial y Reposici\u00f3n de Placas\u00a0para que Santa Marta pueda contar con una infraestructura que permita una mejor movilidad vehicular y un adecuado espacio, avanzando rumbo a los 500 a\u00f1os de la ciudad.\u00a0<\/p><p style=\"font-weight: 400;\">.\u00a0<\/p>\t\t\t\t\t\t\t\t<\/div>\n\t\t\t\t<\/div>\n\t\t\t\t\t<\/div>\n\t\t<\/div>\n\t\t\t\t\t<\/div>\n\t\t<\/section>\n\t\t\t\t<section class=\"elementor-section elementor-top-section elementor-element elementor-element-c0d47f5 elementor-section-full_width elementor-section-stretched elementor-section-height-default elementor-section-height-default\" data-id=\"c0d47f5\" data-element_type=\"section\" data-settings=\"{&quot;stretch_section&quot;:&quot;section-stretched&quot;}\">\n\t\t\t\t\t\t\t<div class=\"elementor-background-overlay\"><\/div>\n\t\t\t\t\t\t\t<div class=\"elementor-container elementor-column-gap-default\">\n\t\t\t\t\t<div class=\"elementor-column elementor-col-100 elementor-top-column elementor-element elementor-element-b3f40b9\" data-id=\"b3f40b9\" data-element_type=\"column\">\n\t\t\t<div class=\"elementor-widget-wrap elementor-element-populated\">\n\t\t\t\t\t\t<div class=\"elementor-element elementor-element-939a1e2 elementor-widget elementor-widget-heading\" data-id=\"939a1e2\" data-element_type=\"widget\" data-widget_type=\"heading.default\">\n\t\t\t\t<div class=\"elementor-widget-container\">\n\t\t\t\t\t<h3 class=\"elementor-heading-title elementor-size-default\">\u00daltimas Noticias<\/h3>\t\t\t\t<\/div>\n\t\t\t\t<\/div>\n\t\t\t\t\t<\/div>\n\t\t<\/div>\n\t\t\t\t\t<\/div>\n\t\t<\/section>\n\t\t\t\t<\/div>","protected":false},"excerpt":{"rendered":"<p>La pavimentaci\u00f3n de la v\u00eda que une a los barrios Boulevard de las Rosas y Los Faroles, es la segunda obra que se adelanta con el programa Mi Calle de la Alcald\u00eda de Santa Marta, a trav\u00e9s de la Empresa de Desarrollo y Renovaci\u00f3n Urbano Sostenible, EDUS.\u00a0 Los trabajos que se adelantan en este sector [&hellip;]<\/p>","protected":false},"author":17,"featured_media":9162,"comment_status":"closed","ping_status":"closed","sticky":false,"template":"","format":"standard","meta":{"site-sidebar-layout":"default","site-content-layout":"","ast-site-content-layout":"default","site-content-style":"default","site-sidebar-style":"default","ast-global-header-display":"","ast-banner-title-visibility":"","ast-main-header-display":"","ast-hfb-above-header-display":"","ast-hfb-below-header-display":"","ast-hfb-mobile-header-display":"","site-post-title":"","ast-breadcrumbs-content":"","ast-featured-img":"","footer-sml-layout":"","ast-disable-related-posts":"","theme-transparent-header-meta":"","adv-header-id-meta":"","stick-header-meta":"","header-above-stick-meta":"","header-main-stick-meta":"","header-below-stick-meta":"","astra-migrate-meta-layouts":"default","ast-page-background-enabled":"default","ast-page-background-meta":{"desktop":{"background-color":"var(--ast-global-color-4)","background-image":"","background-repeat":"repeat","background-position":"center center","background-size":"auto","background-attachment":"scroll","background-type":"","background-media":"","overlay-type":"","overlay-color":"","overlay-opacity":"","overlay-gradient":""},"tablet":{"background-color":"","background-image":"","background-repeat":"repeat","background-position":"center center","background-size":"auto","background-attachment":"scroll","background-type":"","background-media":"","overlay-type":"","overlay-color":"","overlay-opacity":"","overlay-gradient":""},"mobile":{"background-color":"","background-image":"","background-repeat":"repeat","background-position":"center center","background-size":"auto","background-attachment":"scroll","background-type":"","background-media":"","overlay-type":"","overlay-color":"","overlay-opacity":"","overlay-gradient":""}},"ast-content-background-meta":{"desktop":{"background-color":"var(--ast-global-color-5)","background-image":"","background-repeat":"repeat","background-position":"center center","background-size":"auto","background-attachment":"scroll","background-type":"","background-media":"","overlay-type":"","overlay-color":"","overlay-opacity":"","overlay-gradient":""},"tablet":{"background-color":"var(--ast-global-color-5)","background-image":"","background-repeat":"repeat","background-position":"center center","background-size":"auto","background-attachment":"scroll","background-type":"","background-media":"","overlay-type":"","overlay-color":"","overlay-opacity":"","overlay-gradient":""},"mobile":{"background-color":"var(--ast-global-color-5)","background-image":"","background-repeat":"repeat","background-position":"center center","background-size":"auto","background-attachment":"scroll","background-type":"","background-media":"","overlay-type":"","overlay-color":"","overlay-opacity":"","overlay-gradient":""}},"footnotes":""},"categories":[53],"tags":[],"class_list":["post-9161","post","type-post","status-publish","format-standard","has-post-thumbnail","hentry","category-ultimas-noticias"],"_links":{"self":[{"href":"https:\/\/edus.gov.co\/en\/wp-json\/wp\/v2\/posts\/9161","targetHints":{"allow":["GET"]}}],"collection":[{"href":"https:\/\/edus.gov.co\/en\/wp-json\/wp\/v2\/posts"}],"about":[{"href":"https:\/\/edus.gov.co\/en\/wp-json\/wp\/v2\/types\/post"}],"author":[{"embeddable":true,"href":"https:\/\/edus.gov.co\/en\/wp-json\/wp\/v2\/users\/17"}],"replies":[{"embeddable":true,"href":"https:\/\/edus.gov.co\/en\/wp-json\/wp\/v2\/comments?post=9161"}],"version-history":[{"count":4,"href":"https:\/\/edus.gov.co\/en\/wp-json\/wp\/v2\/posts\/9161\/revisions"}],"predecessor-version":[{"id":9166,"href":"https:\/\/edus.gov.co\/en\/wp-json\/wp\/v2\/posts\/9161\/revisions\/9166"}],"wp:featuredmedia":[{"embeddable":true,"href":"https:\/\/edus.gov.co\/en\/wp-json\/wp\/v2\/media\/9162"}],"wp:attachment":[{"href":"https:\/\/edus.gov.co\/en\/wp-json\/wp\/v2\/media?parent=9161"}],"wp:term":[{"taxonomy":"category","embeddable":true,"href":"https:\/\/edus.gov.co\/en\/wp-json\/wp\/v2\/categories?post=9161"},{"taxonomy":"post_tag","embeddable":true,"href":"https:\/\/edus.gov.co\/en\/wp-json\/wp\/v2\/tags?post=9161"}],"curies":[{"name":"wp","href":"https:\/\/api.w.org\/{rel}","templated":true}]}}