{"id":9129,"date":"2022-07-19T20:34:00","date_gmt":"2022-07-19T20:34:00","guid":{"rendered":"https:\/\/edus.gov.co\/?p=9129"},"modified":"2022-08-17T20:52:29","modified_gmt":"2022-08-17T20:52:29","slug":"box-culvert-puso-fin-a-las-inundaciones-en-la-carrera-19-8","status":"publish","type":"post","link":"https:\/\/edus.gov.co\/en\/box-culvert-puso-fin-a-las-inundaciones-en-la-carrera-19-8\/","title":{"rendered":"\u00a0Alcald\u00eda inicia reposici\u00f3n de placas en El Rodadero y v\u00eda del Aeropuerto\u00a0"},"content":{"rendered":"<div data-elementor-type=\"wp-post\" data-elementor-id=\"9129\" class=\"elementor elementor-9129\" data-elementor-post-type=\"post\">\n\t\t\t\t\t\t<section class=\"elementor-section elementor-top-section elementor-element elementor-element-687bb192 elementor-section-boxed elementor-section-height-default elementor-section-height-default\" data-id=\"687bb192\" data-element_type=\"section\">\n\t\t\t\t\t\t<div class=\"elementor-container elementor-column-gap-default\">\n\t\t\t\t\t<div class=\"elementor-column elementor-col-100 elementor-top-column elementor-element elementor-element-4f30bfab\" data-id=\"4f30bfab\" data-element_type=\"column\">\n\t\t\t<div class=\"elementor-widget-wrap elementor-element-populated\">\n\t\t\t\t\t\t<div class=\"elementor-element elementor-element-2330fad3 elementor-widget elementor-widget-text-editor\" data-id=\"2330fad3\" data-element_type=\"widget\" data-widget_type=\"text-editor.default\">\n\t\t\t\t<div class=\"elementor-widget-container\">\n\t\t\t\t\t\t\t\t\t<p><i>Ser\u00e1n reemplazados 2.500 metros cuadrados en 67 puntos con el fin de mejorar la movilidad en las zonas de mayor afluencia tur\u00edstica de Santa Marta.\u00a0<\/i><\/p><p>La Alcald\u00eda Distrital de Santa Marta, a trav\u00e9s de la Empresa de Desarrollo y Renovaci\u00f3n Urbano Sostenible, inici\u00f3 los trabajos de reposici\u00f3n de placas en el sector tur\u00edstico de El Rodadero y en la v\u00eda de acceso al aeropuerto Sim\u00f3n Bol\u00edvar.\u00a0<\/p><p>En total ser\u00e1n reemplazados 2.500 metros cuadrados de v\u00eda en 67 puntos con el fin de mejorar la movilidad en estos importantes sectores de gran afluencia tur\u00edstica en el Distrito.\u00a0<\/p><p>En la v\u00eda de ingreso al aeropuerto ser\u00e1n reemplazados 350 metros cuadrados por asfalto, que equivalen a 26 puntos cr\u00edticos. Mientras que en El Rodadero, ser\u00e1n intervenidos 2.140 metros cuadrados de pavimento r\u00edgido en 41 puntos que se encuentra en mal estado.\u00a0<\/p><p>El Plan de Reposici\u00f3n de Placas, hace parte del ambicioso Programa de Malla Vial liderado por la alcaldesa Virna Johnson que ha mejorado 7.500 metros cuadrados de la red vial en 119 puntos de la ciudad.\u00a0<\/p><p>Pr\u00f3ximamente, m\u00e1s tramos ser\u00e1n intervenidos para continuar con el proceso de mejoramiento de la movilidad en el Distrito que impacta positivamente en el desarrollo urbano de la Ciudad. \u00a0<\/p><p>Con estas obras se demuestra que el cambio sigue avanzando en la transformaci\u00f3n de la malla vial de Santa Marta, que trae como resultados la optimizaci\u00f3n en el tr\u00e1nsito vehicular en zona de mayor afluencia de propios y visitantes.\u00a0<\/p>\t\t\t\t\t\t\t\t<\/div>\n\t\t\t\t<\/div>\n\t\t\t\t\t<\/div>\n\t\t<\/div>\n\t\t\t\t\t<\/div>\n\t\t<\/section>\n\t\t\t\t<section class=\"elementor-section elementor-top-section elementor-element elementor-element-c0d47f5 elementor-section-full_width elementor-section-stretched elementor-section-height-default elementor-section-height-default\" data-id=\"c0d47f5\" data-element_type=\"section\" data-settings=\"{&quot;stretch_section&quot;:&quot;section-stretched&quot;}\">\n\t\t\t\t\t\t\t<div class=\"elementor-background-overlay\"><\/div>\n\t\t\t\t\t\t\t<div class=\"elementor-container elementor-column-gap-default\">\n\t\t\t\t\t<div class=\"elementor-column elementor-col-100 elementor-top-column elementor-element elementor-element-b3f40b9\" data-id=\"b3f40b9\" data-element_type=\"column\">\n\t\t\t<div class=\"elementor-widget-wrap elementor-element-populated\">\n\t\t\t\t\t\t<div class=\"elementor-element elementor-element-939a1e2 elementor-widget elementor-widget-heading\" data-id=\"939a1e2\" data-element_type=\"widget\" data-widget_type=\"heading.default\">\n\t\t\t\t<div class=\"elementor-widget-container\">\n\t\t\t\t\t<h3 class=\"elementor-heading-title elementor-size-default\">\u00daltimas Noticias<\/h3>\t\t\t\t<\/div>\n\t\t\t\t<\/div>\n\t\t\t\t\t<\/div>\n\t\t<\/div>\n\t\t\t\t\t<\/div>\n\t\t<\/section>\n\t\t\t\t<\/div>","protected":false},"excerpt":{"rendered":"<p>Ser\u00e1n reemplazados 2.500 metros cuadrados en 67 puntos con el fin de mejorar la movilidad en las zonas de mayor afluencia tur\u00edstica de Santa Marta.&nbsp; La Alcald\u00eda Distrital de Santa Marta, a trav\u00e9s de la Empresa de Desarrollo y Renovaci\u00f3n Urbano Sostenible, inici\u00f3 los trabajos de reposici\u00f3n de placas en el sector tur\u00edstico de El [&hellip;]<\/p>","protected":false},"author":17,"featured_media":9130,"comment_status":"closed","ping_status":"closed","sticky":false,"template":"","format":"standard","meta":{"site-sidebar-layout":"default","site-content-layout":"","ast-site-content-layout":"default","site-content-style":"default","site-sidebar-style":"default","ast-global-header-display":"","ast-banner-title-visibility":"","ast-main-header-display":"","ast-hfb-above-header-display":"","ast-hfb-below-header-display":"","ast-hfb-mobile-header-display":"","site-post-title":"","ast-breadcrumbs-content":"","ast-featured-img":"","footer-sml-layout":"","ast-disable-related-posts":"","theme-transparent-header-meta":"","adv-header-id-meta":"","stick-header-meta":"","header-above-stick-meta":"","header-main-stick-meta":"","header-below-stick-meta":"","astra-migrate-meta-layouts":"default","ast-page-background-enabled":"default","ast-page-background-meta":{"desktop":{"background-color":"var(--ast-global-color-4)","background-image":"","background-repeat":"repeat","background-position":"center center","background-size":"auto","background-attachment":"scroll","background-type":"","background-media":"","overlay-type":"","overlay-color":"","overlay-opacity":"","overlay-gradient":""},"tablet":{"background-color":"","background-image":"","background-repeat":"repeat","background-position":"center center","background-size":"auto","background-attachment":"scroll","background-type":"","background-media":"","overlay-type":"","overlay-color":"","overlay-opacity":"","overlay-gradient":""},"mobile":{"background-color":"","background-image":"","background-repeat":"repeat","background-position":"center center","background-size":"auto","background-attachment":"scroll","background-type":"","background-media":"","overlay-type":"","overlay-color":"","overlay-opacity":"","overlay-gradient":""}},"ast-content-background-meta":{"desktop":{"background-color":"var(--ast-global-color-5)","background-image":"","background-repeat":"repeat","background-position":"center center","background-size":"auto","background-attachment":"scroll","background-type":"","background-media":"","overlay-type":"","overlay-color":"","overlay-opacity":"","overlay-gradient":""},"tablet":{"background-color":"var(--ast-global-color-5)","background-image":"","background-repeat":"repeat","background-position":"center center","background-size":"auto","background-attachment":"scroll","background-type":"","background-media":"","overlay-type":"","overlay-color":"","overlay-opacity":"","overlay-gradient":""},"mobile":{"background-color":"var(--ast-global-color-5)","background-image":"","background-repeat":"repeat","background-position":"center center","background-size":"auto","background-attachment":"scroll","background-type":"","background-media":"","overlay-type":"","overlay-color":"","overlay-opacity":"","overlay-gradient":""}},"footnotes":""},"categories":[53],"tags":[],"class_list":["post-9129","post","type-post","status-publish","format-standard","has-post-thumbnail","hentry","category-ultimas-noticias"],"_links":{"self":[{"href":"https:\/\/edus.gov.co\/en\/wp-json\/wp\/v2\/posts\/9129","targetHints":{"allow":["GET"]}}],"collection":[{"href":"https:\/\/edus.gov.co\/en\/wp-json\/wp\/v2\/posts"}],"about":[{"href":"https:\/\/edus.gov.co\/en\/wp-json\/wp\/v2\/types\/post"}],"author":[{"embeddable":true,"href":"https:\/\/edus.gov.co\/en\/wp-json\/wp\/v2\/users\/17"}],"replies":[{"embeddable":true,"href":"https:\/\/edus.gov.co\/en\/wp-json\/wp\/v2\/comments?post=9129"}],"version-history":[{"count":6,"href":"https:\/\/edus.gov.co\/en\/wp-json\/wp\/v2\/posts\/9129\/revisions"}],"predecessor-version":[{"id":9143,"href":"https:\/\/edus.gov.co\/en\/wp-json\/wp\/v2\/posts\/9129\/revisions\/9143"}],"wp:featuredmedia":[{"embeddable":true,"href":"https:\/\/edus.gov.co\/en\/wp-json\/wp\/v2\/media\/9130"}],"wp:attachment":[{"href":"https:\/\/edus.gov.co\/en\/wp-json\/wp\/v2\/media?parent=9129"}],"wp:term":[{"taxonomy":"category","embeddable":true,"href":"https:\/\/edus.gov.co\/en\/wp-json\/wp\/v2\/categories?post=9129"},{"taxonomy":"post_tag","embeddable":true,"href":"https:\/\/edus.gov.co\/en\/wp-json\/wp\/v2\/tags?post=9129"}],"curies":[{"name":"wp","href":"https:\/\/api.w.org\/{rel}","templated":true}]}}