{"id":9022,"date":"2022-06-23T19:53:00","date_gmt":"2022-06-23T19:53:00","guid":{"rendered":"https:\/\/edus.gov.co\/?p=9022"},"modified":"2022-06-29T19:54:53","modified_gmt":"2022-06-29T19:54:53","slug":"obras-de-pavimentacion-en-los-laureles-avanzan-en-el-72","status":"publish","type":"post","link":"https:\/\/edus.gov.co\/en\/obras-de-pavimentacion-en-los-laureles-avanzan-en-el-72\/","title":{"rendered":"\u00a0Obras de pavimentaci\u00f3n en Los Laureles avanzan en el 72%"},"content":{"rendered":"<div data-elementor-type=\"wp-post\" data-elementor-id=\"9022\" class=\"elementor elementor-9022\" data-elementor-post-type=\"post\">\n\t\t\t\t\t\t<section class=\"elementor-section elementor-top-section elementor-element elementor-element-687bb192 elementor-section-boxed elementor-section-height-default elementor-section-height-default\" data-id=\"687bb192\" data-element_type=\"section\">\n\t\t\t\t\t\t<div class=\"elementor-container elementor-column-gap-default\">\n\t\t\t\t\t<div class=\"elementor-column elementor-col-100 elementor-top-column elementor-element elementor-element-4f30bfab\" data-id=\"4f30bfab\" data-element_type=\"column\">\n\t\t\t<div class=\"elementor-widget-wrap elementor-element-populated\">\n\t\t\t\t\t\t<div class=\"elementor-element elementor-element-2330fad3 elementor-widget elementor-widget-text-editor\" data-id=\"2330fad3\" data-element_type=\"widget\" data-widget_type=\"text-editor.default\">\n\t\t\t\t<div class=\"elementor-widget-container\">\n\t\t\t\t\t\t\t\t\t<p>Con un 72% avanzan las obras de pavimentaci\u00f3n en la v\u00eda principal del barrio Los Laureles, que hace parte del Programa Mi Calle, dentro del plan de recuperaci\u00f3n de la malla vial del Distrito, que lidera la alcaldesa Virna Johnson.\u00a0<u><\/u><\/p><p>La ejecuci\u00f3n de este proyecto se encuentra por encima del porcentaje establecido en la programaci\u00f3n del mismo, lo que demuestra el cumplimiento de los Gobiernos del Cambio con el desarrollo y transformaci\u00f3n de Santa Marta.<u><\/u>\u00a0<u><\/u><\/p><p>La obra es ejecutada por la Empresa de Desarrollo y Renovaci\u00f3n Urbano Sostenible, EDUS, y hasta el momento se han pavimentado 1.140 metros cuadrados de v\u00eda y 260 metros lineales de bordillo.<u><\/u>\u00a0<u><\/u><\/p><p>As\u00ed mismo, ser\u00e1n construidos 550 metros lineales de andenes para recuperaci\u00f3n del espacio p\u00fablico, facilitando la movilidad peatonal de los habitantes que residen aleda\u00f1os a la zona de influencia de la obra.\u00a0<u><\/u>\u00a0<u><\/u><\/p><p>Con la pavimentaci\u00f3n de esta calle se dignifica el barrio y los 325 habitantes que se sienten altamente felices porque muy pronto contar\u00e1n con el mejoramiento de la movilidad vehicular en este tramo que comprende desde la avenida de El Ferrocarril y la v\u00eda que conecta con la Universidad del Magdalena.<u><\/u>\u00a0<u><\/u><u><\/u>\u00a0<u><\/u><\/p><p>Este proyecto fue postulado por la comunidad a trav\u00e9s de un Comit\u00e9 de Obra, siendo priorizada por el cumplimiento de requisitos establecidos para el programa Mi Calle, cuya finalidad es brindar mejor movilidad y espacios p\u00fablicos recuperados.<u><\/u>\u00a0<u><\/u><\/p><p>La Administraci\u00f3n Distrital contin\u00faa trabajando de manera imparable con proyectos que aportan positivamente en el mejoramiento de la malla vial de Santa Marta en las distintas localidades, para la transformaci\u00f3n social y urban\u00edstica de la ciudad.<u><\/u>\u00a0<\/p>\t\t\t\t\t\t\t\t<\/div>\n\t\t\t\t<\/div>\n\t\t\t\t\t<\/div>\n\t\t<\/div>\n\t\t\t\t\t<\/div>\n\t\t<\/section>\n\t\t\t\t<section class=\"elementor-section elementor-top-section elementor-element elementor-element-c0d47f5 elementor-section-full_width elementor-section-stretched elementor-section-height-default elementor-section-height-default\" data-id=\"c0d47f5\" data-element_type=\"section\" data-settings=\"{&quot;stretch_section&quot;:&quot;section-stretched&quot;}\">\n\t\t\t\t\t\t\t<div class=\"elementor-background-overlay\"><\/div>\n\t\t\t\t\t\t\t<div class=\"elementor-container elementor-column-gap-default\">\n\t\t\t\t\t<div class=\"elementor-column elementor-col-100 elementor-top-column elementor-element elementor-element-b3f40b9\" data-id=\"b3f40b9\" data-element_type=\"column\">\n\t\t\t<div class=\"elementor-widget-wrap elementor-element-populated\">\n\t\t\t\t\t\t<div class=\"elementor-element elementor-element-939a1e2 elementor-widget elementor-widget-heading\" data-id=\"939a1e2\" data-element_type=\"widget\" data-widget_type=\"heading.default\">\n\t\t\t\t<div class=\"elementor-widget-container\">\n\t\t\t\t\t<h3 class=\"elementor-heading-title elementor-size-default\">\u00daltimas Noticias<\/h3>\t\t\t\t<\/div>\n\t\t\t\t<\/div>\n\t\t\t\t\t<\/div>\n\t\t<\/div>\n\t\t\t\t\t<\/div>\n\t\t<\/section>\n\t\t\t\t<\/div>","protected":false},"excerpt":{"rendered":"<p>Con un 72% avanzan las obras de pavimentaci\u00f3n en la v\u00eda principal del barrio Los Laureles, que hace parte del Programa Mi Calle, dentro del plan de recuperaci\u00f3n de la malla vial del Distrito, que lidera la alcaldesa Virna Johnson.\u00a0 La ejecuci\u00f3n de este proyecto se encuentra por encima del porcentaje establecido en la programaci\u00f3n [&hellip;]<\/p>","protected":false},"author":17,"featured_media":9023,"comment_status":"closed","ping_status":"closed","sticky":false,"template":"","format":"standard","meta":{"site-sidebar-layout":"default","site-content-layout":"","ast-site-content-layout":"default","site-content-style":"default","site-sidebar-style":"default","ast-global-header-display":"","ast-banner-title-visibility":"","ast-main-header-display":"","ast-hfb-above-header-display":"","ast-hfb-below-header-display":"","ast-hfb-mobile-header-display":"","site-post-title":"","ast-breadcrumbs-content":"","ast-featured-img":"","footer-sml-layout":"","ast-disable-related-posts":"","theme-transparent-header-meta":"","adv-header-id-meta":"","stick-header-meta":"","header-above-stick-meta":"","header-main-stick-meta":"","header-below-stick-meta":"","astra-migrate-meta-layouts":"default","ast-page-background-enabled":"default","ast-page-background-meta":{"desktop":{"background-color":"var(--ast-global-color-4)","background-image":"","background-repeat":"repeat","background-position":"center center","background-size":"auto","background-attachment":"scroll","background-type":"","background-media":"","overlay-type":"","overlay-color":"","overlay-opacity":"","overlay-gradient":""},"tablet":{"background-color":"","background-image":"","background-repeat":"repeat","background-position":"center center","background-size":"auto","background-attachment":"scroll","background-type":"","background-media":"","overlay-type":"","overlay-color":"","overlay-opacity":"","overlay-gradient":""},"mobile":{"background-color":"","background-image":"","background-repeat":"repeat","background-position":"center center","background-size":"auto","background-attachment":"scroll","background-type":"","background-media":"","overlay-type":"","overlay-color":"","overlay-opacity":"","overlay-gradient":""}},"ast-content-background-meta":{"desktop":{"background-color":"var(--ast-global-color-5)","background-image":"","background-repeat":"repeat","background-position":"center center","background-size":"auto","background-attachment":"scroll","background-type":"","background-media":"","overlay-type":"","overlay-color":"","overlay-opacity":"","overlay-gradient":""},"tablet":{"background-color":"var(--ast-global-color-5)","background-image":"","background-repeat":"repeat","background-position":"center center","background-size":"auto","background-attachment":"scroll","background-type":"","background-media":"","overlay-type":"","overlay-color":"","overlay-opacity":"","overlay-gradient":""},"mobile":{"background-color":"var(--ast-global-color-5)","background-image":"","background-repeat":"repeat","background-position":"center center","background-size":"auto","background-attachment":"scroll","background-type":"","background-media":"","overlay-type":"","overlay-color":"","overlay-opacity":"","overlay-gradient":""}},"footnotes":""},"categories":[53],"tags":[],"class_list":["post-9022","post","type-post","status-publish","format-standard","has-post-thumbnail","hentry","category-ultimas-noticias"],"_links":{"self":[{"href":"https:\/\/edus.gov.co\/en\/wp-json\/wp\/v2\/posts\/9022","targetHints":{"allow":["GET"]}}],"collection":[{"href":"https:\/\/edus.gov.co\/en\/wp-json\/wp\/v2\/posts"}],"about":[{"href":"https:\/\/edus.gov.co\/en\/wp-json\/wp\/v2\/types\/post"}],"author":[{"embeddable":true,"href":"https:\/\/edus.gov.co\/en\/wp-json\/wp\/v2\/users\/17"}],"replies":[{"embeddable":true,"href":"https:\/\/edus.gov.co\/en\/wp-json\/wp\/v2\/comments?post=9022"}],"version-history":[{"count":4,"href":"https:\/\/edus.gov.co\/en\/wp-json\/wp\/v2\/posts\/9022\/revisions"}],"predecessor-version":[{"id":9027,"href":"https:\/\/edus.gov.co\/en\/wp-json\/wp\/v2\/posts\/9022\/revisions\/9027"}],"wp:featuredmedia":[{"embeddable":true,"href":"https:\/\/edus.gov.co\/en\/wp-json\/wp\/v2\/media\/9023"}],"wp:attachment":[{"href":"https:\/\/edus.gov.co\/en\/wp-json\/wp\/v2\/media?parent=9022"}],"wp:term":[{"taxonomy":"category","embeddable":true,"href":"https:\/\/edus.gov.co\/en\/wp-json\/wp\/v2\/categories?post=9022"},{"taxonomy":"post_tag","embeddable":true,"href":"https:\/\/edus.gov.co\/en\/wp-json\/wp\/v2\/tags?post=9022"}],"curies":[{"name":"wp","href":"https:\/\/api.w.org\/{rel}","templated":true}]}}