{"id":8993,"date":"2022-06-24T14:16:00","date_gmt":"2022-06-24T14:16:00","guid":{"rendered":"https:\/\/edus.gov.co\/?p=8993"},"modified":"2022-06-28T14:17:49","modified_gmt":"2022-06-28T14:17:49","slug":"alcaldia-inicio-obras-de-mejoramiento-de-la-via-bonda-curval","status":"publish","type":"post","link":"https:\/\/edus.gov.co\/en\/alcaldia-inicio-obras-de-mejoramiento-de-la-via-bonda-curval\/","title":{"rendered":"\u00a0Alcald\u00eda inici\u00f3 obras de mejoramiento de la v\u00eda Bonda \u2013 Curval\u00a0"},"content":{"rendered":"<div data-elementor-type=\"wp-post\" data-elementor-id=\"8993\" class=\"elementor elementor-8993\" data-elementor-post-type=\"post\">\n\t\t\t\t\t\t<section class=\"elementor-section elementor-top-section elementor-element elementor-element-687bb192 elementor-section-boxed elementor-section-height-default elementor-section-height-default\" data-id=\"687bb192\" data-element_type=\"section\">\n\t\t\t\t\t\t<div class=\"elementor-container elementor-column-gap-default\">\n\t\t\t\t\t<div class=\"elementor-column elementor-col-100 elementor-top-column elementor-element elementor-element-4f30bfab\" data-id=\"4f30bfab\" data-element_type=\"column\">\n\t\t\t<div class=\"elementor-widget-wrap elementor-element-populated\">\n\t\t\t\t\t\t<div class=\"elementor-element elementor-element-2330fad3 elementor-widget elementor-widget-text-editor\" data-id=\"2330fad3\" data-element_type=\"widget\" data-widget_type=\"text-editor.default\">\n\t\t\t\t<div class=\"elementor-widget-container\">\n\t\t\t\t\t\t\t\t\t<p>La Alcald\u00eda Distrital, a trav\u00e9s de la Empresa de Desarrollo y Renovaci\u00f3n Urbano Sostenible, inici\u00f3 las obras de mejoramiento de la v\u00eda que conduce del corregimiento de Bonda &#8211; Curval.<u><\/u>\u00a0<u><\/u><\/p><p>Estos trabajos tienen como finalidad facilitar la movilidad del transporte p\u00fablico, privado y de motocicletas, en especial retomar la ruta de busetas que llegan hasta la zona veredal.<u><\/u>\u00a0<u><\/u><\/p><p>Lo anterior hace parte de los compromisos adquiridos por la alcaldesa Virna Johnson, a trav\u00e9s de la EDUS y la comunidad para adecuar el tramo que actualmente se encuentra en mal estado, lo que dificulta el acceso a las veredas en esa zona del \u00e1rea rural del Distrito.<u><\/u>\u00a0<u><\/u><\/p><p>Por lo cual se desplaz\u00f3 de forma inmediata maquinaria amarilla con relleno de calidad para adecuar la v\u00eda, y personal t\u00e9cnico e ingenieros, quienes estar\u00e1n atentos a que estas acciones se realicen tal como lo acordado con los l\u00edderes comunales de la zona.<u><\/u>\u00a0<u><\/u><\/p><p>El mejoramiento de la v\u00eda consiste en adecuar la superficie vial debido a las fuertes precipitaciones y las escorrent\u00edas superficiales han arrastrado material s\u00f3lido, produciendo zurcos y baches en el carreteable por lo que se hace necesario compactar los tramos deteriorados para facilitar el tr\u00e1fico.<u><\/u>\u00a0<u><\/u><\/p><p>\u201cSer\u00e1n adecuados 4 kil\u00f3metros de la carretera, que favorecer\u00e1 a residentes y agricultores de la regi\u00f3n quienes tendr\u00e1n mayor facilidad de sacar sus productos y sean comercializados\u201d, indic\u00f3 el gerente de la EDUS, Orlando V\u00e9lez Fern\u00e1ndez.<u><\/u>\u00a0<u><\/u><\/p><p>Di\u00f3genes Candelario, vicepresidente de la Junta de Acci\u00f3n Comunal de la vereda Matogiro, se\u00f1al\u00f3 que esta soluci\u00f3n beneficia a aproximadamente 5 mil personas que residen en la zona rural que hacen parte del corregimiento de Bonda.<u><\/u>\u00a0<u><\/u><\/p><p>\u201cCon el mejoramiento de esta v\u00eda ya podremos transitar con mayor facilidad, ya las cosas van a cambiar, aunque sabemos que es una soluci\u00f3n a corto plazo y que se viene trabajando en un proyecto con el que podamos contar con un mejor acceso\u201d, indic\u00f3 el l\u00edder comunal.<u><\/u>\u00a0<u><\/u><\/p><p>La EDUS continuar\u00e1 realizando mesas de trabajo con la comunidad de Bonda para socializar la soluci\u00f3n definitiva que corresponde a una transformaci\u00f3n de la v\u00eda y que cambiar\u00e1 la vida de los bonderos.<u><\/u>\u00a0<\/p>\t\t\t\t\t\t\t\t<\/div>\n\t\t\t\t<\/div>\n\t\t\t\t\t<\/div>\n\t\t<\/div>\n\t\t\t\t\t<\/div>\n\t\t<\/section>\n\t\t\t\t<section class=\"elementor-section elementor-top-section elementor-element elementor-element-c0d47f5 elementor-section-full_width elementor-section-stretched elementor-section-height-default elementor-section-height-default\" data-id=\"c0d47f5\" data-element_type=\"section\" data-settings=\"{&quot;stretch_section&quot;:&quot;section-stretched&quot;}\">\n\t\t\t\t\t\t\t<div class=\"elementor-background-overlay\"><\/div>\n\t\t\t\t\t\t\t<div class=\"elementor-container elementor-column-gap-default\">\n\t\t\t\t\t<div class=\"elementor-column elementor-col-100 elementor-top-column elementor-element elementor-element-b3f40b9\" data-id=\"b3f40b9\" data-element_type=\"column\">\n\t\t\t<div class=\"elementor-widget-wrap elementor-element-populated\">\n\t\t\t\t\t\t<div class=\"elementor-element elementor-element-939a1e2 elementor-widget elementor-widget-heading\" data-id=\"939a1e2\" data-element_type=\"widget\" data-widget_type=\"heading.default\">\n\t\t\t\t<div class=\"elementor-widget-container\">\n\t\t\t\t\t<h3 class=\"elementor-heading-title elementor-size-default\">\u00daltimas Noticias<\/h3>\t\t\t\t<\/div>\n\t\t\t\t<\/div>\n\t\t\t\t\t<\/div>\n\t\t<\/div>\n\t\t\t\t\t<\/div>\n\t\t<\/section>\n\t\t\t\t<\/div>","protected":false},"excerpt":{"rendered":"<p>La Alcald\u00eda Distrital, a trav\u00e9s de la Empresa de Desarrollo y Renovaci\u00f3n Urbano Sostenible, inici\u00f3 las obras de mejoramiento de la v\u00eda que conduce del corregimiento de Bonda &#8211; Curval.&nbsp; Estos trabajos tienen como finalidad facilitar la movilidad del transporte p\u00fablico, privado y de motocicletas, en especial retomar la ruta de busetas que llegan hasta [&hellip;]<\/p>","protected":false},"author":17,"featured_media":8994,"comment_status":"closed","ping_status":"closed","sticky":false,"template":"","format":"standard","meta":{"site-sidebar-layout":"default","site-content-layout":"","ast-site-content-layout":"default","site-content-style":"default","site-sidebar-style":"default","ast-global-header-display":"","ast-banner-title-visibility":"","ast-main-header-display":"","ast-hfb-above-header-display":"","ast-hfb-below-header-display":"","ast-hfb-mobile-header-display":"","site-post-title":"","ast-breadcrumbs-content":"","ast-featured-img":"","footer-sml-layout":"","ast-disable-related-posts":"","theme-transparent-header-meta":"","adv-header-id-meta":"","stick-header-meta":"","header-above-stick-meta":"","header-main-stick-meta":"","header-below-stick-meta":"","astra-migrate-meta-layouts":"default","ast-page-background-enabled":"default","ast-page-background-meta":{"desktop":{"background-color":"var(--ast-global-color-4)","background-image":"","background-repeat":"repeat","background-position":"center center","background-size":"auto","background-attachment":"scroll","background-type":"","background-media":"","overlay-type":"","overlay-color":"","overlay-opacity":"","overlay-gradient":""},"tablet":{"background-color":"","background-image":"","background-repeat":"repeat","background-position":"center center","background-size":"auto","background-attachment":"scroll","background-type":"","background-media":"","overlay-type":"","overlay-color":"","overlay-opacity":"","overlay-gradient":""},"mobile":{"background-color":"","background-image":"","background-repeat":"repeat","background-position":"center center","background-size":"auto","background-attachment":"scroll","background-type":"","background-media":"","overlay-type":"","overlay-color":"","overlay-opacity":"","overlay-gradient":""}},"ast-content-background-meta":{"desktop":{"background-color":"var(--ast-global-color-5)","background-image":"","background-repeat":"repeat","background-position":"center center","background-size":"auto","background-attachment":"scroll","background-type":"","background-media":"","overlay-type":"","overlay-color":"","overlay-opacity":"","overlay-gradient":""},"tablet":{"background-color":"var(--ast-global-color-5)","background-image":"","background-repeat":"repeat","background-position":"center center","background-size":"auto","background-attachment":"scroll","background-type":"","background-media":"","overlay-type":"","overlay-color":"","overlay-opacity":"","overlay-gradient":""},"mobile":{"background-color":"var(--ast-global-color-5)","background-image":"","background-repeat":"repeat","background-position":"center center","background-size":"auto","background-attachment":"scroll","background-type":"","background-media":"","overlay-type":"","overlay-color":"","overlay-opacity":"","overlay-gradient":""}},"footnotes":""},"categories":[53],"tags":[],"class_list":["post-8993","post","type-post","status-publish","format-standard","has-post-thumbnail","hentry","category-ultimas-noticias"],"_links":{"self":[{"href":"https:\/\/edus.gov.co\/en\/wp-json\/wp\/v2\/posts\/8993","targetHints":{"allow":["GET"]}}],"collection":[{"href":"https:\/\/edus.gov.co\/en\/wp-json\/wp\/v2\/posts"}],"about":[{"href":"https:\/\/edus.gov.co\/en\/wp-json\/wp\/v2\/types\/post"}],"author":[{"embeddable":true,"href":"https:\/\/edus.gov.co\/en\/wp-json\/wp\/v2\/users\/17"}],"replies":[{"embeddable":true,"href":"https:\/\/edus.gov.co\/en\/wp-json\/wp\/v2\/comments?post=8993"}],"version-history":[{"count":5,"href":"https:\/\/edus.gov.co\/en\/wp-json\/wp\/v2\/posts\/8993\/revisions"}],"predecessor-version":[{"id":8999,"href":"https:\/\/edus.gov.co\/en\/wp-json\/wp\/v2\/posts\/8993\/revisions\/8999"}],"wp:featuredmedia":[{"embeddable":true,"href":"https:\/\/edus.gov.co\/en\/wp-json\/wp\/v2\/media\/8994"}],"wp:attachment":[{"href":"https:\/\/edus.gov.co\/en\/wp-json\/wp\/v2\/media?parent=8993"}],"wp:term":[{"taxonomy":"category","embeddable":true,"href":"https:\/\/edus.gov.co\/en\/wp-json\/wp\/v2\/categories?post=8993"},{"taxonomy":"post_tag","embeddable":true,"href":"https:\/\/edus.gov.co\/en\/wp-json\/wp\/v2\/tags?post=8993"}],"curies":[{"name":"wp","href":"https:\/\/api.w.org\/{rel}","templated":true}]}}