{"id":8900,"date":"2022-06-15T20:44:06","date_gmt":"2022-06-15T20:44:06","guid":{"rendered":"https:\/\/edus.gov.co\/?p=8900"},"modified":"2022-06-15T20:46:21","modified_gmt":"2022-06-15T20:46:21","slug":"alcaldesa-virna-johnson-inspecciono-obra-de-la-calle-14-de-gaira%ef%bf%bc","status":"publish","type":"post","link":"https:\/\/edus.gov.co\/en\/alcaldesa-virna-johnson-inspecciono-obra-de-la-calle-14-de-gaira%ef%bf%bc\/","title":{"rendered":"Alcaldesa Virna Johnson inspeccion\u00f3 obra de la calle 14 de Gaira\ufffc\u00a0"},"content":{"rendered":"<div data-elementor-type=\"wp-post\" data-elementor-id=\"8900\" class=\"elementor elementor-8900\" data-elementor-post-type=\"post\">\n\t\t\t\t\t\t<section class=\"elementor-section elementor-top-section elementor-element elementor-element-687bb192 elementor-section-boxed elementor-section-height-default elementor-section-height-default\" data-id=\"687bb192\" data-element_type=\"section\">\n\t\t\t\t\t\t<div class=\"elementor-container elementor-column-gap-default\">\n\t\t\t\t\t<div class=\"elementor-column elementor-col-100 elementor-top-column elementor-element elementor-element-4f30bfab\" data-id=\"4f30bfab\" data-element_type=\"column\">\n\t\t\t<div class=\"elementor-widget-wrap elementor-element-populated\">\n\t\t\t\t\t\t<div class=\"elementor-element elementor-element-2330fad3 elementor-widget elementor-widget-text-editor\" data-id=\"2330fad3\" data-element_type=\"widget\" data-widget_type=\"text-editor.default\">\n\t\t\t\t<div class=\"elementor-widget-container\">\n\t\t\t\t\t\t\t\t\t<p><i>En la visita se lograron compromisos como el aumento del n\u00famero de obreros para que la v\u00eda logre avanzar sin contratiempos y la comunidad logre ver solucionado el problema de aguas residuales.<u><\/u>\u00a0<u><\/u><\/i><\/p><p>La alcaldesa Virna Johnson inspeccion\u00f3 la obra de malla vial que se adelanta en la calle 14 de Gaira, con el fin de supervisar los avances que tiene este proyecto dise\u00f1ado con la finalidad de mejorar la movilidad y acabar con el problema de rebosamiento de aguas negras en este sector de la ciudad.<u><\/u>\u00a0<u><\/u><\/p><p>Durante el recorrido la mandataria distrital pidi\u00f3 a los contratistas aumentar el n\u00famero de obreros para agilizar y cumplir con el cronograma establecido, encaminado al beneficio de la comunidad.\u00a0<u><\/u>\u00a0<u><\/u><\/p><p>\u201cEsta obra debe ejecutarse en 10 meses de acuerdo a su programaci\u00f3n y no admite ninguna clase de retraso por el impacto positivo que genera a la comunidad que reside en este importante tramo\u201d, indic\u00f3 Virna Johnson, quien estuvo acompa\u00f1ada por representantes de la comunidad, el gerente de la EDUS, Orlando V\u00e9lez, el equipo de la firma contratista y la interventor\u00eda.<u><\/u>\u00a0<u><\/u><\/p><p>Otro de los compromisos pactados obedece a la llegada de una maquinaria y el arribo para el pr\u00f3ximo martes de otra cuadrilla de trabajadores, con el fin de abrir un nuevo frente de obra, con el prop\u00f3sito de que esta pueda ser entregada a los gaireros sin ning\u00fan tipo de contratiempos.<u><\/u>\u00a0<u><\/u><\/p><p>La Alcaldesa asegur\u00f3 que estar\u00e1 haciendo presencia cada 8 d\u00edas para conocer la evoluci\u00f3n de los trabajos que benefician a m\u00e1s de a 2.360 personas de los barrios Villa Berl\u00edn, en Gaira Centro, La Coquera y parte del cerro de San Jacinto.<u><\/u>\u00a0<u><\/u><\/p><p>Igualmente, invit\u00f3 al comit\u00e9 de obra a realizar las labores de veedur\u00eda y a la comunidad a que asista a las reuniones informativas que convoquen la EDUS y la empresa contratista con el fin de socializar el progreso de los trabajos.<u><\/u>\u00a0<u><\/u><\/p><p>Es de destacar que se han instalado 241 metros lineales de tuber\u00eda de 8 pulgadas; 137 metros lineales de tuber\u00eda de 20 pulgadas y se han construido 7 manjoles para optimizar el alcantarillado en la zona.<u><\/u>\u00a0<u><\/u><\/p><p>Por su parte, Willis Enrique Hern\u00e1ndez R\u00edos, edil de la localidad Tur\u00edstica Perla del Caribe, expres\u00f3 que estos trabajos de transformaci\u00f3n de la calle 14 traen como beneficio el mejoramiento vial y de la movilidad vehicular en el sector, descongestionando la calle 15.<u><\/u>\u00a0<u><\/u><\/p><p>\u201cMuchas familias ser\u00e1n beneficiadas, porque no solamente se va a recomponer la v\u00eda, sino que se optimizar\u00e1 el sistema de acueducto y alcantarillado generando tranquilidad a la comunidad\u201d, dijo el edil.<b><u><\/u>\u00a0<\/b><\/p>\t\t\t\t\t\t\t\t<\/div>\n\t\t\t\t<\/div>\n\t\t\t\t\t<\/div>\n\t\t<\/div>\n\t\t\t\t\t<\/div>\n\t\t<\/section>\n\t\t\t\t<section class=\"elementor-section elementor-top-section elementor-element elementor-element-c0d47f5 elementor-section-full_width elementor-section-stretched elementor-section-height-default elementor-section-height-default\" data-id=\"c0d47f5\" data-element_type=\"section\" data-settings=\"{&quot;stretch_section&quot;:&quot;section-stretched&quot;}\">\n\t\t\t\t\t\t\t<div class=\"elementor-background-overlay\"><\/div>\n\t\t\t\t\t\t\t<div class=\"elementor-container elementor-column-gap-default\">\n\t\t\t\t\t<div class=\"elementor-column elementor-col-100 elementor-top-column elementor-element elementor-element-b3f40b9\" data-id=\"b3f40b9\" data-element_type=\"column\">\n\t\t\t<div class=\"elementor-widget-wrap elementor-element-populated\">\n\t\t\t\t\t\t<div class=\"elementor-element elementor-element-939a1e2 elementor-widget elementor-widget-heading\" data-id=\"939a1e2\" data-element_type=\"widget\" data-widget_type=\"heading.default\">\n\t\t\t\t<div class=\"elementor-widget-container\">\n\t\t\t\t\t<h3 class=\"elementor-heading-title elementor-size-default\">\u00daltimas Noticias<\/h3>\t\t\t\t<\/div>\n\t\t\t\t<\/div>\n\t\t\t\t\t<\/div>\n\t\t<\/div>\n\t\t\t\t\t<\/div>\n\t\t<\/section>\n\t\t\t\t<\/div>","protected":false},"excerpt":{"rendered":"<p>En la visita se lograron compromisos como el aumento del n\u00famero de obreros para que la v\u00eda logre avanzar sin contratiempos y la comunidad logre ver solucionado el problema de aguas residuales.&nbsp; La alcaldesa Virna Johnson inspeccion\u00f3 la obra de malla vial que se adelanta en la calle 14 de Gaira, con el fin de [&hellip;]<\/p>","protected":false},"author":17,"featured_media":8901,"comment_status":"closed","ping_status":"closed","sticky":false,"template":"","format":"standard","meta":{"site-sidebar-layout":"default","site-content-layout":"","ast-site-content-layout":"default","site-content-style":"default","site-sidebar-style":"default","ast-global-header-display":"","ast-banner-title-visibility":"","ast-main-header-display":"","ast-hfb-above-header-display":"","ast-hfb-below-header-display":"","ast-hfb-mobile-header-display":"","site-post-title":"","ast-breadcrumbs-content":"","ast-featured-img":"","footer-sml-layout":"","ast-disable-related-posts":"","theme-transparent-header-meta":"","adv-header-id-meta":"","stick-header-meta":"","header-above-stick-meta":"","header-main-stick-meta":"","header-below-stick-meta":"","astra-migrate-meta-layouts":"default","ast-page-background-enabled":"default","ast-page-background-meta":{"desktop":{"background-color":"var(--ast-global-color-4)","background-image":"","background-repeat":"repeat","background-position":"center center","background-size":"auto","background-attachment":"scroll","background-type":"","background-media":"","overlay-type":"","overlay-color":"","overlay-opacity":"","overlay-gradient":""},"tablet":{"background-color":"","background-image":"","background-repeat":"repeat","background-position":"center center","background-size":"auto","background-attachment":"scroll","background-type":"","background-media":"","overlay-type":"","overlay-color":"","overlay-opacity":"","overlay-gradient":""},"mobile":{"background-color":"","background-image":"","background-repeat":"repeat","background-position":"center center","background-size":"auto","background-attachment":"scroll","background-type":"","background-media":"","overlay-type":"","overlay-color":"","overlay-opacity":"","overlay-gradient":""}},"ast-content-background-meta":{"desktop":{"background-color":"var(--ast-global-color-5)","background-image":"","background-repeat":"repeat","background-position":"center center","background-size":"auto","background-attachment":"scroll","background-type":"","background-media":"","overlay-type":"","overlay-color":"","overlay-opacity":"","overlay-gradient":""},"tablet":{"background-color":"var(--ast-global-color-5)","background-image":"","background-repeat":"repeat","background-position":"center center","background-size":"auto","background-attachment":"scroll","background-type":"","background-media":"","overlay-type":"","overlay-color":"","overlay-opacity":"","overlay-gradient":""},"mobile":{"background-color":"var(--ast-global-color-5)","background-image":"","background-repeat":"repeat","background-position":"center center","background-size":"auto","background-attachment":"scroll","background-type":"","background-media":"","overlay-type":"","overlay-color":"","overlay-opacity":"","overlay-gradient":""}},"footnotes":""},"categories":[53],"tags":[],"class_list":["post-8900","post","type-post","status-publish","format-standard","has-post-thumbnail","hentry","category-ultimas-noticias"],"_links":{"self":[{"href":"https:\/\/edus.gov.co\/en\/wp-json\/wp\/v2\/posts\/8900","targetHints":{"allow":["GET"]}}],"collection":[{"href":"https:\/\/edus.gov.co\/en\/wp-json\/wp\/v2\/posts"}],"about":[{"href":"https:\/\/edus.gov.co\/en\/wp-json\/wp\/v2\/types\/post"}],"author":[{"embeddable":true,"href":"https:\/\/edus.gov.co\/en\/wp-json\/wp\/v2\/users\/17"}],"replies":[{"embeddable":true,"href":"https:\/\/edus.gov.co\/en\/wp-json\/wp\/v2\/comments?post=8900"}],"version-history":[{"count":5,"href":"https:\/\/edus.gov.co\/en\/wp-json\/wp\/v2\/posts\/8900\/revisions"}],"predecessor-version":[{"id":8906,"href":"https:\/\/edus.gov.co\/en\/wp-json\/wp\/v2\/posts\/8900\/revisions\/8906"}],"wp:featuredmedia":[{"embeddable":true,"href":"https:\/\/edus.gov.co\/en\/wp-json\/wp\/v2\/media\/8901"}],"wp:attachment":[{"href":"https:\/\/edus.gov.co\/en\/wp-json\/wp\/v2\/media?parent=8900"}],"wp:term":[{"taxonomy":"category","embeddable":true,"href":"https:\/\/edus.gov.co\/en\/wp-json\/wp\/v2\/categories?post=8900"},{"taxonomy":"post_tag","embeddable":true,"href":"https:\/\/edus.gov.co\/en\/wp-json\/wp\/v2\/tags?post=8900"}],"curies":[{"name":"wp","href":"https:\/\/api.w.org\/{rel}","templated":true}]}}