{"id":8876,"date":"2022-02-08T17:10:00","date_gmt":"2022-02-08T17:10:00","guid":{"rendered":"https:\/\/edus.gov.co\/?p=8876"},"modified":"2022-06-08T17:11:24","modified_gmt":"2022-06-08T17:11:24","slug":"el-remodelado-camellon-de-la-bahia-es-la-vitrina-de-santa-marta-para-el-turismo-internacional","status":"publish","type":"post","link":"https:\/\/edus.gov.co\/en\/el-remodelado-camellon-de-la-bahia-es-la-vitrina-de-santa-marta-para-el-turismo-internacional\/","title":{"rendered":"El remodelado Camell\u00f3n de la Bah\u00eda es la vitrina de Santa Marta para el turismo internacional\u00a0\u00a0"},"content":{"rendered":"<div data-elementor-type=\"wp-post\" data-elementor-id=\"8876\" class=\"elementor elementor-8876\" data-elementor-post-type=\"post\">\n\t\t\t\t\t\t<section class=\"elementor-section elementor-top-section elementor-element elementor-element-687bb192 elementor-section-boxed elementor-section-height-default elementor-section-height-default\" data-id=\"687bb192\" data-element_type=\"section\">\n\t\t\t\t\t\t<div class=\"elementor-container elementor-column-gap-default\">\n\t\t\t\t\t<div class=\"elementor-column elementor-col-100 elementor-top-column elementor-element elementor-element-4f30bfab\" data-id=\"4f30bfab\" data-element_type=\"column\">\n\t\t\t<div class=\"elementor-widget-wrap elementor-element-populated\">\n\t\t\t\t\t\t<div class=\"elementor-element elementor-element-2330fad3 elementor-widget elementor-widget-text-editor\" data-id=\"2330fad3\" data-element_type=\"widget\" data-widget_type=\"text-editor.default\">\n\t\t\t\t<div class=\"elementor-widget-container\">\n\t\t\t\t\t\t\t\t\t<p><i>*Los cruceristas disfrutaron del paisaje historia y la cultura de la \u2018Perla de Am\u00e9rica\u2019, y recorrieron el nuevo atractivo tur\u00edstico de la ciudad.\u00a0<\/i><\/p><p>Visitantes procedentes de pa\u00edses como Canad\u00e1, Inglaterra y Estados Unidos, entre otras nacionalidades, pudieron conocer el remodelado Camell\u00f3n de la Bah\u00eda de Santa Marta, un proyecto bandera de los Gobiernos del Cambio Imparable, que consolida a la ciudad como un destino atractivo para el turismo internacional.\u00a0<\/p><p>El nuevo Camell\u00f3n de la Bah\u00eda se convirti\u00f3 no solo en la vitrina para el posicionamiento internacional de Santa Marta, sino en la pasarela para que los extranjeros que llegaron a bordo de dos cruceros, pudieran conocer la historia y cultura de la \u2018Perla de Am\u00e9rica\u2019.\u00a0<\/p><p>\u00a0<\/p><p>Los cruceristas recorrieron algunos tramos del Camell\u00f3n, quedando maravillados con esta obra ejecutada por la Alcald\u00eda Distrital, a trav\u00e9s de la Empresa Distrital de Desarrollo y Renovaci\u00f3n Urbano Sostenible de Santa Marta, EDUS.\u00a0<\/p><p>\u201cEsta es la primera vez que tratamos con un turismo que es fuera de Colombia\u201d, coment\u00f3 Alfonso Jim\u00e9nez, due\u00f1o de uno de los modernizados m\u00f3dulos de jugos tradicionales ubicados en el camell\u00f3n.\u00a0<\/p><p>Agreg\u00f3 que han recibido el respaldo de las autoridades policivas, quienes de manera permanente realizan vigilancia en el lugar garantizando la seguridad de los vendedores y visitantes.\u00a0<\/p><p>\u201cLa fuerza p\u00fablica ha estado pendiente de nosotros y la alcaldesa Virna Johnson nos ha visitado, lo que demuestra su compromiso porque a nosotros y a la comunidad le vaya bien. Sabemos que debemos trabajar duro para que las cosas caminen de buena manera y las personas se vayan satisfechas de Santa Marta\u201d, manifest\u00f3 el propietario de Jugos Alfonso.\u00a0<\/p><p>Los vendedores tambi\u00e9n han destacado que los samarios visitan de manera frecuente la Plazoleta de Jugos Tradicionales para disfrutar de una deliciosa bebida en el desayuno. \u00a0<\/p><p>Este es el caso de Jorge Amador, joven que frecuenta casi a diario este lugar, el cual se ha convertido en una de sus zonas de predilecci\u00f3n para disfrutar de su tiempo libre.\u00a0<\/p><p>\u201cComo los jugos son algo tradicional de la ciudad, me ha parecido muy bueno que los hayan puesto ac\u00e1 en el Camell\u00f3n, en un espacio amplio donde podemos disfrutar de estas deliciosas bebidas acompa\u00f1adas del infaltable bu\u00f1uelo\u201d, coment\u00f3 Amador.\u00a0<\/p><p>\u00a0\u00a0<\/p><p>Hay que destacar que los vendedores han recibido capacitaciones en manipulaci\u00f3n de alimentos para brindar un mejor servicio a los clientes.\u00a0<\/p><p><b>UN CAMBIO EN LA MANERA DE TRABAJAR\u00a0<\/b><\/p><p>El espacio d\u00f3nde estaban anteriormente los vendedores de jugos era reducido y no contaba con las medidas sanitarias, ahora tienen lugares limpios que dignifican su labor, preservando la tradici\u00f3n de disfrutarlos a cualquier hora del d\u00eda, con el mejor paisaje que puede brindar Santa Marta a la orilla del mar.\u00a0<\/p><p>\u00a0<\/p><p>Con la transformaci\u00f3n del camell\u00f3n, la reubicaci\u00f3n de los vendedores de jugos, qued\u00f3 demostrado que en Santa Marta los Gobiernos del Cambio Imparable siguen su gesti\u00f3n con el prop\u00f3sito de mejorar la imagen de la ciudad, de su gente y\u00a0\u00a0reactivando la econom\u00eda a trav\u00e9s de proyectos inclusivos que se hacen realidad. \u00a0<\/p><p>Desde la Empresa Distrital de Desarrollo y Renovaci\u00f3n Urbano Sostenible \u2013 EDUS, extendemos la invitaci\u00f3n a todos los ciudadanos para que lleguen hasta la plazoleta de los jugos del Camell\u00f3n y tambi\u00e9n disfruten en familia o con amigo de estos lugares convertidos en sitios de encuentros y esparcimientos.<\/p>\t\t\t\t\t\t\t\t<\/div>\n\t\t\t\t<\/div>\n\t\t\t\t\t<\/div>\n\t\t<\/div>\n\t\t\t\t\t<\/div>\n\t\t<\/section>\n\t\t\t\t<section class=\"elementor-section elementor-top-section elementor-element elementor-element-c0d47f5 elementor-section-full_width elementor-section-stretched elementor-section-height-default elementor-section-height-default\" data-id=\"c0d47f5\" data-element_type=\"section\" data-settings=\"{&quot;stretch_section&quot;:&quot;section-stretched&quot;}\">\n\t\t\t\t\t\t\t<div class=\"elementor-background-overlay\"><\/div>\n\t\t\t\t\t\t\t<div class=\"elementor-container elementor-column-gap-default\">\n\t\t\t\t\t<div class=\"elementor-column elementor-col-100 elementor-top-column elementor-element elementor-element-b3f40b9\" data-id=\"b3f40b9\" data-element_type=\"column\">\n\t\t\t<div class=\"elementor-widget-wrap elementor-element-populated\">\n\t\t\t\t\t\t<div class=\"elementor-element elementor-element-939a1e2 elementor-widget elementor-widget-heading\" data-id=\"939a1e2\" data-element_type=\"widget\" data-widget_type=\"heading.default\">\n\t\t\t\t<div class=\"elementor-widget-container\">\n\t\t\t\t\t<h3 class=\"elementor-heading-title elementor-size-default\">\u00daltimas Noticias<\/h3>\t\t\t\t<\/div>\n\t\t\t\t<\/div>\n\t\t\t\t\t<\/div>\n\t\t<\/div>\n\t\t\t\t\t<\/div>\n\t\t<\/section>\n\t\t\t\t<\/div>","protected":false},"excerpt":{"rendered":"<p>*Los cruceristas disfrutaron del paisaje historia y la cultura de la \u2018Perla de Am\u00e9rica\u2019, y recorrieron el nuevo atractivo tur\u00edstico de la ciudad.\u00a0 Visitantes procedentes de pa\u00edses como Canad\u00e1, Inglaterra y Estados Unidos, entre otras nacionalidades, pudieron conocer el remodelado Camell\u00f3n de la Bah\u00eda de Santa Marta, un proyecto bandera de los Gobiernos del Cambio [&hellip;]<\/p>","protected":false},"author":17,"featured_media":8877,"comment_status":"closed","ping_status":"closed","sticky":false,"template":"","format":"standard","meta":{"site-sidebar-layout":"default","site-content-layout":"","ast-site-content-layout":"default","site-content-style":"default","site-sidebar-style":"default","ast-global-header-display":"","ast-banner-title-visibility":"","ast-main-header-display":"","ast-hfb-above-header-display":"","ast-hfb-below-header-display":"","ast-hfb-mobile-header-display":"","site-post-title":"","ast-breadcrumbs-content":"","ast-featured-img":"","footer-sml-layout":"","ast-disable-related-posts":"","theme-transparent-header-meta":"","adv-header-id-meta":"","stick-header-meta":"","header-above-stick-meta":"","header-main-stick-meta":"","header-below-stick-meta":"","astra-migrate-meta-layouts":"default","ast-page-background-enabled":"default","ast-page-background-meta":{"desktop":{"background-color":"var(--ast-global-color-4)","background-image":"","background-repeat":"repeat","background-position":"center center","background-size":"auto","background-attachment":"scroll","background-type":"","background-media":"","overlay-type":"","overlay-color":"","overlay-opacity":"","overlay-gradient":""},"tablet":{"background-color":"","background-image":"","background-repeat":"repeat","background-position":"center center","background-size":"auto","background-attachment":"scroll","background-type":"","background-media":"","overlay-type":"","overlay-color":"","overlay-opacity":"","overlay-gradient":""},"mobile":{"background-color":"","background-image":"","background-repeat":"repeat","background-position":"center center","background-size":"auto","background-attachment":"scroll","background-type":"","background-media":"","overlay-type":"","overlay-color":"","overlay-opacity":"","overlay-gradient":""}},"ast-content-background-meta":{"desktop":{"background-color":"var(--ast-global-color-5)","background-image":"","background-repeat":"repeat","background-position":"center center","background-size":"auto","background-attachment":"scroll","background-type":"","background-media":"","overlay-type":"","overlay-color":"","overlay-opacity":"","overlay-gradient":""},"tablet":{"background-color":"var(--ast-global-color-5)","background-image":"","background-repeat":"repeat","background-position":"center center","background-size":"auto","background-attachment":"scroll","background-type":"","background-media":"","overlay-type":"","overlay-color":"","overlay-opacity":"","overlay-gradient":""},"mobile":{"background-color":"var(--ast-global-color-5)","background-image":"","background-repeat":"repeat","background-position":"center center","background-size":"auto","background-attachment":"scroll","background-type":"","background-media":"","overlay-type":"","overlay-color":"","overlay-opacity":"","overlay-gradient":""}},"footnotes":""},"categories":[53],"tags":[],"class_list":["post-8876","post","type-post","status-publish","format-standard","has-post-thumbnail","hentry","category-ultimas-noticias"],"_links":{"self":[{"href":"https:\/\/edus.gov.co\/en\/wp-json\/wp\/v2\/posts\/8876","targetHints":{"allow":["GET"]}}],"collection":[{"href":"https:\/\/edus.gov.co\/en\/wp-json\/wp\/v2\/posts"}],"about":[{"href":"https:\/\/edus.gov.co\/en\/wp-json\/wp\/v2\/types\/post"}],"author":[{"embeddable":true,"href":"https:\/\/edus.gov.co\/en\/wp-json\/wp\/v2\/users\/17"}],"replies":[{"embeddable":true,"href":"https:\/\/edus.gov.co\/en\/wp-json\/wp\/v2\/comments?post=8876"}],"version-history":[{"count":4,"href":"https:\/\/edus.gov.co\/en\/wp-json\/wp\/v2\/posts\/8876\/revisions"}],"predecessor-version":[{"id":8881,"href":"https:\/\/edus.gov.co\/en\/wp-json\/wp\/v2\/posts\/8876\/revisions\/8881"}],"wp:featuredmedia":[{"embeddable":true,"href":"https:\/\/edus.gov.co\/en\/wp-json\/wp\/v2\/media\/8877"}],"wp:attachment":[{"href":"https:\/\/edus.gov.co\/en\/wp-json\/wp\/v2\/media?parent=8876"}],"wp:term":[{"taxonomy":"category","embeddable":true,"href":"https:\/\/edus.gov.co\/en\/wp-json\/wp\/v2\/categories?post=8876"},{"taxonomy":"post_tag","embeddable":true,"href":"https:\/\/edus.gov.co\/en\/wp-json\/wp\/v2\/tags?post=8876"}],"curies":[{"name":"wp","href":"https:\/\/api.w.org\/{rel}","templated":true}]}}