{"id":8850,"date":"2022-06-02T14:07:35","date_gmt":"2022-06-02T14:07:35","guid":{"rendered":"https:\/\/edus.gov.co\/?p=8850"},"modified":"2022-06-02T14:44:38","modified_gmt":"2022-06-02T14:44:38","slug":"santa-marta-es-pionera-en-la-instalacion-de-la-red-geodesica-pasiva","status":"publish","type":"post","link":"https:\/\/edus.gov.co\/en\/santa-marta-es-pionera-en-la-instalacion-de-la-red-geodesica-pasiva\/","title":{"rendered":"Santa Marta es pionera en la instalaci\u00f3n de la Red Geod\u00e9sica Pasiva\u00a0"},"content":{"rendered":"<div data-elementor-type=\"wp-post\" data-elementor-id=\"8850\" class=\"elementor elementor-8850\" data-elementor-post-type=\"post\">\n\t\t\t\t\t\t<section class=\"elementor-section elementor-top-section elementor-element elementor-element-687bb192 elementor-section-boxed elementor-section-height-default elementor-section-height-default\" data-id=\"687bb192\" data-element_type=\"section\">\n\t\t\t\t\t\t<div class=\"elementor-container elementor-column-gap-default\">\n\t\t\t\t\t<div class=\"elementor-column elementor-col-100 elementor-top-column elementor-element elementor-element-4f30bfab\" data-id=\"4f30bfab\" data-element_type=\"column\">\n\t\t\t<div class=\"elementor-widget-wrap elementor-element-populated\">\n\t\t\t\t\t\t<div class=\"elementor-element elementor-element-2330fad3 elementor-widget elementor-widget-text-editor\" data-id=\"2330fad3\" data-element_type=\"widget\" data-widget_type=\"text-editor.default\">\n\t\t\t\t<div class=\"elementor-widget-container\">\n\t\t\t\t\t\t\t\t\t<p><span lang=\"ES-TRAD\">Gracias a los avances del Distrito en la implementaci\u00f3n del catastro con enfoque multiprop\u00f3sito, inicia una nueva era de modernizaci\u00f3n con la instalaci\u00f3n de la Red Geod\u00e9sica Pasiva, que corresponde a un sistema de puntos que servir\u00e1n de referencia para las mediciones y georreferenciaci\u00f3n de la ciudad.<u><\/u>\u00a0<u><\/u><\/span><\/p><p><span lang=\"ES-TRAD\">Para el funcionamiento de la red fueron instalados 16 puntos espec\u00edficos, conformados por pilastras y mojones que cuentan con coordenadas exactas en cuanto a posici\u00f3n y altura con respecto al nivel del mar.<u><\/u>\u00a0<u><\/u><\/span><\/p><p><span lang=\"ES-TRAD\">\u201cSomos pioneros en red geod\u00e9sica pasiva, la cual se diferencia de la activa porque es construida, mientras que las activas hacen referencia a las estaciones con antenas satelitales que funcionan permanentemente\u201d, explic\u00f3 el ingeniero Francisco Mora, especializado en geodesia, y quien es el encargado de la instalaci\u00f3n de la red.<u><\/u>\u00a0<u><\/u><\/span><\/p><p><span lang=\"ES-TRAD\">La Red Geod\u00e9sica Pasiva de Santa Marta har\u00e1 parte del Marco de Georreferencia Nacional (Magna), que le brindar\u00e1 sostenibilidad a los ingenieros y top\u00f3grafos, para el catastro, dise\u00f1os de v\u00edas, redes hidr\u00e1ulicas, entre otros temas.<u><\/u>\u00a0<u><\/u><\/span><\/p><p><span lang=\"ES-TRAD\">De acuerdo con lo manifestado por el contratista, en los pr\u00f3ximos d\u00edas ser\u00e1n entregadas las coordenadas para que sea administrada por la Unidad Administrativa de Catastro Multiprop\u00f3sito.\u00a0<u><\/u>\u00a0<u><\/u><\/span><\/p><p><span lang=\"ES-TRAD\">Las estaciones o puntos instalados est\u00e1n sujetos a las condiciones del relieve en el \u00e1rea urbana de Santa Marta, distribuidas geom\u00e9tricamente de acuerdo a la topograf\u00eda.<u><\/u>\u00a0<u><\/u><\/span><\/p><p><span lang=\"ES-TRAD\">Con la puesta en funcionamiento de esta red, la Unidad Administrativa de Catastro Multiprop\u00f3sito tendr\u00e1 una herramienta de gran importancia para determinar medidas exactas de los predios, y de esta manera justificar la titulaci\u00f3n y linderos de los mismos.<u><\/u>\u00a0<u><\/u><\/span><\/p><p><span lang=\"ES-TRAD\">Tambi\u00e9n servir\u00e1 para la instalaci\u00f3n de cableadas el\u00e9ctrico si se lleva a cabo por tierra, obras de infraestructura y trabajos medioambientales.<u><\/u>\u00a0<u><\/u><\/span><\/p><p><span lang=\"ES-TRAD\">Del mismo modo, la red que estar\u00e1 al servicio p\u00fablico servir\u00e1 para generar mapas tem\u00e1ticos dando soporte para que se elaboren con precisi\u00f3n como los de gesti\u00f3n de riesgo, vial, reclasificaci\u00f3n de la flora, etc.<u><\/u>\u00a0<u><\/u><\/span><\/p><p><span lang=\"ES-TRAD\">Gracias a la gesti\u00f3n de la alcaldesa Virna Jonhson, con la puesta al servicio esta herramienta, se podr\u00e1 capturar informaci\u00f3n de alta precisi\u00f3n en materia de altitud y posici\u00f3n del terreno. Adem\u00e1s, proveer\u00e1 informaci\u00f3n de \u00e1rea, extensi\u00f3n, ubicaci\u00f3n y orientaci\u00f3n.<u><\/u>\u00a0<\/span><\/p><p><span lang=\"ES-TRAD\">.<\/span><\/p>\t\t\t\t\t\t\t\t<\/div>\n\t\t\t\t<\/div>\n\t\t\t\t\t<\/div>\n\t\t<\/div>\n\t\t\t\t\t<\/div>\n\t\t<\/section>\n\t\t\t\t<section class=\"elementor-section elementor-top-section elementor-element elementor-element-c0d47f5 elementor-section-full_width elementor-section-stretched elementor-section-height-default elementor-section-height-default\" data-id=\"c0d47f5\" data-element_type=\"section\" data-settings=\"{&quot;stretch_section&quot;:&quot;section-stretched&quot;}\">\n\t\t\t\t\t\t\t<div class=\"elementor-background-overlay\"><\/div>\n\t\t\t\t\t\t\t<div class=\"elementor-container elementor-column-gap-default\">\n\t\t\t\t\t<div class=\"elementor-column elementor-col-100 elementor-top-column elementor-element elementor-element-b3f40b9\" data-id=\"b3f40b9\" data-element_type=\"column\">\n\t\t\t<div class=\"elementor-widget-wrap elementor-element-populated\">\n\t\t\t\t\t\t<div class=\"elementor-element elementor-element-939a1e2 elementor-widget elementor-widget-heading\" data-id=\"939a1e2\" data-element_type=\"widget\" data-widget_type=\"heading.default\">\n\t\t\t\t<div class=\"elementor-widget-container\">\n\t\t\t\t\t<h3 class=\"elementor-heading-title elementor-size-default\">\u00daltimas Noticias<\/h3>\t\t\t\t<\/div>\n\t\t\t\t<\/div>\n\t\t\t\t\t<\/div>\n\t\t<\/div>\n\t\t\t\t\t<\/div>\n\t\t<\/section>\n\t\t\t\t<\/div>","protected":false},"excerpt":{"rendered":"<p>Gracias a los avances del Distrito en la implementaci\u00f3n del catastro con enfoque multiprop\u00f3sito, inicia una nueva era de modernizaci\u00f3n con la instalaci\u00f3n de la Red Geod\u00e9sica Pasiva, que corresponde a un sistema de puntos que servir\u00e1n de referencia para las mediciones y georreferenciaci\u00f3n de la ciudad.\u00a0 Para el funcionamiento de la red fueron instalados [&hellip;]<\/p>","protected":false},"author":17,"featured_media":8851,"comment_status":"closed","ping_status":"closed","sticky":false,"template":"","format":"standard","meta":{"site-sidebar-layout":"default","site-content-layout":"","ast-site-content-layout":"default","site-content-style":"default","site-sidebar-style":"default","ast-global-header-display":"","ast-banner-title-visibility":"","ast-main-header-display":"","ast-hfb-above-header-display":"","ast-hfb-below-header-display":"","ast-hfb-mobile-header-display":"","site-post-title":"","ast-breadcrumbs-content":"","ast-featured-img":"","footer-sml-layout":"","ast-disable-related-posts":"","theme-transparent-header-meta":"","adv-header-id-meta":"","stick-header-meta":"","header-above-stick-meta":"","header-main-stick-meta":"","header-below-stick-meta":"","astra-migrate-meta-layouts":"default","ast-page-background-enabled":"default","ast-page-background-meta":{"desktop":{"background-color":"var(--ast-global-color-4)","background-image":"","background-repeat":"repeat","background-position":"center center","background-size":"auto","background-attachment":"scroll","background-type":"","background-media":"","overlay-type":"","overlay-color":"","overlay-opacity":"","overlay-gradient":""},"tablet":{"background-color":"","background-image":"","background-repeat":"repeat","background-position":"center center","background-size":"auto","background-attachment":"scroll","background-type":"","background-media":"","overlay-type":"","overlay-color":"","overlay-opacity":"","overlay-gradient":""},"mobile":{"background-color":"","background-image":"","background-repeat":"repeat","background-position":"center center","background-size":"auto","background-attachment":"scroll","background-type":"","background-media":"","overlay-type":"","overlay-color":"","overlay-opacity":"","overlay-gradient":""}},"ast-content-background-meta":{"desktop":{"background-color":"var(--ast-global-color-5)","background-image":"","background-repeat":"repeat","background-position":"center center","background-size":"auto","background-attachment":"scroll","background-type":"","background-media":"","overlay-type":"","overlay-color":"","overlay-opacity":"","overlay-gradient":""},"tablet":{"background-color":"var(--ast-global-color-5)","background-image":"","background-repeat":"repeat","background-position":"center center","background-size":"auto","background-attachment":"scroll","background-type":"","background-media":"","overlay-type":"","overlay-color":"","overlay-opacity":"","overlay-gradient":""},"mobile":{"background-color":"var(--ast-global-color-5)","background-image":"","background-repeat":"repeat","background-position":"center center","background-size":"auto","background-attachment":"scroll","background-type":"","background-media":"","overlay-type":"","overlay-color":"","overlay-opacity":"","overlay-gradient":""}},"footnotes":""},"categories":[53],"tags":[],"class_list":["post-8850","post","type-post","status-publish","format-standard","has-post-thumbnail","hentry","category-ultimas-noticias"],"_links":{"self":[{"href":"https:\/\/edus.gov.co\/en\/wp-json\/wp\/v2\/posts\/8850","targetHints":{"allow":["GET"]}}],"collection":[{"href":"https:\/\/edus.gov.co\/en\/wp-json\/wp\/v2\/posts"}],"about":[{"href":"https:\/\/edus.gov.co\/en\/wp-json\/wp\/v2\/types\/post"}],"author":[{"embeddable":true,"href":"https:\/\/edus.gov.co\/en\/wp-json\/wp\/v2\/users\/17"}],"replies":[{"embeddable":true,"href":"https:\/\/edus.gov.co\/en\/wp-json\/wp\/v2\/comments?post=8850"}],"version-history":[{"count":4,"href":"https:\/\/edus.gov.co\/en\/wp-json\/wp\/v2\/posts\/8850\/revisions"}],"predecessor-version":[{"id":8855,"href":"https:\/\/edus.gov.co\/en\/wp-json\/wp\/v2\/posts\/8850\/revisions\/8855"}],"wp:featuredmedia":[{"embeddable":true,"href":"https:\/\/edus.gov.co\/en\/wp-json\/wp\/v2\/media\/8851"}],"wp:attachment":[{"href":"https:\/\/edus.gov.co\/en\/wp-json\/wp\/v2\/media?parent=8850"}],"wp:term":[{"taxonomy":"category","embeddable":true,"href":"https:\/\/edus.gov.co\/en\/wp-json\/wp\/v2\/categories?post=8850"},{"taxonomy":"post_tag","embeddable":true,"href":"https:\/\/edus.gov.co\/en\/wp-json\/wp\/v2\/tags?post=8850"}],"curies":[{"name":"wp","href":"https:\/\/api.w.org\/{rel}","templated":true}]}}