{"id":8817,"date":"2022-05-17T21:33:21","date_gmt":"2022-05-17T21:33:21","guid":{"rendered":"https:\/\/edus.gov.co\/?p=8817"},"modified":"2022-05-17T21:54:20","modified_gmt":"2022-05-17T21:54:20","slug":"obras-de-pavimentacion-en-los-laureles-avanzan-en-un-39","status":"publish","type":"post","link":"https:\/\/edus.gov.co\/en\/obras-de-pavimentacion-en-los-laureles-avanzan-en-un-39\/","title":{"rendered":"Obras de pavimentaci\u00f3n en Los Laureles avanzan en un 39%\u00a0\u00a0"},"content":{"rendered":"<div data-elementor-type=\"wp-post\" data-elementor-id=\"8817\" class=\"elementor elementor-8817\" data-elementor-post-type=\"post\">\n\t\t\t\t\t\t<section class=\"elementor-section elementor-top-section elementor-element elementor-element-687bb192 elementor-section-boxed elementor-section-height-default elementor-section-height-default\" data-id=\"687bb192\" data-element_type=\"section\">\n\t\t\t\t\t\t<div class=\"elementor-container elementor-column-gap-default\">\n\t\t\t\t\t<div class=\"elementor-column elementor-col-100 elementor-top-column elementor-element elementor-element-4f30bfab\" data-id=\"4f30bfab\" data-element_type=\"column\">\n\t\t\t<div class=\"elementor-widget-wrap elementor-element-populated\">\n\t\t\t\t\t\t<div class=\"elementor-element elementor-element-2330fad3 elementor-widget elementor-widget-text-editor\" data-id=\"2330fad3\" data-element_type=\"widget\" data-widget_type=\"text-editor.default\">\n\t\t\t\t<div class=\"elementor-widget-container\">\n\t\t\t\t\t\t\t\t\t<p><span lang=\"ES-TRAD\">El programa Mi Calle avanza en el barrio Los Laureles con la recuperaci\u00f3n de su v\u00eda principal, con un avance del 39%, cumpliendo con el cronograma establecido y socializado con la comunidad.<u><\/u>\u00a0<u><\/u><\/span><\/p><p><span lang=\"ES-TRAD\">Esta obra, que es ejecutada por la Alcald\u00eda Distrital, por medio de la Empresa de Desarrollo y Renovaci\u00f3n Urbano Sostenible, EDUS, beneficia con el mejoramiento de la calidad de vida de 325 residentes de este sector en el sur de la ciudad.<u><\/u>\u00a0<u><\/u><\/span><\/p><p><span lang=\"ES-TRAD\">Los trabajos se adelantan en el tramo de la calle 29k3 entre la carrera 22 y la avenida del Ferrocarril, el cual, ya cuenta con 1.853 metros cuadrados de base en concreto fluido y con la pavimentaci\u00f3n de 480 metros cuadrados.<u><\/u>\u00a0<u><\/u><\/span><\/p><p><span lang=\"ES-TRAD\">Igualmente, se avanza con los trabajos en la v\u00eda principal que une los barrios Boulevard de las Rosas y Los Faroles, con la pavimentaci\u00f3n de 351 metros cuadrados, impactando aproximadamente a 2 mil habitantes.<u><\/u>\u00a0<u><\/u><\/span><\/p><p><span lang=\"ES-TRAD\">Estos proyectos fueron postulados por la comunidad a trav\u00e9s de un Comit\u00e9 de Obra, siendo priorizadas por el cumplimiento de requisitos establecidos para el programa Mi Calle, cuya finalidad es brindar mejor movilidad y espacios p\u00fablicos recuperados.<u><\/u>\u00a0<u><\/u><\/span><\/p><p><span lang=\"ES-TRAD\">Los Gobiernos del Cambio contin\u00faan trabajando de manera imparable con proyectos que aportan positivamente en el desarrollo de Santa Marta y asegurando m\u00e1s obras viales en las distintas localidades, para la transformaci\u00f3n social y urban\u00edstica de la ciudad.<u><\/u>\u00a0<\/span><\/p>\t\t\t\t\t\t\t\t<\/div>\n\t\t\t\t<\/div>\n\t\t\t\t\t<\/div>\n\t\t<\/div>\n\t\t\t\t\t<\/div>\n\t\t<\/section>\n\t\t\t\t<section class=\"elementor-section elementor-top-section elementor-element elementor-element-c0d47f5 elementor-section-full_width elementor-section-stretched elementor-section-height-default elementor-section-height-default\" data-id=\"c0d47f5\" data-element_type=\"section\" data-settings=\"{&quot;stretch_section&quot;:&quot;section-stretched&quot;}\">\n\t\t\t\t\t\t\t<div class=\"elementor-background-overlay\"><\/div>\n\t\t\t\t\t\t\t<div class=\"elementor-container elementor-column-gap-default\">\n\t\t\t\t\t<div class=\"elementor-column elementor-col-100 elementor-top-column elementor-element elementor-element-b3f40b9\" data-id=\"b3f40b9\" data-element_type=\"column\">\n\t\t\t<div class=\"elementor-widget-wrap elementor-element-populated\">\n\t\t\t\t\t\t<div class=\"elementor-element elementor-element-939a1e2 elementor-widget elementor-widget-heading\" data-id=\"939a1e2\" data-element_type=\"widget\" data-widget_type=\"heading.default\">\n\t\t\t\t<div class=\"elementor-widget-container\">\n\t\t\t\t\t<h3 class=\"elementor-heading-title elementor-size-default\">\u00daltimas Noticias<\/h3>\t\t\t\t<\/div>\n\t\t\t\t<\/div>\n\t\t\t\t\t<\/div>\n\t\t<\/div>\n\t\t\t\t\t<\/div>\n\t\t<\/section>\n\t\t\t\t<\/div>","protected":false},"excerpt":{"rendered":"<p>El programa Mi Calle avanza en el barrio Los Laureles con la recuperaci\u00f3n de su v\u00eda principal, con un avance del 39%, cumpliendo con el cronograma establecido y socializado con la comunidad.&nbsp; Esta obra, que es ejecutada por la Alcald\u00eda Distrital, por medio de la Empresa de Desarrollo y Renovaci\u00f3n Urbano Sostenible, EDUS, beneficia con [&hellip;]<\/p>","protected":false},"author":17,"featured_media":8818,"comment_status":"closed","ping_status":"closed","sticky":false,"template":"","format":"standard","meta":{"site-sidebar-layout":"default","site-content-layout":"","ast-site-content-layout":"default","site-content-style":"default","site-sidebar-style":"default","ast-global-header-display":"","ast-banner-title-visibility":"","ast-main-header-display":"","ast-hfb-above-header-display":"","ast-hfb-below-header-display":"","ast-hfb-mobile-header-display":"","site-post-title":"","ast-breadcrumbs-content":"","ast-featured-img":"","footer-sml-layout":"","ast-disable-related-posts":"","theme-transparent-header-meta":"","adv-header-id-meta":"","stick-header-meta":"","header-above-stick-meta":"","header-main-stick-meta":"","header-below-stick-meta":"","astra-migrate-meta-layouts":"default","ast-page-background-enabled":"default","ast-page-background-meta":{"desktop":{"background-color":"var(--ast-global-color-4)","background-image":"","background-repeat":"repeat","background-position":"center center","background-size":"auto","background-attachment":"scroll","background-type":"","background-media":"","overlay-type":"","overlay-color":"","overlay-opacity":"","overlay-gradient":""},"tablet":{"background-color":"","background-image":"","background-repeat":"repeat","background-position":"center center","background-size":"auto","background-attachment":"scroll","background-type":"","background-media":"","overlay-type":"","overlay-color":"","overlay-opacity":"","overlay-gradient":""},"mobile":{"background-color":"","background-image":"","background-repeat":"repeat","background-position":"center center","background-size":"auto","background-attachment":"scroll","background-type":"","background-media":"","overlay-type":"","overlay-color":"","overlay-opacity":"","overlay-gradient":""}},"ast-content-background-meta":{"desktop":{"background-color":"var(--ast-global-color-5)","background-image":"","background-repeat":"repeat","background-position":"center center","background-size":"auto","background-attachment":"scroll","background-type":"","background-media":"","overlay-type":"","overlay-color":"","overlay-opacity":"","overlay-gradient":""},"tablet":{"background-color":"var(--ast-global-color-5)","background-image":"","background-repeat":"repeat","background-position":"center center","background-size":"auto","background-attachment":"scroll","background-type":"","background-media":"","overlay-type":"","overlay-color":"","overlay-opacity":"","overlay-gradient":""},"mobile":{"background-color":"var(--ast-global-color-5)","background-image":"","background-repeat":"repeat","background-position":"center center","background-size":"auto","background-attachment":"scroll","background-type":"","background-media":"","overlay-type":"","overlay-color":"","overlay-opacity":"","overlay-gradient":""}},"footnotes":""},"categories":[53],"tags":[],"class_list":["post-8817","post","type-post","status-publish","format-standard","has-post-thumbnail","hentry","category-ultimas-noticias"],"_links":{"self":[{"href":"https:\/\/edus.gov.co\/en\/wp-json\/wp\/v2\/posts\/8817","targetHints":{"allow":["GET"]}}],"collection":[{"href":"https:\/\/edus.gov.co\/en\/wp-json\/wp\/v2\/posts"}],"about":[{"href":"https:\/\/edus.gov.co\/en\/wp-json\/wp\/v2\/types\/post"}],"author":[{"embeddable":true,"href":"https:\/\/edus.gov.co\/en\/wp-json\/wp\/v2\/users\/17"}],"replies":[{"embeddable":true,"href":"https:\/\/edus.gov.co\/en\/wp-json\/wp\/v2\/comments?post=8817"}],"version-history":[{"count":5,"href":"https:\/\/edus.gov.co\/en\/wp-json\/wp\/v2\/posts\/8817\/revisions"}],"predecessor-version":[{"id":8823,"href":"https:\/\/edus.gov.co\/en\/wp-json\/wp\/v2\/posts\/8817\/revisions\/8823"}],"wp:featuredmedia":[{"embeddable":true,"href":"https:\/\/edus.gov.co\/en\/wp-json\/wp\/v2\/media\/8818"}],"wp:attachment":[{"href":"https:\/\/edus.gov.co\/en\/wp-json\/wp\/v2\/media?parent=8817"}],"wp:term":[{"taxonomy":"category","embeddable":true,"href":"https:\/\/edus.gov.co\/en\/wp-json\/wp\/v2\/categories?post=8817"},{"taxonomy":"post_tag","embeddable":true,"href":"https:\/\/edus.gov.co\/en\/wp-json\/wp\/v2\/tags?post=8817"}],"curies":[{"name":"wp","href":"https:\/\/api.w.org\/{rel}","templated":true}]}}