{"id":8791,"date":"2022-05-09T13:12:00","date_gmt":"2022-05-09T13:12:00","guid":{"rendered":"https:\/\/edus.gov.co\/?p=8791"},"modified":"2022-05-10T14:48:11","modified_gmt":"2022-05-10T14:48:11","slug":"la-carrera-19-brinda-una-nueva-cara-al-comercio-de-la-zona","status":"publish","type":"post","link":"https:\/\/edus.gov.co\/en\/la-carrera-19-brinda-una-nueva-cara-al-comercio-de-la-zona\/","title":{"rendered":"<strong>La carrera 19 brinda una nueva cara al comercio de la zona<\/strong>"},"content":{"rendered":"<div data-elementor-type=\"wp-post\" data-elementor-id=\"8791\" class=\"elementor elementor-8791\" data-elementor-post-type=\"post\">\n\t\t\t\t\t\t<section class=\"elementor-section elementor-top-section elementor-element elementor-element-687bb192 elementor-section-boxed elementor-section-height-default elementor-section-height-default\" data-id=\"687bb192\" data-element_type=\"section\">\n\t\t\t\t\t\t<div class=\"elementor-container elementor-column-gap-default\">\n\t\t\t\t\t<div class=\"elementor-column elementor-col-100 elementor-top-column elementor-element elementor-element-4f30bfab\" data-id=\"4f30bfab\" data-element_type=\"column\">\n\t\t\t<div class=\"elementor-widget-wrap elementor-element-populated\">\n\t\t\t\t\t\t<div class=\"elementor-element elementor-element-2330fad3 elementor-widget elementor-widget-text-editor\" data-id=\"2330fad3\" data-element_type=\"widget\" data-widget_type=\"text-editor.default\">\n\t\t\t\t<div class=\"elementor-widget-container\">\n\t\t\t\t\t\t\t\t\t<p><span lang=\"ES-TRAD\">Tuvieron que transcurrir varias d\u00e9cadas para que la comunidad y comerciantes de la carrera 19 pudieran tener una vida dignificada gracias a la transformaci\u00f3n de esta importante arteria para la movilidad vehicular de los samarios.<\/span><\/p>\n<p><span lang=\"ES-TRAD\">Con el primer tramo habilitado los habitantes de este sector dejaron en el pasado la preocupaci\u00f3n por las inundaciones de sus calles y el rebosamiento del alcantarillado.<\/span><\/p>\n<p><span lang=\"ES-TRAD\">Ahora viven m\u00e1s tranquilos, han evidenciado que el mejoramiento de la malla vial trajo gran beneficio a las personas que residen en la zona, como a los comerciantes y a los conductores que a diario transitan por la avenida que une a la v\u00eda alterna al puerto con la avenida del Libertador.<\/span><\/p>\n<p><span lang=\"ES-TRAD\">Una de estas experiencias, la vive Claudia Somerson, empleada de una reconocida helader\u00eda de la zona, quien ya no tiene que esperar largas horas para tomar un medio de transporte y retornar a su hogar.<\/span><\/p>\n<p><span lang=\"ES-TRAD\">\u201cLlama la atenci\u00f3n c\u00f3mo las obras de la carrera 19 trajeron consigo una mejor calidad de vida para nosotros. Estamos seguros que las inundaciones quedaron en el pasado\u201d, indic\u00f3 Somerson.<\/span><\/p>\n<p><span lang=\"ES-TRAD\">La v\u00eda cuenta con un sistema de drenaje, un box culvert y un colector pluvial que evitan que las aguas queden estancadas, sino por el contrario, evacuan con rapidez acabando con los estancamientos.<\/span><\/p>\n<p><span lang=\"ES-TRAD\">Adem\u00e1s de dignificar la vida de los ciudadanos, valorizar las viviendas y locales comerciales que se encuentran en la zona de influencia de la obra, tambi\u00e9n trae tranquilidad y esperanza para los peque\u00f1os empresarios. Uno de ellos es Franklin Colina, propietario de uno de los restaurantes reconocidos ubicados sobre la carrera 19.<\/span><\/p>\n<p><span lang=\"ES-TRAD\">\u201cMuchos clientes que visitaron el restaurante por estos d\u00edas quedaron sorprendidos con la facilidad que pudieron movilizarse al lugar, debido a que la v\u00eda se encontraba seca a pesar de los dos fuertes aguaceros que cayeron en el sector\u201d, indic\u00f3 el comerciante.<\/span><\/p>\n<p><span lang=\"ES-TRAD\">Tambi\u00e9n asegur\u00f3 que esto es un punto favorable para la reactivaci\u00f3n econ\u00f3mica debido a que las personas pueden caminar sin ning\u00fan problema, sin temor que se tengan que meter al agua o que sus veh\u00edculos se les aver\u00ede.<\/span><\/p>\n<p><span lang=\"ES-TRAD\">La transformaci\u00f3n de la carrera 19 se encuentra en su etapa final, es un proyecto de la Alcald\u00eda Distrital de Santa Marta, a trav\u00e9s de la Empresa de Desarrollo y Renovaci\u00f3n Urbano Sostenible de Santa Marta, EDUS, que avanza activamente entre la calle 11 y la avenida del Libertador con obras de pavimentaci\u00f3n, construcci\u00f3n de box-coulvert, espacio p\u00fablico, bordillos, paisajismo y urbanismo para ser entregado a la ciudadan\u00eda que ve con benepl\u00e1cito que este tipo de proyectos de mejoramiento de la movilidad sean ejecutados por los Gobiernos del Cambio.<\/span><\/p>\t\t\t\t\t\t\t\t<\/div>\n\t\t\t\t<\/div>\n\t\t\t\t\t<\/div>\n\t\t<\/div>\n\t\t\t\t\t<\/div>\n\t\t<\/section>\n\t\t\t\t<section class=\"elementor-section elementor-top-section elementor-element elementor-element-c0d47f5 elementor-section-full_width elementor-section-stretched elementor-section-height-default elementor-section-height-default\" data-id=\"c0d47f5\" data-element_type=\"section\" data-settings=\"{&quot;stretch_section&quot;:&quot;section-stretched&quot;}\">\n\t\t\t\t\t\t\t<div class=\"elementor-background-overlay\"><\/div>\n\t\t\t\t\t\t\t<div class=\"elementor-container elementor-column-gap-default\">\n\t\t\t\t\t<div class=\"elementor-column elementor-col-100 elementor-top-column elementor-element elementor-element-b3f40b9\" data-id=\"b3f40b9\" data-element_type=\"column\">\n\t\t\t<div class=\"elementor-widget-wrap elementor-element-populated\">\n\t\t\t\t\t\t<div class=\"elementor-element elementor-element-939a1e2 elementor-widget elementor-widget-heading\" data-id=\"939a1e2\" data-element_type=\"widget\" data-widget_type=\"heading.default\">\n\t\t\t\t<div class=\"elementor-widget-container\">\n\t\t\t\t\t<h3 class=\"elementor-heading-title elementor-size-default\">\u00daltimas Noticias<\/h3>\t\t\t\t<\/div>\n\t\t\t\t<\/div>\n\t\t\t\t\t<\/div>\n\t\t<\/div>\n\t\t\t\t\t<\/div>\n\t\t<\/section>\n\t\t\t\t<\/div>","protected":false},"excerpt":{"rendered":"<p>Tuvieron que transcurrir varias d\u00e9cadas para que la comunidad y comerciantes de la carrera 19 pudieran tener una vida dignificada gracias a la transformaci\u00f3n de esta importante arteria para la movilidad vehicular de los samarios. Con el primer tramo habilitado los habitantes de este sector dejaron en el pasado la preocupaci\u00f3n por las inundaciones de [&hellip;]<\/p>","protected":false},"author":17,"featured_media":8792,"comment_status":"closed","ping_status":"closed","sticky":false,"template":"","format":"standard","meta":{"site-sidebar-layout":"default","site-content-layout":"","ast-site-content-layout":"default","site-content-style":"default","site-sidebar-style":"default","ast-global-header-display":"","ast-banner-title-visibility":"","ast-main-header-display":"","ast-hfb-above-header-display":"","ast-hfb-below-header-display":"","ast-hfb-mobile-header-display":"","site-post-title":"","ast-breadcrumbs-content":"","ast-featured-img":"","footer-sml-layout":"","ast-disable-related-posts":"","theme-transparent-header-meta":"","adv-header-id-meta":"","stick-header-meta":"","header-above-stick-meta":"","header-main-stick-meta":"","header-below-stick-meta":"","astra-migrate-meta-layouts":"default","ast-page-background-enabled":"default","ast-page-background-meta":{"desktop":{"background-color":"var(--ast-global-color-4)","background-image":"","background-repeat":"repeat","background-position":"center center","background-size":"auto","background-attachment":"scroll","background-type":"","background-media":"","overlay-type":"","overlay-color":"","overlay-opacity":"","overlay-gradient":""},"tablet":{"background-color":"","background-image":"","background-repeat":"repeat","background-position":"center center","background-size":"auto","background-attachment":"scroll","background-type":"","background-media":"","overlay-type":"","overlay-color":"","overlay-opacity":"","overlay-gradient":""},"mobile":{"background-color":"","background-image":"","background-repeat":"repeat","background-position":"center center","background-size":"auto","background-attachment":"scroll","background-type":"","background-media":"","overlay-type":"","overlay-color":"","overlay-opacity":"","overlay-gradient":""}},"ast-content-background-meta":{"desktop":{"background-color":"var(--ast-global-color-5)","background-image":"","background-repeat":"repeat","background-position":"center center","background-size":"auto","background-attachment":"scroll","background-type":"","background-media":"","overlay-type":"","overlay-color":"","overlay-opacity":"","overlay-gradient":""},"tablet":{"background-color":"var(--ast-global-color-5)","background-image":"","background-repeat":"repeat","background-position":"center center","background-size":"auto","background-attachment":"scroll","background-type":"","background-media":"","overlay-type":"","overlay-color":"","overlay-opacity":"","overlay-gradient":""},"mobile":{"background-color":"var(--ast-global-color-5)","background-image":"","background-repeat":"repeat","background-position":"center center","background-size":"auto","background-attachment":"scroll","background-type":"","background-media":"","overlay-type":"","overlay-color":"","overlay-opacity":"","overlay-gradient":""}},"footnotes":""},"categories":[53],"tags":[],"class_list":["post-8791","post","type-post","status-publish","format-standard","has-post-thumbnail","hentry","category-ultimas-noticias"],"_links":{"self":[{"href":"https:\/\/edus.gov.co\/en\/wp-json\/wp\/v2\/posts\/8791","targetHints":{"allow":["GET"]}}],"collection":[{"href":"https:\/\/edus.gov.co\/en\/wp-json\/wp\/v2\/posts"}],"about":[{"href":"https:\/\/edus.gov.co\/en\/wp-json\/wp\/v2\/types\/post"}],"author":[{"embeddable":true,"href":"https:\/\/edus.gov.co\/en\/wp-json\/wp\/v2\/users\/17"}],"replies":[{"embeddable":true,"href":"https:\/\/edus.gov.co\/en\/wp-json\/wp\/v2\/comments?post=8791"}],"version-history":[{"count":5,"href":"https:\/\/edus.gov.co\/en\/wp-json\/wp\/v2\/posts\/8791\/revisions"}],"predecessor-version":[{"id":8797,"href":"https:\/\/edus.gov.co\/en\/wp-json\/wp\/v2\/posts\/8791\/revisions\/8797"}],"wp:featuredmedia":[{"embeddable":true,"href":"https:\/\/edus.gov.co\/en\/wp-json\/wp\/v2\/media\/8792"}],"wp:attachment":[{"href":"https:\/\/edus.gov.co\/en\/wp-json\/wp\/v2\/media?parent=8791"}],"wp:term":[{"taxonomy":"category","embeddable":true,"href":"https:\/\/edus.gov.co\/en\/wp-json\/wp\/v2\/categories?post=8791"},{"taxonomy":"post_tag","embeddable":true,"href":"https:\/\/edus.gov.co\/en\/wp-json\/wp\/v2\/tags?post=8791"}],"curies":[{"name":"wp","href":"https:\/\/api.w.org\/{rel}","templated":true}]}}