{"id":8760,"date":"2022-05-01T14:38:00","date_gmt":"2022-05-01T14:38:00","guid":{"rendered":"https:\/\/edus.gov.co\/?p=8760"},"modified":"2022-05-02T14:42:08","modified_gmt":"2022-05-02T14:42:08","slug":"distrito-inicia-obras-civiles-en-la-malla-vial-de-timayui","status":"publish","type":"post","link":"https:\/\/edus.gov.co\/en\/distrito-inicia-obras-civiles-en-la-malla-vial-de-timayui\/","title":{"rendered":"Distrito inicia obras civiles en la malla vial de Timayu\u00ed\u00a0"},"content":{"rendered":"<div data-elementor-type=\"wp-post\" data-elementor-id=\"8760\" class=\"elementor elementor-8760\" data-elementor-post-type=\"post\">\n\t\t\t\t\t\t<section class=\"elementor-section elementor-top-section elementor-element elementor-element-687bb192 elementor-section-boxed elementor-section-height-default elementor-section-height-default\" data-id=\"687bb192\" data-element_type=\"section\">\n\t\t\t\t\t\t<div class=\"elementor-container elementor-column-gap-default\">\n\t\t\t\t\t<div class=\"elementor-column elementor-col-100 elementor-top-column elementor-element elementor-element-4f30bfab\" data-id=\"4f30bfab\" data-element_type=\"column\">\n\t\t\t<div class=\"elementor-widget-wrap elementor-element-populated\">\n\t\t\t\t\t\t<div class=\"elementor-element elementor-element-2330fad3 elementor-widget elementor-widget-text-editor\" data-id=\"2330fad3\" data-element_type=\"widget\" data-widget_type=\"text-editor.default\">\n\t\t\t\t<div class=\"elementor-widget-container\">\n\t\t\t\t\t\t\t\t\t<p><span lang=\"ES-TRAD\">La Alcald\u00eda Distrital de Santa Marta, a trav\u00e9s de la Empresa de Desarrollo y Renovaci\u00f3n Urbano Sostenible, EDUS inici\u00f3 las obras civiles que corresponden a la transformaci\u00f3n de la malla v\u00edal del barrio Timayu\u00ed, tramo que conecta a este sector con Los Alpes, en el oriente de Santa Marta.<u><\/u>\u00a0<u><\/u><\/span><\/p><p><span lang=\"ES-TRAD\">De acuerdo con el cronograma se est\u00e1 ejecutando la instalaci\u00f3n de las redes de alcantarillado y acueducto.<u><\/u>\u00a0<u><\/u><\/span><\/p><p><span lang=\"ES-TRAD\">Para ello ser\u00e1n instaladas 1.580 metros lineales en tuber\u00eda de 3, 4 y 6 pulgadas para nuevas redes h\u00famedas de acueducto, adem\u00e1s de 1.272 metros lineales en tuber\u00edas de 8, 10, 12 y 14 pulgadas para alcantarillado con sus respectivos pozos de inspecci\u00f3n.<u><\/u>\u00a0<u><\/u><\/span><\/p><p><span lang=\"ES-TRAD\">Estos trabajos comprenden el mejoramiento de v\u00eda que va desde el puente de Timayu\u00ed hasta el barrio Los Alpes, corresponden a la pavimentaci\u00f3n de 7.962 m2 y recuperaci\u00f3n de espacio p\u00fablico con andenes.<u><\/u>\u00a0<u><\/u><\/span><\/p><p><span lang=\"ES-TRAD\">La obra beneficiar\u00e1 directamente a 2.090 personas e indirectamente a 24.742 habitantes del sector, quienes podr\u00e1n contar con acceso y mejoramiento en la circulaci\u00f3n de veh\u00edculos particulares, servicio p\u00fablico y motocicletas.<u><\/u>\u00a0<u><\/u><\/span><\/p><p><span lang=\"ES-TRAD\">Para Carlos Vila, residente del sector, esta obra dignificar\u00e1 a su barrio. \u201cLa comunidad est\u00e1 muy contenta porque con ella se mejora la movilidad v\u00edal y peatonal, transitar por huecos y charcos quedar\u00e1 en el pasado\u201d, indic\u00f3 Vila.<u><\/u>\u00a0<u><\/u><\/span><\/p><p><span lang=\"ES-TRAD\">Esta obra priorizada dentro del programa Malla Vial, incluida en el Plan de Desarrollo Santa Marta Coraz\u00f3n del Cambio impacta en la mejora de la calidad de vida de los habitantes como tambi\u00e9n en la valorizaci\u00f3n de sus viviendas.<u><\/u>\u00a0<u><\/u><\/span><\/p><p><span lang=\"ES-TRAD\"><u><\/u>\u00a0<\/span><\/p>\t\t\t\t\t\t\t\t<\/div>\n\t\t\t\t<\/div>\n\t\t\t\t\t<\/div>\n\t\t<\/div>\n\t\t\t\t\t<\/div>\n\t\t<\/section>\n\t\t\t\t<section class=\"elementor-section elementor-top-section elementor-element elementor-element-c0d47f5 elementor-section-full_width elementor-section-stretched elementor-section-height-default elementor-section-height-default\" data-id=\"c0d47f5\" data-element_type=\"section\" data-settings=\"{&quot;stretch_section&quot;:&quot;section-stretched&quot;}\">\n\t\t\t\t\t\t\t<div class=\"elementor-background-overlay\"><\/div>\n\t\t\t\t\t\t\t<div class=\"elementor-container elementor-column-gap-default\">\n\t\t\t\t\t<div class=\"elementor-column elementor-col-100 elementor-top-column elementor-element elementor-element-b3f40b9\" data-id=\"b3f40b9\" data-element_type=\"column\">\n\t\t\t<div class=\"elementor-widget-wrap elementor-element-populated\">\n\t\t\t\t\t\t<div class=\"elementor-element elementor-element-939a1e2 elementor-widget elementor-widget-heading\" data-id=\"939a1e2\" data-element_type=\"widget\" data-widget_type=\"heading.default\">\n\t\t\t\t<div class=\"elementor-widget-container\">\n\t\t\t\t\t<h3 class=\"elementor-heading-title elementor-size-default\">\u00daltimas Noticias<\/h3>\t\t\t\t<\/div>\n\t\t\t\t<\/div>\n\t\t\t\t\t<\/div>\n\t\t<\/div>\n\t\t\t\t\t<\/div>\n\t\t<\/section>\n\t\t\t\t<\/div>","protected":false},"excerpt":{"rendered":"<p>La Alcald\u00eda Distrital de Santa Marta, a trav\u00e9s de la Empresa de Desarrollo y Renovaci\u00f3n Urbano Sostenible, EDUS inici\u00f3 las obras civiles que corresponden a la transformaci\u00f3n de la malla v\u00edal del barrio Timayu\u00ed, tramo que conecta a este sector con Los Alpes, en el oriente de Santa Marta.&nbsp; De acuerdo con el cronograma se [&hellip;]<\/p>","protected":false},"author":17,"featured_media":8766,"comment_status":"closed","ping_status":"closed","sticky":false,"template":"","format":"standard","meta":{"site-sidebar-layout":"default","site-content-layout":"","ast-site-content-layout":"default","site-content-style":"default","site-sidebar-style":"default","ast-global-header-display":"","ast-banner-title-visibility":"","ast-main-header-display":"","ast-hfb-above-header-display":"","ast-hfb-below-header-display":"","ast-hfb-mobile-header-display":"","site-post-title":"","ast-breadcrumbs-content":"","ast-featured-img":"","footer-sml-layout":"","ast-disable-related-posts":"","theme-transparent-header-meta":"","adv-header-id-meta":"","stick-header-meta":"","header-above-stick-meta":"","header-main-stick-meta":"","header-below-stick-meta":"","astra-migrate-meta-layouts":"default","ast-page-background-enabled":"default","ast-page-background-meta":{"desktop":{"background-color":"var(--ast-global-color-4)","background-image":"","background-repeat":"repeat","background-position":"center center","background-size":"auto","background-attachment":"scroll","background-type":"","background-media":"","overlay-type":"","overlay-color":"","overlay-opacity":"","overlay-gradient":""},"tablet":{"background-color":"","background-image":"","background-repeat":"repeat","background-position":"center center","background-size":"auto","background-attachment":"scroll","background-type":"","background-media":"","overlay-type":"","overlay-color":"","overlay-opacity":"","overlay-gradient":""},"mobile":{"background-color":"","background-image":"","background-repeat":"repeat","background-position":"center center","background-size":"auto","background-attachment":"scroll","background-type":"","background-media":"","overlay-type":"","overlay-color":"","overlay-opacity":"","overlay-gradient":""}},"ast-content-background-meta":{"desktop":{"background-color":"var(--ast-global-color-5)","background-image":"","background-repeat":"repeat","background-position":"center center","background-size":"auto","background-attachment":"scroll","background-type":"","background-media":"","overlay-type":"","overlay-color":"","overlay-opacity":"","overlay-gradient":""},"tablet":{"background-color":"var(--ast-global-color-5)","background-image":"","background-repeat":"repeat","background-position":"center center","background-size":"auto","background-attachment":"scroll","background-type":"","background-media":"","overlay-type":"","overlay-color":"","overlay-opacity":"","overlay-gradient":""},"mobile":{"background-color":"var(--ast-global-color-5)","background-image":"","background-repeat":"repeat","background-position":"center center","background-size":"auto","background-attachment":"scroll","background-type":"","background-media":"","overlay-type":"","overlay-color":"","overlay-opacity":"","overlay-gradient":""}},"footnotes":""},"categories":[53],"tags":[],"class_list":["post-8760","post","type-post","status-publish","format-standard","has-post-thumbnail","hentry","category-ultimas-noticias"],"_links":{"self":[{"href":"https:\/\/edus.gov.co\/en\/wp-json\/wp\/v2\/posts\/8760","targetHints":{"allow":["GET"]}}],"collection":[{"href":"https:\/\/edus.gov.co\/en\/wp-json\/wp\/v2\/posts"}],"about":[{"href":"https:\/\/edus.gov.co\/en\/wp-json\/wp\/v2\/types\/post"}],"author":[{"embeddable":true,"href":"https:\/\/edus.gov.co\/en\/wp-json\/wp\/v2\/users\/17"}],"replies":[{"embeddable":true,"href":"https:\/\/edus.gov.co\/en\/wp-json\/wp\/v2\/comments?post=8760"}],"version-history":[{"count":5,"href":"https:\/\/edus.gov.co\/en\/wp-json\/wp\/v2\/posts\/8760\/revisions"}],"predecessor-version":[{"id":8768,"href":"https:\/\/edus.gov.co\/en\/wp-json\/wp\/v2\/posts\/8760\/revisions\/8768"}],"wp:featuredmedia":[{"embeddable":true,"href":"https:\/\/edus.gov.co\/en\/wp-json\/wp\/v2\/media\/8766"}],"wp:attachment":[{"href":"https:\/\/edus.gov.co\/en\/wp-json\/wp\/v2\/media?parent=8760"}],"wp:term":[{"taxonomy":"category","embeddable":true,"href":"https:\/\/edus.gov.co\/en\/wp-json\/wp\/v2\/categories?post=8760"},{"taxonomy":"post_tag","embeddable":true,"href":"https:\/\/edus.gov.co\/en\/wp-json\/wp\/v2\/tags?post=8760"}],"curies":[{"name":"wp","href":"https:\/\/api.w.org\/{rel}","templated":true}]}}