{"id":8753,"date":"2022-04-29T16:21:13","date_gmt":"2022-04-29T16:21:13","guid":{"rendered":"https:\/\/edus.gov.co\/?p=8753"},"modified":"2022-04-29T16:21:50","modified_gmt":"2022-04-29T16:21:50","slug":"avanzan-obras-de-mi-calle-en-los-laureles-y-boulevard-de-las-rosas","status":"publish","type":"post","link":"https:\/\/edus.gov.co\/en\/avanzan-obras-de-mi-calle-en-los-laureles-y-boulevard-de-las-rosas\/","title":{"rendered":"Avanzan obras de Mi Calle en Los Laureles y Boulevard de las Rosas\u00a0"},"content":{"rendered":"<div data-elementor-type=\"wp-post\" data-elementor-id=\"8753\" class=\"elementor elementor-8753\" data-elementor-post-type=\"post\">\n\t\t\t\t\t\t<section class=\"elementor-section elementor-top-section elementor-element elementor-element-687bb192 elementor-section-boxed elementor-section-height-default elementor-section-height-default\" data-id=\"687bb192\" data-element_type=\"section\">\n\t\t\t\t\t\t<div class=\"elementor-container elementor-column-gap-default\">\n\t\t\t\t\t<div class=\"elementor-column elementor-col-100 elementor-top-column elementor-element elementor-element-4f30bfab\" data-id=\"4f30bfab\" data-element_type=\"column\">\n\t\t\t<div class=\"elementor-widget-wrap elementor-element-populated\">\n\t\t\t\t\t\t<div class=\"elementor-element elementor-element-2330fad3 elementor-widget elementor-widget-text-editor\" data-id=\"2330fad3\" data-element_type=\"widget\" data-widget_type=\"text-editor.default\">\n\t\t\t\t<div class=\"elementor-widget-container\">\n\t\t\t\t\t\t\t\t\t<p><span lang=\"ES-TRAD\">A buen ritmo avanzan las obras de transformaci\u00f3n de la malla vial en los barrios Los Laureles y Boulevard de las Rosas, que hacen parte del programa Mi Calle, liderado por la Alcald\u00eda Distrital a trav\u00e9s de la Empresa de Desarrollo y Renovaci\u00f3n Urbano Sostenible, EDUS.<u><\/u>\u00a0<u><\/u><\/span><\/p><p><span lang=\"ES-TRAD\">Actualmente se encuentran trabajando en concreto fluido, corte y fundada de cimentaci\u00f3n de la base de pavimento en las v\u00edas principales de los dos barrios, mostrando resultados positivos en la ejecuci\u00f3n de obras que dignifican a los barrios, y por ende a la ciudad.<u><\/u>\u00a0<u><\/u><\/span><\/p><p><span lang=\"ES-TRAD\">Lo anterior se pudo constatar en las visitas de inspecci\u00f3n que realiz\u00f3 el equipo t\u00e9cnico de la EDUS, liderado por el gerente de la entidad, Orlando V\u00e9lez Fern\u00e1ndez, quien estuvo acompa\u00f1ado adem\u00e1s de los contratistas de la obra y la interventor\u00eda, cumpliendo con directrices de la alcaldesa Virna Johnson.<u><\/u>\u00a0<u><\/u><\/span><\/p><p><span lang=\"ES-TRAD\">En Los Laureles se ejecuta la pavimentaci\u00f3n de 2.714 m2 de v\u00eda que comprende desde la calle 29 K3 entre la carrera 22 y la avenida del Ferrocarril, con recuperaci\u00f3n de espacio p\u00fablico que beneficiar\u00e1 a m\u00e1s de 300 habitantes.<u><\/u>\u00a0<u><\/u><\/span><\/p><p><span lang=\"ES-TRAD\">Entre tanto, en Boulevard de las Rosas se ejecutan trabajos en la carrera 21\u00aa1 entre las carreras 19 y calle 29F, favoreciendo a m\u00e1s de 2 mil moradores de este sector ubicado en la zona sur de la ciudad e impactando positivamente en barrios como Villa Bella, Villa del Carmen 1,2 y 3, Portal de la 19, El Mayor, entre otros.<u><\/u>\u00a0<u><\/u><\/span><\/p><p><span lang=\"ES-TRAD\">Las obras contemplan la construcci\u00f3n de andenes en concreto ajustados a la normativa de accesibilidad para las personas con limitaciones de movilidad.<u><\/u>\u00a0<\/span><\/p>\t\t\t\t\t\t\t\t<\/div>\n\t\t\t\t<\/div>\n\t\t\t\t\t<\/div>\n\t\t<\/div>\n\t\t\t\t\t<\/div>\n\t\t<\/section>\n\t\t\t\t<section class=\"elementor-section elementor-top-section elementor-element elementor-element-c0d47f5 elementor-section-full_width elementor-section-stretched elementor-section-height-default elementor-section-height-default\" data-id=\"c0d47f5\" data-element_type=\"section\" data-settings=\"{&quot;stretch_section&quot;:&quot;section-stretched&quot;}\">\n\t\t\t\t\t\t\t<div class=\"elementor-background-overlay\"><\/div>\n\t\t\t\t\t\t\t<div class=\"elementor-container elementor-column-gap-default\">\n\t\t\t\t\t<div class=\"elementor-column elementor-col-100 elementor-top-column elementor-element elementor-element-b3f40b9\" data-id=\"b3f40b9\" data-element_type=\"column\">\n\t\t\t<div class=\"elementor-widget-wrap elementor-element-populated\">\n\t\t\t\t\t\t<div class=\"elementor-element elementor-element-939a1e2 elementor-widget elementor-widget-heading\" data-id=\"939a1e2\" data-element_type=\"widget\" data-widget_type=\"heading.default\">\n\t\t\t\t<div class=\"elementor-widget-container\">\n\t\t\t\t\t<h3 class=\"elementor-heading-title elementor-size-default\">\u00daltimas Noticias<\/h3>\t\t\t\t<\/div>\n\t\t\t\t<\/div>\n\t\t\t\t\t<\/div>\n\t\t<\/div>\n\t\t\t\t\t<\/div>\n\t\t<\/section>\n\t\t\t\t<\/div>","protected":false},"excerpt":{"rendered":"<p>A buen ritmo avanzan las obras de transformaci\u00f3n de la malla vial en los barrios Los Laureles y Boulevard de las Rosas, que hacen parte del programa Mi Calle, liderado por la Alcald\u00eda Distrital a trav\u00e9s de la Empresa de Desarrollo y Renovaci\u00f3n Urbano Sostenible, EDUS.\u00a0 Actualmente se encuentran trabajando en concreto fluido, corte y [&hellip;]<\/p>","protected":false},"author":17,"featured_media":8754,"comment_status":"closed","ping_status":"closed","sticky":false,"template":"","format":"standard","meta":{"site-sidebar-layout":"default","site-content-layout":"","ast-site-content-layout":"default","site-content-style":"default","site-sidebar-style":"default","ast-global-header-display":"","ast-banner-title-visibility":"","ast-main-header-display":"","ast-hfb-above-header-display":"","ast-hfb-below-header-display":"","ast-hfb-mobile-header-display":"","site-post-title":"","ast-breadcrumbs-content":"","ast-featured-img":"","footer-sml-layout":"","ast-disable-related-posts":"","theme-transparent-header-meta":"","adv-header-id-meta":"","stick-header-meta":"","header-above-stick-meta":"","header-main-stick-meta":"","header-below-stick-meta":"","astra-migrate-meta-layouts":"default","ast-page-background-enabled":"default","ast-page-background-meta":{"desktop":{"background-color":"var(--ast-global-color-4)","background-image":"","background-repeat":"repeat","background-position":"center center","background-size":"auto","background-attachment":"scroll","background-type":"","background-media":"","overlay-type":"","overlay-color":"","overlay-opacity":"","overlay-gradient":""},"tablet":{"background-color":"","background-image":"","background-repeat":"repeat","background-position":"center center","background-size":"auto","background-attachment":"scroll","background-type":"","background-media":"","overlay-type":"","overlay-color":"","overlay-opacity":"","overlay-gradient":""},"mobile":{"background-color":"","background-image":"","background-repeat":"repeat","background-position":"center center","background-size":"auto","background-attachment":"scroll","background-type":"","background-media":"","overlay-type":"","overlay-color":"","overlay-opacity":"","overlay-gradient":""}},"ast-content-background-meta":{"desktop":{"background-color":"var(--ast-global-color-5)","background-image":"","background-repeat":"repeat","background-position":"center center","background-size":"auto","background-attachment":"scroll","background-type":"","background-media":"","overlay-type":"","overlay-color":"","overlay-opacity":"","overlay-gradient":""},"tablet":{"background-color":"var(--ast-global-color-5)","background-image":"","background-repeat":"repeat","background-position":"center center","background-size":"auto","background-attachment":"scroll","background-type":"","background-media":"","overlay-type":"","overlay-color":"","overlay-opacity":"","overlay-gradient":""},"mobile":{"background-color":"var(--ast-global-color-5)","background-image":"","background-repeat":"repeat","background-position":"center center","background-size":"auto","background-attachment":"scroll","background-type":"","background-media":"","overlay-type":"","overlay-color":"","overlay-opacity":"","overlay-gradient":""}},"footnotes":""},"categories":[53],"tags":[],"class_list":["post-8753","post","type-post","status-publish","format-standard","has-post-thumbnail","hentry","category-ultimas-noticias"],"_links":{"self":[{"href":"https:\/\/edus.gov.co\/en\/wp-json\/wp\/v2\/posts\/8753","targetHints":{"allow":["GET"]}}],"collection":[{"href":"https:\/\/edus.gov.co\/en\/wp-json\/wp\/v2\/posts"}],"about":[{"href":"https:\/\/edus.gov.co\/en\/wp-json\/wp\/v2\/types\/post"}],"author":[{"embeddable":true,"href":"https:\/\/edus.gov.co\/en\/wp-json\/wp\/v2\/users\/17"}],"replies":[{"embeddable":true,"href":"https:\/\/edus.gov.co\/en\/wp-json\/wp\/v2\/comments?post=8753"}],"version-history":[{"count":4,"href":"https:\/\/edus.gov.co\/en\/wp-json\/wp\/v2\/posts\/8753\/revisions"}],"predecessor-version":[{"id":8758,"href":"https:\/\/edus.gov.co\/en\/wp-json\/wp\/v2\/posts\/8753\/revisions\/8758"}],"wp:featuredmedia":[{"embeddable":true,"href":"https:\/\/edus.gov.co\/en\/wp-json\/wp\/v2\/media\/8754"}],"wp:attachment":[{"href":"https:\/\/edus.gov.co\/en\/wp-json\/wp\/v2\/media?parent=8753"}],"wp:term":[{"taxonomy":"category","embeddable":true,"href":"https:\/\/edus.gov.co\/en\/wp-json\/wp\/v2\/categories?post=8753"},{"taxonomy":"post_tag","embeddable":true,"href":"https:\/\/edus.gov.co\/en\/wp-json\/wp\/v2\/tags?post=8753"}],"curies":[{"name":"wp","href":"https:\/\/api.w.org\/{rel}","templated":true}]}}