{"id":8730,"date":"2022-04-24T16:41:00","date_gmt":"2022-04-24T16:41:00","guid":{"rendered":"https:\/\/edus.gov.co\/?p=8730"},"modified":"2022-04-25T16:45:47","modified_gmt":"2022-04-25T16:45:47","slug":"alcaldia-inicio-el-mantenimiento-preventivo-al-colector-pluvial-del-camellon-de-la-bahia-2","status":"publish","type":"post","link":"https:\/\/edus.gov.co\/en\/alcaldia-inicio-el-mantenimiento-preventivo-al-colector-pluvial-del-camellon-de-la-bahia-2\/","title":{"rendered":"Obras de la carrera 19 cumplieron con las expectativas de la comunidad\u00a0\u00a0"},"content":{"rendered":"<div data-elementor-type=\"wp-post\" data-elementor-id=\"8730\" class=\"elementor elementor-8730\" data-elementor-post-type=\"post\">\n\t\t\t\t\t\t<section class=\"elementor-section elementor-top-section elementor-element elementor-element-687bb192 elementor-section-boxed elementor-section-height-default elementor-section-height-default\" data-id=\"687bb192\" data-element_type=\"section\">\n\t\t\t\t\t\t<div class=\"elementor-container elementor-column-gap-default\">\n\t\t\t\t\t<div class=\"elementor-column elementor-col-100 elementor-top-column elementor-element elementor-element-4f30bfab\" data-id=\"4f30bfab\" data-element_type=\"column\">\n\t\t\t<div class=\"elementor-widget-wrap elementor-element-populated\">\n\t\t\t\t\t\t<div class=\"elementor-element elementor-element-2330fad3 elementor-widget elementor-widget-text-editor\" data-id=\"2330fad3\" data-element_type=\"widget\" data-widget_type=\"text-editor.default\">\n\t\t\t\t<div class=\"elementor-widget-container\">\n\t\t\t\t\t\t\t\t\t<p><span lang=\"ES-TRAD\">Los moradores y comerciantes de la zona de la carrera 19 empiezan a evidenciar los beneficios y funcionalidad que trae la transformaci\u00f3n de esta v\u00eda, cuyas obras del segundo tramo se encuentran en su recta final.<u><\/u>\u00a0<u><\/u><\/span><\/p><p><span lang=\"ES-TRAD\">Para Franklin Colina, propietario de un restaurante en el sector, la obra cumpli\u00f3 con las expectativas que ten\u00edan, debido a que no se presentaron inundaciones con el inicio de la temporada invernal.<u><\/u>\u00a0<u><\/u><\/span><\/p><p><span lang=\"ES-TRAD\">\u201cAhora cuando llueve no se ve la inundaci\u00f3n que provocaba la lluvia. La carrera mejor\u00f3 y los andenes son adoquinados. Clientes que llegaron al restaurante se sorprendieron al ver que el primer tramo de la carrera 19 estaba seco despu\u00e9s del fuerte aguacero. Para nosotros es favorable porque la gente puede caminar sin ning\u00fan problema\u201d, indic\u00f3 el comerciante.<u><\/u>\u00a0<u><\/u><\/span><\/p><p><span lang=\"ES-TRAD\">Actualmente, se desarrolla la fase final de la obra entre la calle 11 y la calle 14 (avenida del Libertador), y hace parte del proyecto de la Alcald\u00eda Distrital, que es ejecutado por la Empresa de Desarrollo y Renovaci\u00f3n Urbano Sostenible de Santa Marta, EDUS.<u><\/u>\u00a0<u><\/u><\/span><\/p><p><span lang=\"ES-TRAD\">Esta es una de las m\u00e1s grandes e integrales obras de Malla Vial que contribuye con el mejoramiento de la movilidad, el suministro de agua potable, facilita la evacuaci\u00f3n de las aguas lluvias, evita las inundaciones, como qued\u00f3 demostrado luego que en los \u00faltimos d\u00edas se presentaran fuertes precipitaciones en Santa Marta.<u><\/u>\u00a0<u><\/u><\/span><\/p><p><span lang=\"ES-TRAD\">Las nuevas redes de acueducto, el sistema de alcantarillado sanitario, la construcci\u00f3n de box coulvert y la adecuaci\u00f3n del espacio p\u00fablico, han contribuido para mejorar la calidad de vida de los habitantes que se encuentran ubicados entre la v\u00eda alterna al puerto y la avenida del Libertador.<u><\/u>\u00a0<u><\/u><\/span><\/p><p><span lang=\"ES-TRAD\">El ingeniero Orlando V\u00e9lez Fern\u00e1ndez, gerente de la EDUS, explic\u00f3 que \u201ceste megaproyecto incluy\u00f3 la canalizaci\u00f3n de las aguas lluvias a trav\u00e9s de un gran box coulvert, que impacta a m\u00e1s de 2.000 habitantes de Los Almendros y barrios aleda\u00f1os que en la temporada invernal eran afectados con las escorrent\u00edas y estancamientos de las aguas lluvias\u201d.<u><\/u>\u00a0<u><\/u><\/span><\/p><p><span lang=\"ES-TRAD\">En esta obra tambi\u00e9n se destaca la instalaci\u00f3n de losetas podot\u00e1ctiles, garantizando un espacio p\u00fablico accesible para la ciudadan\u00eda, instalaci\u00f3n de luminarias tipo led, siembra de \u00e1rboles, que contribuyen con el componente ambiental o protecci\u00f3n del medio ambiente.<u><\/u>\u00a0<u><\/u><\/span><\/p><p><span lang=\"ES-TRAD\">Actualmente se avanza en las obras de pavimentaci\u00f3n, construcci\u00f3n de box-coulvert, espacio p\u00fablico, bordillos, paisajismo y urbanismo para finalmente ser entregado a la ciudadan\u00eda que ve con benepl\u00e1cito que este tipo de proyectos de mejoramiento de la movilidad sean ejecutados por los Gobiernos del Cambio.<u><\/u>\u00a0<u><\/u><\/span><\/p><p><span lang=\"ES-TRAD\"><u><\/u>\u00a0<\/span><\/p>\t\t\t\t\t\t\t\t<\/div>\n\t\t\t\t<\/div>\n\t\t\t\t\t<\/div>\n\t\t<\/div>\n\t\t\t\t\t<\/div>\n\t\t<\/section>\n\t\t\t\t<section class=\"elementor-section elementor-top-section elementor-element elementor-element-c0d47f5 elementor-section-full_width elementor-section-stretched elementor-section-height-default elementor-section-height-default\" data-id=\"c0d47f5\" data-element_type=\"section\" data-settings=\"{&quot;stretch_section&quot;:&quot;section-stretched&quot;}\">\n\t\t\t\t\t\t\t<div class=\"elementor-background-overlay\"><\/div>\n\t\t\t\t\t\t\t<div class=\"elementor-container elementor-column-gap-default\">\n\t\t\t\t\t<div class=\"elementor-column elementor-col-100 elementor-top-column elementor-element elementor-element-b3f40b9\" data-id=\"b3f40b9\" data-element_type=\"column\">\n\t\t\t<div class=\"elementor-widget-wrap elementor-element-populated\">\n\t\t\t\t\t\t<div class=\"elementor-element elementor-element-939a1e2 elementor-widget elementor-widget-heading\" data-id=\"939a1e2\" data-element_type=\"widget\" data-widget_type=\"heading.default\">\n\t\t\t\t<div class=\"elementor-widget-container\">\n\t\t\t\t\t<h3 class=\"elementor-heading-title elementor-size-default\">\u00daltimas Noticias<\/h3>\t\t\t\t<\/div>\n\t\t\t\t<\/div>\n\t\t\t\t\t<\/div>\n\t\t<\/div>\n\t\t\t\t\t<\/div>\n\t\t<\/section>\n\t\t\t\t<\/div>","protected":false},"excerpt":{"rendered":"<p>Los moradores y comerciantes de la zona de la carrera 19 empiezan a evidenciar los beneficios y funcionalidad que trae la transformaci\u00f3n de esta v\u00eda, cuyas obras del segundo tramo se encuentran en su recta final.&nbsp; Para Franklin Colina, propietario de un restaurante en el sector, la obra cumpli\u00f3 con las expectativas que ten\u00edan, debido [&hellip;]<\/p>","protected":false},"author":17,"featured_media":8734,"comment_status":"closed","ping_status":"closed","sticky":false,"template":"","format":"standard","meta":{"site-sidebar-layout":"default","site-content-layout":"","ast-site-content-layout":"default","site-content-style":"default","site-sidebar-style":"default","ast-global-header-display":"","ast-banner-title-visibility":"","ast-main-header-display":"","ast-hfb-above-header-display":"","ast-hfb-below-header-display":"","ast-hfb-mobile-header-display":"","site-post-title":"","ast-breadcrumbs-content":"","ast-featured-img":"","footer-sml-layout":"","ast-disable-related-posts":"","theme-transparent-header-meta":"","adv-header-id-meta":"","stick-header-meta":"","header-above-stick-meta":"","header-main-stick-meta":"","header-below-stick-meta":"","astra-migrate-meta-layouts":"default","ast-page-background-enabled":"default","ast-page-background-meta":{"desktop":{"background-color":"var(--ast-global-color-4)","background-image":"","background-repeat":"repeat","background-position":"center center","background-size":"auto","background-attachment":"scroll","background-type":"","background-media":"","overlay-type":"","overlay-color":"","overlay-opacity":"","overlay-gradient":""},"tablet":{"background-color":"","background-image":"","background-repeat":"repeat","background-position":"center center","background-size":"auto","background-attachment":"scroll","background-type":"","background-media":"","overlay-type":"","overlay-color":"","overlay-opacity":"","overlay-gradient":""},"mobile":{"background-color":"","background-image":"","background-repeat":"repeat","background-position":"center center","background-size":"auto","background-attachment":"scroll","background-type":"","background-media":"","overlay-type":"","overlay-color":"","overlay-opacity":"","overlay-gradient":""}},"ast-content-background-meta":{"desktop":{"background-color":"var(--ast-global-color-5)","background-image":"","background-repeat":"repeat","background-position":"center center","background-size":"auto","background-attachment":"scroll","background-type":"","background-media":"","overlay-type":"","overlay-color":"","overlay-opacity":"","overlay-gradient":""},"tablet":{"background-color":"var(--ast-global-color-5)","background-image":"","background-repeat":"repeat","background-position":"center center","background-size":"auto","background-attachment":"scroll","background-type":"","background-media":"","overlay-type":"","overlay-color":"","overlay-opacity":"","overlay-gradient":""},"mobile":{"background-color":"var(--ast-global-color-5)","background-image":"","background-repeat":"repeat","background-position":"center center","background-size":"auto","background-attachment":"scroll","background-type":"","background-media":"","overlay-type":"","overlay-color":"","overlay-opacity":"","overlay-gradient":""}},"footnotes":""},"categories":[53],"tags":[],"class_list":["post-8730","post","type-post","status-publish","format-standard","has-post-thumbnail","hentry","category-ultimas-noticias"],"_links":{"self":[{"href":"https:\/\/edus.gov.co\/en\/wp-json\/wp\/v2\/posts\/8730","targetHints":{"allow":["GET"]}}],"collection":[{"href":"https:\/\/edus.gov.co\/en\/wp-json\/wp\/v2\/posts"}],"about":[{"href":"https:\/\/edus.gov.co\/en\/wp-json\/wp\/v2\/types\/post"}],"author":[{"embeddable":true,"href":"https:\/\/edus.gov.co\/en\/wp-json\/wp\/v2\/users\/17"}],"replies":[{"embeddable":true,"href":"https:\/\/edus.gov.co\/en\/wp-json\/wp\/v2\/comments?post=8730"}],"version-history":[{"count":4,"href":"https:\/\/edus.gov.co\/en\/wp-json\/wp\/v2\/posts\/8730\/revisions"}],"predecessor-version":[{"id":8736,"href":"https:\/\/edus.gov.co\/en\/wp-json\/wp\/v2\/posts\/8730\/revisions\/8736"}],"wp:featuredmedia":[{"embeddable":true,"href":"https:\/\/edus.gov.co\/en\/wp-json\/wp\/v2\/media\/8734"}],"wp:attachment":[{"href":"https:\/\/edus.gov.co\/en\/wp-json\/wp\/v2\/media?parent=8730"}],"wp:term":[{"taxonomy":"category","embeddable":true,"href":"https:\/\/edus.gov.co\/en\/wp-json\/wp\/v2\/categories?post=8730"},{"taxonomy":"post_tag","embeddable":true,"href":"https:\/\/edus.gov.co\/en\/wp-json\/wp\/v2\/tags?post=8730"}],"curies":[{"name":"wp","href":"https:\/\/api.w.org\/{rel}","templated":true}]}}