{"id":8722,"date":"2022-04-16T21:53:00","date_gmt":"2022-04-16T21:53:00","guid":{"rendered":"https:\/\/edus.gov.co\/?p=8722"},"modified":"2022-04-20T21:56:45","modified_gmt":"2022-04-20T21:56:45","slug":"alcaldia-realiza-jornada-de-limpieza-y-mantenimiento-del-camellon-de-la-bahia","status":"publish","type":"post","link":"https:\/\/edus.gov.co\/en\/alcaldia-realiza-jornada-de-limpieza-y-mantenimiento-del-camellon-de-la-bahia\/","title":{"rendered":"Alcald\u00eda realiza jornada de limpieza y mantenimiento del Camell\u00f3n de la Bah\u00eda\u00a0"},"content":{"rendered":"<div data-elementor-type=\"wp-post\" data-elementor-id=\"8722\" class=\"elementor elementor-8722\" data-elementor-post-type=\"post\">\n\t\t\t\t\t\t<section class=\"elementor-section elementor-top-section elementor-element elementor-element-687bb192 elementor-section-boxed elementor-section-height-default elementor-section-height-default\" data-id=\"687bb192\" data-element_type=\"section\">\n\t\t\t\t\t\t<div class=\"elementor-container elementor-column-gap-default\">\n\t\t\t\t\t<div class=\"elementor-column elementor-col-100 elementor-top-column elementor-element elementor-element-4f30bfab\" data-id=\"4f30bfab\" data-element_type=\"column\">\n\t\t\t<div class=\"elementor-widget-wrap elementor-element-populated\">\n\t\t\t\t\t\t<div class=\"elementor-element elementor-element-2330fad3 elementor-widget elementor-widget-text-editor\" data-id=\"2330fad3\" data-element_type=\"widget\" data-widget_type=\"text-editor.default\">\n\t\t\t\t<div class=\"elementor-widget-container\">\n\t\t\t\t\t\t\t\t\t<p><span lang=\"ES-TRAD\">Para que los visitantes encuentren un camell\u00f3n limpio y acogedor, la Alcald\u00eda Distrital a trav\u00e9s de la Empresa Distrital de Desarrollo y Renovaci\u00f3n Urbano Sostenible de Santa Marta \u2013 EDUS lider\u00f3 jornadas de mantenimiento y limpieza en el emblem\u00e1tico lugar.\u00a0<\/span><\/p><p><span lang=\"ES-TRAD\">Lo anterior con el fin de conservar las instalaciones en buen estado para el disfrute de samarios y turistas. Durante la Semana Santa se realizaron labores de desinfecci\u00f3n de los ba\u00f1os mixtos p\u00fablicos, lavado de pisos\u00a0y limpieza de m\u00f3dulos. \u00a0<\/span><\/p><p><span lang=\"ES-TRAD\">As\u00ed mismo, el personal estuvo atento al buen funcionamiento de las redes el\u00e9ctricas, acueducto y alcantarillado; como tambi\u00e9n se llevaron a cabo actividades permanentes de riego y mantenimiento de las zonas verdes.\u00a0<\/span><\/p><p><span lang=\"ES-TRAD\">En esta temporada de vacaciones de 2022, como es la Semana Santa, el Camell\u00f3n de la Bah\u00eda se convirti\u00f3 en el espacio predilecto de esparcimiento, recreaci\u00f3n, deporte y encuentro familiar.\u00a0<\/span><\/p><p><span lang=\"ES-TRAD\">Turistas de todos los rincones han llegado a conocer esta bella obra de los Gobiernos del Cambio, por lo que el personal se esfuerza para que el lugar permanezca impecable y en buen estado para que los visitantes puedan disfrutar de su estancia.\u00a0<\/span><\/p><p><b><span lang=\"ES-TRAD\">M\u00c1S CUIDADO CON EL CAMELL\u00d3N \u00a0<\/span><\/b><\/p><p><span lang=\"ES-TRAD\">Un equipo humano realiz\u00f3 socializaciones y recomendaciones para que todos los visitantes cuiden el Camell\u00f3n, tengan sentido de pertenencia, y eviten deteriorar el lugar con el fin de preservar este escenario que brinda los mejores paisajes y atardeceres.\u00a0<\/span><\/p><p><span lang=\"ES-TRAD\">El llamado es para que las personas que concurren a este sitio de inter\u00e9s tur\u00edstico no pisen las zonas verdes y no arranquen las plantas que hacen parte de los jardines; como tambi\u00e9n que sean exclusivamente los ni\u00f1os quienes usen la zona de juegos infantiles.\u00a0<\/span><\/p><p><span lang=\"ES-TRAD\">As\u00ed mismo, el Distrito les pide a turistas y propios que no se sienten en las cuerdas, debido a que esto hace que se revienten y a la vez que los soportes de madera que lo sostienen se desprendan de sus bases.\u00a0<\/span><\/p><p><span lang=\"ES-TRAD\">El Camell\u00f3n de la Bah\u00eda, con\u00a0su zona de jugos tradicionales y artesan\u00edas dinamiza el desarrollo tur\u00edstico y econ\u00f3mico de la ciudad, ha mejorado la din\u00e1mica comercial a lo largo de la carrera primera y sectores aleda\u00f1os.\u00a0<\/span><\/p><p><span lang=\"ES-TRAD\">La alcaldesa Virna Johnson contin\u00faa trabajando en la reactivaci\u00f3n del sector tur\u00edstico de la ciudad y extiende la invitaci\u00f3n a los samarios y a los turistas para que cuiden y quieran las obras que est\u00e1n transformando a Santa Marta para la celebraci\u00f3n de los 500 a\u00f1os de fundaci\u00f3n\u00a0<\/span><\/p>\t\t\t\t\t\t\t\t<\/div>\n\t\t\t\t<\/div>\n\t\t\t\t\t<\/div>\n\t\t<\/div>\n\t\t\t\t\t<\/div>\n\t\t<\/section>\n\t\t\t\t<section class=\"elementor-section elementor-top-section elementor-element elementor-element-c0d47f5 elementor-section-full_width elementor-section-stretched elementor-section-height-default elementor-section-height-default\" data-id=\"c0d47f5\" data-element_type=\"section\" data-settings=\"{&quot;stretch_section&quot;:&quot;section-stretched&quot;}\">\n\t\t\t\t\t\t\t<div class=\"elementor-background-overlay\"><\/div>\n\t\t\t\t\t\t\t<div class=\"elementor-container elementor-column-gap-default\">\n\t\t\t\t\t<div class=\"elementor-column elementor-col-100 elementor-top-column elementor-element elementor-element-b3f40b9\" data-id=\"b3f40b9\" data-element_type=\"column\">\n\t\t\t<div class=\"elementor-widget-wrap elementor-element-populated\">\n\t\t\t\t\t\t<div class=\"elementor-element elementor-element-939a1e2 elementor-widget elementor-widget-heading\" data-id=\"939a1e2\" data-element_type=\"widget\" data-widget_type=\"heading.default\">\n\t\t\t\t<div class=\"elementor-widget-container\">\n\t\t\t\t\t<h3 class=\"elementor-heading-title elementor-size-default\">\u00daltimas Noticias<\/h3>\t\t\t\t<\/div>\n\t\t\t\t<\/div>\n\t\t\t\t\t<\/div>\n\t\t<\/div>\n\t\t\t\t\t<\/div>\n\t\t<\/section>\n\t\t\t\t<\/div>","protected":false},"excerpt":{"rendered":"<p>Para que los visitantes encuentren un camell\u00f3n limpio y acogedor, la Alcald\u00eda Distrital a trav\u00e9s de la Empresa Distrital de Desarrollo y Renovaci\u00f3n Urbano Sostenible de Santa Marta \u2013 EDUS lider\u00f3 jornadas de mantenimiento y limpieza en el emblem\u00e1tico lugar.&nbsp; Lo anterior con el fin de conservar las instalaciones en buen estado para el disfrute [&hellip;]<\/p>","protected":false},"author":17,"featured_media":8723,"comment_status":"closed","ping_status":"closed","sticky":false,"template":"","format":"standard","meta":{"site-sidebar-layout":"default","site-content-layout":"","ast-site-content-layout":"default","site-content-style":"default","site-sidebar-style":"default","ast-global-header-display":"","ast-banner-title-visibility":"","ast-main-header-display":"","ast-hfb-above-header-display":"","ast-hfb-below-header-display":"","ast-hfb-mobile-header-display":"","site-post-title":"","ast-breadcrumbs-content":"","ast-featured-img":"","footer-sml-layout":"","ast-disable-related-posts":"","theme-transparent-header-meta":"","adv-header-id-meta":"","stick-header-meta":"","header-above-stick-meta":"","header-main-stick-meta":"","header-below-stick-meta":"","astra-migrate-meta-layouts":"default","ast-page-background-enabled":"default","ast-page-background-meta":{"desktop":{"background-color":"var(--ast-global-color-4)","background-image":"","background-repeat":"repeat","background-position":"center center","background-size":"auto","background-attachment":"scroll","background-type":"","background-media":"","overlay-type":"","overlay-color":"","overlay-opacity":"","overlay-gradient":""},"tablet":{"background-color":"","background-image":"","background-repeat":"repeat","background-position":"center center","background-size":"auto","background-attachment":"scroll","background-type":"","background-media":"","overlay-type":"","overlay-color":"","overlay-opacity":"","overlay-gradient":""},"mobile":{"background-color":"","background-image":"","background-repeat":"repeat","background-position":"center center","background-size":"auto","background-attachment":"scroll","background-type":"","background-media":"","overlay-type":"","overlay-color":"","overlay-opacity":"","overlay-gradient":""}},"ast-content-background-meta":{"desktop":{"background-color":"var(--ast-global-color-5)","background-image":"","background-repeat":"repeat","background-position":"center center","background-size":"auto","background-attachment":"scroll","background-type":"","background-media":"","overlay-type":"","overlay-color":"","overlay-opacity":"","overlay-gradient":""},"tablet":{"background-color":"var(--ast-global-color-5)","background-image":"","background-repeat":"repeat","background-position":"center center","background-size":"auto","background-attachment":"scroll","background-type":"","background-media":"","overlay-type":"","overlay-color":"","overlay-opacity":"","overlay-gradient":""},"mobile":{"background-color":"var(--ast-global-color-5)","background-image":"","background-repeat":"repeat","background-position":"center center","background-size":"auto","background-attachment":"scroll","background-type":"","background-media":"","overlay-type":"","overlay-color":"","overlay-opacity":"","overlay-gradient":""}},"footnotes":""},"categories":[53],"tags":[],"class_list":["post-8722","post","type-post","status-publish","format-standard","has-post-thumbnail","hentry","category-ultimas-noticias"],"_links":{"self":[{"href":"https:\/\/edus.gov.co\/en\/wp-json\/wp\/v2\/posts\/8722","targetHints":{"allow":["GET"]}}],"collection":[{"href":"https:\/\/edus.gov.co\/en\/wp-json\/wp\/v2\/posts"}],"about":[{"href":"https:\/\/edus.gov.co\/en\/wp-json\/wp\/v2\/types\/post"}],"author":[{"embeddable":true,"href":"https:\/\/edus.gov.co\/en\/wp-json\/wp\/v2\/users\/17"}],"replies":[{"embeddable":true,"href":"https:\/\/edus.gov.co\/en\/wp-json\/wp\/v2\/comments?post=8722"}],"version-history":[{"count":5,"href":"https:\/\/edus.gov.co\/en\/wp-json\/wp\/v2\/posts\/8722\/revisions"}],"predecessor-version":[{"id":8728,"href":"https:\/\/edus.gov.co\/en\/wp-json\/wp\/v2\/posts\/8722\/revisions\/8728"}],"wp:featuredmedia":[{"embeddable":true,"href":"https:\/\/edus.gov.co\/en\/wp-json\/wp\/v2\/media\/8723"}],"wp:attachment":[{"href":"https:\/\/edus.gov.co\/en\/wp-json\/wp\/v2\/media?parent=8722"}],"wp:term":[{"taxonomy":"category","embeddable":true,"href":"https:\/\/edus.gov.co\/en\/wp-json\/wp\/v2\/categories?post=8722"},{"taxonomy":"post_tag","embeddable":true,"href":"https:\/\/edus.gov.co\/en\/wp-json\/wp\/v2\/tags?post=8722"}],"curies":[{"name":"wp","href":"https:\/\/api.w.org\/{rel}","templated":true}]}}