{"id":8701,"date":"2022-04-14T20:40:07","date_gmt":"2022-04-14T20:40:07","guid":{"rendered":"https:\/\/edus.gov.co\/?p=8701"},"modified":"2022-04-14T20:43:39","modified_gmt":"2022-04-14T20:43:39","slug":"comunicado-de-prensa","status":"publish","type":"post","link":"https:\/\/edus.gov.co\/en\/comunicado-de-prensa\/","title":{"rendered":"Alcald\u00eda Distrital invita a proteger el cerramiento de la obra del Camell\u00f3n de El Rodadero"},"content":{"rendered":"<div data-elementor-type=\"wp-post\" data-elementor-id=\"8701\" class=\"elementor elementor-8701\" data-elementor-post-type=\"post\">\n\t\t\t\t\t\t<section class=\"elementor-section elementor-top-section elementor-element elementor-element-687bb192 elementor-section-boxed elementor-section-height-default elementor-section-height-default\" data-id=\"687bb192\" data-element_type=\"section\">\n\t\t\t\t\t\t<div class=\"elementor-container elementor-column-gap-default\">\n\t\t\t\t\t<div class=\"elementor-column elementor-col-100 elementor-top-column elementor-element elementor-element-4f30bfab\" data-id=\"4f30bfab\" data-element_type=\"column\">\n\t\t\t<div class=\"elementor-widget-wrap elementor-element-populated\">\n\t\t\t\t\t\t<div class=\"elementor-element elementor-element-2330fad3 elementor-widget elementor-widget-text-editor\" data-id=\"2330fad3\" data-element_type=\"widget\" data-widget_type=\"text-editor.default\">\n\t\t\t\t<div class=\"elementor-widget-container\">\n\t\t\t\t\t\t\t\t\t<p>La Alcald\u00eda Distrital, a trav\u00e9s de la Empresa de Desarrollo y Renovaci\u00f3n Urbano Sostenible, EDUS, hace un llamado a los operadores tur\u00edsticos de El Rodadero para que respeten la zona de cerramiento del Camell\u00f3n, teniendo en cuenta que esta se encuentra delimitada para protecci\u00f3n de la obra y de las personas que concurren a la playa.<\/p><p>Cabe informar que las obras de transformaci\u00f3n del Camell\u00f3n de El Rodadero a\u00fan se encuentran en ejecuci\u00f3n mostrando un avance del 90%, por lo que se mantiene el cerramiento en el \u00e1rea de los trabajos por temas de seguridad e impedir el acceso de personas ajenas a la obra para evitar accidentes y situaciones que lamentar.<\/p><p>Estos cerramientos provisionales protegen la obra en todas sus etapas, as\u00ed como los materiales que se encuentren en el predio, tambi\u00e9n con ellos se logran contener los escombros o residuos.<\/p><p>El Camell\u00f3n de El Rodadero contar\u00e1 con una estructura moderna, innovadora, incluyente y sostenible que disfrutar\u00e1n los residentes, prestadores de servicios tur\u00edsticos y visitantes nacionales e internacionales.<\/p><p>Esta infraestructura generar\u00e1 nuevas din\u00e1micas en el sector en materia de turismo, comercio, recreaci\u00f3n, deporte y entretenimiento de El Rodadero, con la dotaci\u00f3n de mobiliario y espacios p\u00fablicos para el desarrollo de diversas actividades, por lo que se invita a proteger tanto el cerramiento como a la obra que pronto ser\u00e1 entregada por parte del Gobierno del Cambio. <\/p>\t\t\t\t\t\t\t\t<\/div>\n\t\t\t\t<\/div>\n\t\t\t\t\t<\/div>\n\t\t<\/div>\n\t\t\t\t\t<\/div>\n\t\t<\/section>\n\t\t\t\t<section class=\"elementor-section elementor-top-section elementor-element elementor-element-c0d47f5 elementor-section-full_width elementor-section-stretched elementor-section-height-default elementor-section-height-default\" data-id=\"c0d47f5\" data-element_type=\"section\" data-settings=\"{&quot;stretch_section&quot;:&quot;section-stretched&quot;}\">\n\t\t\t\t\t\t\t<div class=\"elementor-background-overlay\"><\/div>\n\t\t\t\t\t\t\t<div class=\"elementor-container elementor-column-gap-default\">\n\t\t\t\t\t<div class=\"elementor-column elementor-col-100 elementor-top-column elementor-element elementor-element-b3f40b9\" data-id=\"b3f40b9\" data-element_type=\"column\">\n\t\t\t<div class=\"elementor-widget-wrap elementor-element-populated\">\n\t\t\t\t\t\t<div class=\"elementor-element elementor-element-939a1e2 elementor-widget elementor-widget-heading\" data-id=\"939a1e2\" data-element_type=\"widget\" data-widget_type=\"heading.default\">\n\t\t\t\t<div class=\"elementor-widget-container\">\n\t\t\t\t\t<h3 class=\"elementor-heading-title elementor-size-default\">\u00daltimas Noticias<\/h3>\t\t\t\t<\/div>\n\t\t\t\t<\/div>\n\t\t\t\t\t<\/div>\n\t\t<\/div>\n\t\t\t\t\t<\/div>\n\t\t<\/section>\n\t\t\t\t<\/div>","protected":false},"excerpt":{"rendered":"<p>La Alcald\u00eda Distrital, a trav\u00e9s de la Empresa de Desarrollo y Renovaci\u00f3n Urbano Sostenible, EDUS, hace un llamado a los operadores tur\u00edsticos de El Rodadero para que respeten la zona de cerramiento del Camell\u00f3n, teniendo en cuenta que esta se encuentra delimitada para protecci\u00f3n de la obra y de las personas que concurren a la [&hellip;]<\/p>","protected":false},"author":17,"featured_media":8707,"comment_status":"closed","ping_status":"closed","sticky":false,"template":"","format":"standard","meta":{"site-sidebar-layout":"default","site-content-layout":"","ast-site-content-layout":"default","site-content-style":"default","site-sidebar-style":"default","ast-global-header-display":"","ast-banner-title-visibility":"","ast-main-header-display":"","ast-hfb-above-header-display":"","ast-hfb-below-header-display":"","ast-hfb-mobile-header-display":"","site-post-title":"","ast-breadcrumbs-content":"","ast-featured-img":"","footer-sml-layout":"","ast-disable-related-posts":"","theme-transparent-header-meta":"","adv-header-id-meta":"","stick-header-meta":"","header-above-stick-meta":"","header-main-stick-meta":"","header-below-stick-meta":"","astra-migrate-meta-layouts":"default","ast-page-background-enabled":"default","ast-page-background-meta":{"desktop":{"background-color":"var(--ast-global-color-4)","background-image":"","background-repeat":"repeat","background-position":"center center","background-size":"auto","background-attachment":"scroll","background-type":"","background-media":"","overlay-type":"","overlay-color":"","overlay-opacity":"","overlay-gradient":""},"tablet":{"background-color":"","background-image":"","background-repeat":"repeat","background-position":"center center","background-size":"auto","background-attachment":"scroll","background-type":"","background-media":"","overlay-type":"","overlay-color":"","overlay-opacity":"","overlay-gradient":""},"mobile":{"background-color":"","background-image":"","background-repeat":"repeat","background-position":"center center","background-size":"auto","background-attachment":"scroll","background-type":"","background-media":"","overlay-type":"","overlay-color":"","overlay-opacity":"","overlay-gradient":""}},"ast-content-background-meta":{"desktop":{"background-color":"var(--ast-global-color-5)","background-image":"","background-repeat":"repeat","background-position":"center center","background-size":"auto","background-attachment":"scroll","background-type":"","background-media":"","overlay-type":"","overlay-color":"","overlay-opacity":"","overlay-gradient":""},"tablet":{"background-color":"var(--ast-global-color-5)","background-image":"","background-repeat":"repeat","background-position":"center center","background-size":"auto","background-attachment":"scroll","background-type":"","background-media":"","overlay-type":"","overlay-color":"","overlay-opacity":"","overlay-gradient":""},"mobile":{"background-color":"var(--ast-global-color-5)","background-image":"","background-repeat":"repeat","background-position":"center center","background-size":"auto","background-attachment":"scroll","background-type":"","background-media":"","overlay-type":"","overlay-color":"","overlay-opacity":"","overlay-gradient":""}},"footnotes":""},"categories":[53],"tags":[],"class_list":["post-8701","post","type-post","status-publish","format-standard","has-post-thumbnail","hentry","category-ultimas-noticias"],"_links":{"self":[{"href":"https:\/\/edus.gov.co\/en\/wp-json\/wp\/v2\/posts\/8701","targetHints":{"allow":["GET"]}}],"collection":[{"href":"https:\/\/edus.gov.co\/en\/wp-json\/wp\/v2\/posts"}],"about":[{"href":"https:\/\/edus.gov.co\/en\/wp-json\/wp\/v2\/types\/post"}],"author":[{"embeddable":true,"href":"https:\/\/edus.gov.co\/en\/wp-json\/wp\/v2\/users\/17"}],"replies":[{"embeddable":true,"href":"https:\/\/edus.gov.co\/en\/wp-json\/wp\/v2\/comments?post=8701"}],"version-history":[{"count":5,"href":"https:\/\/edus.gov.co\/en\/wp-json\/wp\/v2\/posts\/8701\/revisions"}],"predecessor-version":[{"id":8706,"href":"https:\/\/edus.gov.co\/en\/wp-json\/wp\/v2\/posts\/8701\/revisions\/8706"}],"wp:featuredmedia":[{"embeddable":true,"href":"https:\/\/edus.gov.co\/en\/wp-json\/wp\/v2\/media\/8707"}],"wp:attachment":[{"href":"https:\/\/edus.gov.co\/en\/wp-json\/wp\/v2\/media?parent=8701"}],"wp:term":[{"taxonomy":"category","embeddable":true,"href":"https:\/\/edus.gov.co\/en\/wp-json\/wp\/v2\/categories?post=8701"},{"taxonomy":"post_tag","embeddable":true,"href":"https:\/\/edus.gov.co\/en\/wp-json\/wp\/v2\/tags?post=8701"}],"curies":[{"name":"wp","href":"https:\/\/api.w.org\/{rel}","templated":true}]}}