{"id":8684,"date":"2022-04-10T13:29:00","date_gmt":"2022-04-10T13:29:00","guid":{"rendered":"https:\/\/edus.gov.co\/?p=8684"},"modified":"2022-04-11T13:44:48","modified_gmt":"2022-04-11T13:44:48","slug":"alcaldia-distrital-invita-a-samarios-y-visitantes-a-cuidar-los-espacios-publicos-y-el-camellon","status":"publish","type":"post","link":"https:\/\/edus.gov.co\/en\/alcaldia-distrital-invita-a-samarios-y-visitantes-a-cuidar-los-espacios-publicos-y-el-camellon\/","title":{"rendered":"Alcald\u00eda Distrital invita a samarios y visitantes a cuidar los espacios p\u00fablicos y El Camell\u00f3n"},"content":{"rendered":"<div data-elementor-type=\"wp-post\" data-elementor-id=\"8684\" class=\"elementor elementor-8684\" data-elementor-post-type=\"post\">\n\t\t\t\t\t\t<section class=\"elementor-section elementor-top-section elementor-element elementor-element-687bb192 elementor-section-boxed elementor-section-height-default elementor-section-height-default\" data-id=\"687bb192\" data-element_type=\"section\">\n\t\t\t\t\t\t<div class=\"elementor-container elementor-column-gap-default\">\n\t\t\t\t\t<div class=\"elementor-column elementor-col-100 elementor-top-column elementor-element elementor-element-4f30bfab\" data-id=\"4f30bfab\" data-element_type=\"column\">\n\t\t\t<div class=\"elementor-widget-wrap elementor-element-populated\">\n\t\t\t\t\t\t<div class=\"elementor-element elementor-element-2330fad3 elementor-widget elementor-widget-text-editor\" data-id=\"2330fad3\" data-element_type=\"widget\" data-widget_type=\"text-editor.default\">\n\t\t\t\t<div class=\"elementor-widget-container\">\n\t\t\t\t\t\t\t\t\t<p style=\"font-weight: 400;\">La alcaldesa Virna Johnson, a trav\u00e9s de la Empresa de Desarrollo Urbano Sostenible \u2013 EDUS, hace un llamado a la ciudadan\u00eda para que ayuden a conservar las obras de recuperaci\u00f3n y transformaci\u00f3n de Santa Marta y rechaza de manera categ\u00f3rica el mal uso que algunas personas le est\u00e1n dando a los espacios p\u00fablicos reci\u00e9n entregados.<\/p><p style=\"font-weight: 400;\">La Administraci\u00f3n Distrital no oculta su preocupaci\u00f3n y tristeza por los da\u00f1os que han provocado a las obras del anillo vial de El Pando, en donde se pudo constatar c\u00f3mo un miembro de la comunidad destruy\u00f3 parte del and\u00e9n y las losas podot\u00e1ctiles generando un impacto negativo en esta v\u00eda en el sur de la\u00a0 ciudad.<\/p><p style=\"font-weight: 400;\">El hecho se present\u00f3 en la carrera 18, diagonal a la parroquia, en donde un ciudadano destruy\u00f3 parte del espacio p\u00fablico, para luego construir una rampa para el acceso a un garaje privado.<\/p><p style=\"font-weight: 400;\">Esta v\u00eda dignifica y mejora la calidad de vida de los residentes aleda\u00f1os y no deben destruir una obra construida para el bienestar de todos.<\/p><p style=\"font-weight: 400;\"><strong>A CUIDAR EL CAMELL\u00d3N<\/strong><\/p><p style=\"font-weight: 400;\">De igual manera, el llamado es para las personas que frecuentan el Camell\u00f3n de la Bah\u00eda, en donde diariamente se evidencian actos que afectan esta bella obra, construida por los Gobiernos del Cambio para el disfrute de samarios y turistas.<\/p><p style=\"font-weight: 400;\">\u201cNo es justo que todo lo que se ha construido, hoy se vea destruido por desadaptados perjudicando a toda la comunidad\u201d, indic\u00f3 Diego Galvis, deportista que llega todas las ma\u00f1anas a practicar sus actividades f\u00edsicas en el Camell\u00f3n.<\/p><p style=\"font-weight: 400;\">El Camell\u00f3n de la Bah\u00eda simboliza una parte importante en la historia de Santa Marta, por lo que se estimula a propios y visitantes a generar sentido de pertenencia y respeto por las propiedades p\u00fablicas, d\u00e1ndole el uso adecuado.<\/p><p style=\"font-weight: 400;\">La invitaci\u00f3n a los samarios y turistas es a cuidar las obras, puesto que son grandes inversiones realizadas por la Alcald\u00eda del Cambio Imparable para el disfrute de todos.\u00a0 El Camell\u00f3n, las v\u00edas y andenes se deben respetar, para que tambi\u00e9n los visitantes se lleven la mejor impresi\u00f3n de todo lo bueno que Santa Marta tiene para mostrar.<\/p><p style=\"font-weight: 400;\">As\u00ed mismo,\u00a0 se le pide a todos que denuncien cualquier tipo de hechos que atenten contra los bienes p\u00fablicos y se agradece a las personas que han tenido la gallard\u00eda de mostrar estos actos de falta de cultura ciudadana.<\/p><p style=\"font-weight: 400;\">El objetivo es mantener espacios limpios, en buenas condiciones para el beneficio de la ciudadan\u00eda que merece tener escenarios y andenes que todos puedan disfrutar de manera apropiada.<\/p><p style=\"font-weight: 400;\">La comunidad agradece a los Gobiernos del Cambio, la importante gesti\u00f3n y compromiso con la ciudad, y hace un llamado para que los samarios sean vigilantes, ayuden a conservar los escenarios y espacios p\u00fablicos en excelentes ambientes y entornos.<\/p><p style=\"font-weight: 400;\">El Gobierno Distrital sigue trabajando para dignificar la vida de los samarios con obras que demuestran que el Cambio es Imparable rumbo a los 500 a\u00f1os de fundaci\u00f3n de Santa Marta.<\/p>\t\t\t\t\t\t\t\t<\/div>\n\t\t\t\t<\/div>\n\t\t\t\t\t<\/div>\n\t\t<\/div>\n\t\t\t\t\t<\/div>\n\t\t<\/section>\n\t\t\t\t<section class=\"elementor-section elementor-top-section elementor-element elementor-element-c0d47f5 elementor-section-full_width elementor-section-stretched elementor-section-height-default elementor-section-height-default\" data-id=\"c0d47f5\" data-element_type=\"section\" data-settings=\"{&quot;stretch_section&quot;:&quot;section-stretched&quot;}\">\n\t\t\t\t\t\t\t<div class=\"elementor-background-overlay\"><\/div>\n\t\t\t\t\t\t\t<div class=\"elementor-container elementor-column-gap-default\">\n\t\t\t\t\t<div class=\"elementor-column elementor-col-100 elementor-top-column elementor-element elementor-element-b3f40b9\" data-id=\"b3f40b9\" data-element_type=\"column\">\n\t\t\t<div class=\"elementor-widget-wrap elementor-element-populated\">\n\t\t\t\t\t\t<div class=\"elementor-element elementor-element-939a1e2 elementor-widget elementor-widget-heading\" data-id=\"939a1e2\" data-element_type=\"widget\" data-widget_type=\"heading.default\">\n\t\t\t\t<div class=\"elementor-widget-container\">\n\t\t\t\t\t<h3 class=\"elementor-heading-title elementor-size-default\">\u00daltimas Noticias<\/h3>\t\t\t\t<\/div>\n\t\t\t\t<\/div>\n\t\t\t\t\t<\/div>\n\t\t<\/div>\n\t\t\t\t\t<\/div>\n\t\t<\/section>\n\t\t\t\t<\/div>","protected":false},"excerpt":{"rendered":"<p>La alcaldesa Virna Johnson, a trav\u00e9s de la Empresa de Desarrollo Urbano Sostenible \u2013 EDUS, hace un llamado a la ciudadan\u00eda para que ayuden a conservar las obras de recuperaci\u00f3n y transformaci\u00f3n de Santa Marta y rechaza de manera categ\u00f3rica el mal uso que algunas personas le est\u00e1n dando a los espacios p\u00fablicos reci\u00e9n entregados. [&hellip;]<\/p>","protected":false},"author":17,"featured_media":8685,"comment_status":"closed","ping_status":"closed","sticky":false,"template":"","format":"standard","meta":{"site-sidebar-layout":"default","site-content-layout":"","ast-site-content-layout":"default","site-content-style":"default","site-sidebar-style":"default","ast-global-header-display":"","ast-banner-title-visibility":"","ast-main-header-display":"","ast-hfb-above-header-display":"","ast-hfb-below-header-display":"","ast-hfb-mobile-header-display":"","site-post-title":"","ast-breadcrumbs-content":"","ast-featured-img":"","footer-sml-layout":"","ast-disable-related-posts":"","theme-transparent-header-meta":"","adv-header-id-meta":"","stick-header-meta":"","header-above-stick-meta":"","header-main-stick-meta":"","header-below-stick-meta":"","astra-migrate-meta-layouts":"default","ast-page-background-enabled":"default","ast-page-background-meta":{"desktop":{"background-color":"var(--ast-global-color-4)","background-image":"","background-repeat":"repeat","background-position":"center center","background-size":"auto","background-attachment":"scroll","background-type":"","background-media":"","overlay-type":"","overlay-color":"","overlay-opacity":"","overlay-gradient":""},"tablet":{"background-color":"","background-image":"","background-repeat":"repeat","background-position":"center center","background-size":"auto","background-attachment":"scroll","background-type":"","background-media":"","overlay-type":"","overlay-color":"","overlay-opacity":"","overlay-gradient":""},"mobile":{"background-color":"","background-image":"","background-repeat":"repeat","background-position":"center center","background-size":"auto","background-attachment":"scroll","background-type":"","background-media":"","overlay-type":"","overlay-color":"","overlay-opacity":"","overlay-gradient":""}},"ast-content-background-meta":{"desktop":{"background-color":"var(--ast-global-color-5)","background-image":"","background-repeat":"repeat","background-position":"center center","background-size":"auto","background-attachment":"scroll","background-type":"","background-media":"","overlay-type":"","overlay-color":"","overlay-opacity":"","overlay-gradient":""},"tablet":{"background-color":"var(--ast-global-color-5)","background-image":"","background-repeat":"repeat","background-position":"center center","background-size":"auto","background-attachment":"scroll","background-type":"","background-media":"","overlay-type":"","overlay-color":"","overlay-opacity":"","overlay-gradient":""},"mobile":{"background-color":"var(--ast-global-color-5)","background-image":"","background-repeat":"repeat","background-position":"center center","background-size":"auto","background-attachment":"scroll","background-type":"","background-media":"","overlay-type":"","overlay-color":"","overlay-opacity":"","overlay-gradient":""}},"footnotes":""},"categories":[53],"tags":[],"class_list":["post-8684","post","type-post","status-publish","format-standard","has-post-thumbnail","hentry","category-ultimas-noticias"],"_links":{"self":[{"href":"https:\/\/edus.gov.co\/en\/wp-json\/wp\/v2\/posts\/8684","targetHints":{"allow":["GET"]}}],"collection":[{"href":"https:\/\/edus.gov.co\/en\/wp-json\/wp\/v2\/posts"}],"about":[{"href":"https:\/\/edus.gov.co\/en\/wp-json\/wp\/v2\/types\/post"}],"author":[{"embeddable":true,"href":"https:\/\/edus.gov.co\/en\/wp-json\/wp\/v2\/users\/17"}],"replies":[{"embeddable":true,"href":"https:\/\/edus.gov.co\/en\/wp-json\/wp\/v2\/comments?post=8684"}],"version-history":[{"count":5,"href":"https:\/\/edus.gov.co\/en\/wp-json\/wp\/v2\/posts\/8684\/revisions"}],"predecessor-version":[{"id":8690,"href":"https:\/\/edus.gov.co\/en\/wp-json\/wp\/v2\/posts\/8684\/revisions\/8690"}],"wp:featuredmedia":[{"embeddable":true,"href":"https:\/\/edus.gov.co\/en\/wp-json\/wp\/v2\/media\/8685"}],"wp:attachment":[{"href":"https:\/\/edus.gov.co\/en\/wp-json\/wp\/v2\/media?parent=8684"}],"wp:term":[{"taxonomy":"category","embeddable":true,"href":"https:\/\/edus.gov.co\/en\/wp-json\/wp\/v2\/categories?post=8684"},{"taxonomy":"post_tag","embeddable":true,"href":"https:\/\/edus.gov.co\/en\/wp-json\/wp\/v2\/tags?post=8684"}],"curies":[{"name":"wp","href":"https:\/\/api.w.org\/{rel}","templated":true}]}}