{"id":8673,"date":"2022-04-07T21:59:00","date_gmt":"2022-04-07T21:59:00","guid":{"rendered":"https:\/\/edus.gov.co\/?p=8673"},"modified":"2022-04-08T22:01:19","modified_gmt":"2022-04-08T22:01:19","slug":"la-edus-entrega-avance-del-46-en-la-transformacion-general-de-la-malla-vial-de-santa-marta","status":"publish","type":"post","link":"https:\/\/edus.gov.co\/en\/la-edus-entrega-avance-del-46-en-la-transformacion-general-de-la-malla-vial-de-santa-marta\/","title":{"rendered":"La EDUS entrega avance del 46% en la transformaci\u00f3n general de la Malla Vial de Santa Marta\u00a0"},"content":{"rendered":"<div data-elementor-type=\"wp-post\" data-elementor-id=\"8673\" class=\"elementor elementor-8673\" data-elementor-post-type=\"post\">\n\t\t\t\t\t\t<section class=\"elementor-section elementor-top-section elementor-element elementor-element-687bb192 elementor-section-boxed elementor-section-height-default elementor-section-height-default\" data-id=\"687bb192\" data-element_type=\"section\">\n\t\t\t\t\t\t<div class=\"elementor-container elementor-column-gap-default\">\n\t\t\t\t\t<div class=\"elementor-column elementor-col-100 elementor-top-column elementor-element elementor-element-4f30bfab\" data-id=\"4f30bfab\" data-element_type=\"column\">\n\t\t\t<div class=\"elementor-widget-wrap elementor-element-populated\">\n\t\t\t\t\t\t<div class=\"elementor-element elementor-element-2330fad3 elementor-widget elementor-widget-text-editor\" data-id=\"2330fad3\" data-element_type=\"widget\" data-widget_type=\"text-editor.default\">\n\t\t\t\t<div class=\"elementor-widget-container\">\n\t\t\t\t\t\t\t\t\t<p><span lang=\"ES-TRAD\">En desarrollo de la sesi\u00f3n ordinaria del Concejo Distrital de Santa Marta, la Empresa de Desarrollo y Renovaci\u00f3n Urbano Sostenible de Santa Marta, EDUS, entreg\u00f3 un balance completo sobre los avances de las obras que se adelantan en la Malla Vial del Distrito, que corresponden a los proyectos enmarcados en el Plan de Reposici\u00f3n de Placas, Mi Calle, entre otros. \u00a0<\/span><\/p><p><span lang=\"ES-TRAD\">El gerente de la EDUS, Orlando V\u00e9lez Fern\u00e1ndez, detall\u00f3 a los concejales que el proyecto de Malla Vial, se encuentra en el Plan de Desarrollo de la alcaldesa Virna Johnson &#8216;Santa Marta Coraz\u00f3n del Cambio&#8217;,\u00a0\u00a0con una intervenci\u00f3n de 60.000 metros cuadrados de v\u00edas.\u00a0<\/span><\/p><p><span lang=\"ES-TRAD\">\u00a0<\/span><\/p><p><span lang=\"ES-TRAD\">Del mismo modo, explic\u00f3 que el proyecto se encuentra dividido en dos fases que se ejecutan de manera simult\u00e1nea con varios frentes de obras, beneficiando a m\u00e1s de 20 sectores de la ciudad, a trav\u00e9s de intervenciones integrales de reposici\u00f3n de pavimento y redes h\u00famedas.\u00a0<\/span><\/p><p><span lang=\"ES-TRAD\">En el desarrollo de la sesi\u00f3n, el gerente de la EDUS expuso los aspectos de cada proyecto que tiene que ver con la adecuaci\u00f3n e instalaci\u00f3n de nuevas redes de acueducto y alcantarillado sanitario, con un \u00e1rea de intervenci\u00f3n de 63.500 m2 en pavimento y 36.801 m2 de recuperaci\u00f3n de espacio p\u00fablico que cuenta con rampas de acceso, se\u00f1alizaci\u00f3n vertical, losetas podot\u00e1ctiles de gu\u00eda para personas con movilidad reducida. \u00a0<\/span><\/p><p><span lang=\"ES-TRAD\">Estas obras se adelantan en la carrera 19, calle 14 de Gaira, Bastidas y Oasis, as\u00ed como el ya entregado anillo vial de El Pando.\u00a0<\/span><\/p><p><span lang=\"ES-TRAD\">A su vez, que se contempl\u00f3 la construcci\u00f3n del box culvert en el tramo de la carrera 19 y una parte en la calle 14 de Gaira para evitar las inundaciones ocasionadas por las lluvias. \u00a0<\/span><\/p><p><span lang=\"ES-TRAD\">Tambi\u00e9n hizo referencia a las obras que corresponde a la fase de Malla Vial II, de las cuales hacen parte la reactivaci\u00f3n del programa Mi Calle, una estrategia innovadora, impulsada por la Alcald\u00eda del Cambio, y que actualmente se adelanta con la pavimentaci\u00f3n en los barrios Los Laureles, Boulevard de las Rosas y Faroles, las obras en el corredor vial a Timayu\u00ed.\u00a0<\/span><\/p><p><span lang=\"ES-TRAD\">Igualmente otros proyectos que est\u00e1n priorizados y pr\u00f3ximamente a iniciarse como anillo vial del Once de Noviembre, Santa Fe, La Florida, Miguel Pinedo, Nacho Vives y la ciclorruta tramo Pesca\u00edto, entre otras.\u00a0<\/span><\/p><p><span lang=\"ES-TRAD\">El Gobierno del Cambio Imparable, desde la Empresa de Desarrollo y Renovaci\u00f3n Urbano Sostenible sigue apostado a un esquema de trabajo articulado con la comunidad para lograr una Santa Marta m\u00e1s moderna rumbo a los 500 a\u00f1os.\u00a0<\/span><\/p>\t\t\t\t\t\t\t\t<\/div>\n\t\t\t\t<\/div>\n\t\t\t\t\t<\/div>\n\t\t<\/div>\n\t\t\t\t\t<\/div>\n\t\t<\/section>\n\t\t\t\t<section class=\"elementor-section elementor-top-section elementor-element elementor-element-c0d47f5 elementor-section-full_width elementor-section-stretched elementor-section-height-default elementor-section-height-default\" data-id=\"c0d47f5\" data-element_type=\"section\" data-settings=\"{&quot;stretch_section&quot;:&quot;section-stretched&quot;}\">\n\t\t\t\t\t\t\t<div class=\"elementor-background-overlay\"><\/div>\n\t\t\t\t\t\t\t<div class=\"elementor-container elementor-column-gap-default\">\n\t\t\t\t\t<div class=\"elementor-column elementor-col-100 elementor-top-column elementor-element elementor-element-b3f40b9\" data-id=\"b3f40b9\" data-element_type=\"column\">\n\t\t\t<div class=\"elementor-widget-wrap elementor-element-populated\">\n\t\t\t\t\t\t<div class=\"elementor-element elementor-element-939a1e2 elementor-widget elementor-widget-heading\" data-id=\"939a1e2\" data-element_type=\"widget\" data-widget_type=\"heading.default\">\n\t\t\t\t<div class=\"elementor-widget-container\">\n\t\t\t\t\t<h3 class=\"elementor-heading-title elementor-size-default\">\u00daltimas Noticias<\/h3>\t\t\t\t<\/div>\n\t\t\t\t<\/div>\n\t\t\t\t\t<\/div>\n\t\t<\/div>\n\t\t\t\t\t<\/div>\n\t\t<\/section>\n\t\t\t\t<\/div>","protected":false},"excerpt":{"rendered":"<p>En desarrollo de la sesi\u00f3n ordinaria del Concejo Distrital de Santa Marta, la Empresa de Desarrollo y Renovaci\u00f3n Urbano Sostenible de Santa Marta, EDUS, entreg\u00f3 un balance completo sobre los avances de las obras que se adelantan en la Malla Vial del Distrito, que corresponden a los proyectos enmarcados en el Plan de Reposici\u00f3n de [&hellip;]<\/p>","protected":false},"author":17,"featured_media":8674,"comment_status":"closed","ping_status":"closed","sticky":false,"template":"","format":"standard","meta":{"site-sidebar-layout":"default","site-content-layout":"","ast-site-content-layout":"default","site-content-style":"default","site-sidebar-style":"default","ast-global-header-display":"","ast-banner-title-visibility":"","ast-main-header-display":"","ast-hfb-above-header-display":"","ast-hfb-below-header-display":"","ast-hfb-mobile-header-display":"","site-post-title":"","ast-breadcrumbs-content":"","ast-featured-img":"","footer-sml-layout":"","ast-disable-related-posts":"","theme-transparent-header-meta":"","adv-header-id-meta":"","stick-header-meta":"","header-above-stick-meta":"","header-main-stick-meta":"","header-below-stick-meta":"","astra-migrate-meta-layouts":"default","ast-page-background-enabled":"default","ast-page-background-meta":{"desktop":{"background-color":"var(--ast-global-color-4)","background-image":"","background-repeat":"repeat","background-position":"center center","background-size":"auto","background-attachment":"scroll","background-type":"","background-media":"","overlay-type":"","overlay-color":"","overlay-opacity":"","overlay-gradient":""},"tablet":{"background-color":"","background-image":"","background-repeat":"repeat","background-position":"center center","background-size":"auto","background-attachment":"scroll","background-type":"","background-media":"","overlay-type":"","overlay-color":"","overlay-opacity":"","overlay-gradient":""},"mobile":{"background-color":"","background-image":"","background-repeat":"repeat","background-position":"center center","background-size":"auto","background-attachment":"scroll","background-type":"","background-media":"","overlay-type":"","overlay-color":"","overlay-opacity":"","overlay-gradient":""}},"ast-content-background-meta":{"desktop":{"background-color":"var(--ast-global-color-5)","background-image":"","background-repeat":"repeat","background-position":"center center","background-size":"auto","background-attachment":"scroll","background-type":"","background-media":"","overlay-type":"","overlay-color":"","overlay-opacity":"","overlay-gradient":""},"tablet":{"background-color":"var(--ast-global-color-5)","background-image":"","background-repeat":"repeat","background-position":"center center","background-size":"auto","background-attachment":"scroll","background-type":"","background-media":"","overlay-type":"","overlay-color":"","overlay-opacity":"","overlay-gradient":""},"mobile":{"background-color":"var(--ast-global-color-5)","background-image":"","background-repeat":"repeat","background-position":"center center","background-size":"auto","background-attachment":"scroll","background-type":"","background-media":"","overlay-type":"","overlay-color":"","overlay-opacity":"","overlay-gradient":""}},"footnotes":""},"categories":[53],"tags":[],"class_list":["post-8673","post","type-post","status-publish","format-standard","has-post-thumbnail","hentry","category-ultimas-noticias"],"_links":{"self":[{"href":"https:\/\/edus.gov.co\/en\/wp-json\/wp\/v2\/posts\/8673","targetHints":{"allow":["GET"]}}],"collection":[{"href":"https:\/\/edus.gov.co\/en\/wp-json\/wp\/v2\/posts"}],"about":[{"href":"https:\/\/edus.gov.co\/en\/wp-json\/wp\/v2\/types\/post"}],"author":[{"embeddable":true,"href":"https:\/\/edus.gov.co\/en\/wp-json\/wp\/v2\/users\/17"}],"replies":[{"embeddable":true,"href":"https:\/\/edus.gov.co\/en\/wp-json\/wp\/v2\/comments?post=8673"}],"version-history":[{"count":8,"href":"https:\/\/edus.gov.co\/en\/wp-json\/wp\/v2\/posts\/8673\/revisions"}],"predecessor-version":[{"id":8682,"href":"https:\/\/edus.gov.co\/en\/wp-json\/wp\/v2\/posts\/8673\/revisions\/8682"}],"wp:featuredmedia":[{"embeddable":true,"href":"https:\/\/edus.gov.co\/en\/wp-json\/wp\/v2\/media\/8674"}],"wp:attachment":[{"href":"https:\/\/edus.gov.co\/en\/wp-json\/wp\/v2\/media?parent=8673"}],"wp:term":[{"taxonomy":"category","embeddable":true,"href":"https:\/\/edus.gov.co\/en\/wp-json\/wp\/v2\/categories?post=8673"},{"taxonomy":"post_tag","embeddable":true,"href":"https:\/\/edus.gov.co\/en\/wp-json\/wp\/v2\/tags?post=8673"}],"curies":[{"name":"wp","href":"https:\/\/api.w.org\/{rel}","templated":true}]}}