{"id":8665,"date":"2022-04-06T21:51:00","date_gmt":"2022-04-06T21:51:00","guid":{"rendered":"https:\/\/edus.gov.co\/?p=8665"},"modified":"2022-04-08T21:57:26","modified_gmt":"2022-04-08T21:57:26","slug":"distrito-ha-recuperado-77-tramos-de-via-con-el-plan-de-reposicion-de-placas","status":"publish","type":"post","link":"https:\/\/edus.gov.co\/en\/distrito-ha-recuperado-77-tramos-de-via-con-el-plan-de-reposicion-de-placas\/","title":{"rendered":"Distrito ha recuperado 77 tramos de v\u00eda con el Plan de Reposici\u00f3n de Placas\u00a0"},"content":{"rendered":"<div data-elementor-type=\"wp-post\" data-elementor-id=\"8665\" class=\"elementor elementor-8665\" data-elementor-post-type=\"post\">\n\t\t\t\t\t\t<section class=\"elementor-section elementor-top-section elementor-element elementor-element-687bb192 elementor-section-boxed elementor-section-height-default elementor-section-height-default\" data-id=\"687bb192\" data-element_type=\"section\">\n\t\t\t\t\t\t<div class=\"elementor-container elementor-column-gap-default\">\n\t\t\t\t\t<div class=\"elementor-column elementor-col-100 elementor-top-column elementor-element elementor-element-4f30bfab\" data-id=\"4f30bfab\" data-element_type=\"column\">\n\t\t\t<div class=\"elementor-widget-wrap elementor-element-populated\">\n\t\t\t\t\t\t<div class=\"elementor-element elementor-element-2330fad3 elementor-widget elementor-widget-text-editor\" data-id=\"2330fad3\" data-element_type=\"widget\" data-widget_type=\"text-editor.default\">\n\t\t\t\t<div class=\"elementor-widget-container\">\n\t\t\t\t\t\t\t\t\t<p>La Alcald\u00eda Distrital de Santa Marta, a trav\u00e9s de la Empresa de Desarrollo y Renovaci\u00f3n Urbano Sostenible de Santa Marta \u2013 EDUS, ha adelantado acciones en 77 tramos de v\u00edas que se encontraban en muy mal estado en la avenida del Libertador, la calle 22, la Urbanizaci\u00f3n Riascos y los barrios Bavaria, Obrero, Pesca\u00edto, Gaira, carrera 4, entre otros.\u00a0<\/p><p>As\u00ed mismo, en la zona de ingreso al aeropuerto Sim\u00f3n Bol\u00edvar y en la v\u00eda del Ziruma se han mejorado diferentes tramos de la carpeta asf\u00e1ltica con la ejecuci\u00f3n de 1.768 metros cuadrados en pavimento flexible, renovando la superficie del mismo.\u00a0<\/p><p>Esto corresponde a que hasta la fecha se han reemplazado\u00a0\u00a06.859 metros cuadrados de pavimento de los 7.000 que se hab\u00eda estipulado al inicio del Plan.\u00a0<\/p><p>Tambi\u00e9n se\u00a0\u00a0vienen realizando adecuaciones en la intersecci\u00f3n de la carrera cuarta con calle 24, en la avenida del Libertador con carrera 20, avenida del Libertador con avenida del R\u00edo, en la calle 22 con carrera 18\u00aa y en la carrera cuarta con calle 22.\u00a0<\/p><p>Pr\u00f3ximamente, m\u00e1s tramos ser\u00e1n intervenidos para continuar con el proceso de mejoramiento de la movilidad en el Distrito y transformaci\u00f3n de la malla vial que impacta positivamente en el desarrollo urbano de la Ciudad.\u00a0<\/p><p>Gracias a la ejecuci\u00f3n de estas obras dispuestas por la alcaldesa Virna Johnson para la reposici\u00f3n de placas en concreto r\u00edgido en puntos cr\u00edticos, contin\u00faa la transformaci\u00f3n de v\u00edas para el mejoramiento de la movilidad en Santa Marta.\u00a0<\/p>\t\t\t\t\t\t\t\t<\/div>\n\t\t\t\t<\/div>\n\t\t\t\t\t<\/div>\n\t\t<\/div>\n\t\t\t\t\t<\/div>\n\t\t<\/section>\n\t\t\t\t<section class=\"elementor-section elementor-top-section elementor-element elementor-element-c0d47f5 elementor-section-full_width elementor-section-stretched elementor-section-height-default elementor-section-height-default\" data-id=\"c0d47f5\" data-element_type=\"section\" data-settings=\"{&quot;stretch_section&quot;:&quot;section-stretched&quot;}\">\n\t\t\t\t\t\t\t<div class=\"elementor-background-overlay\"><\/div>\n\t\t\t\t\t\t\t<div class=\"elementor-container elementor-column-gap-default\">\n\t\t\t\t\t<div class=\"elementor-column elementor-col-100 elementor-top-column elementor-element elementor-element-b3f40b9\" data-id=\"b3f40b9\" data-element_type=\"column\">\n\t\t\t<div class=\"elementor-widget-wrap elementor-element-populated\">\n\t\t\t\t\t\t<div class=\"elementor-element elementor-element-939a1e2 elementor-widget elementor-widget-heading\" data-id=\"939a1e2\" data-element_type=\"widget\" data-widget_type=\"heading.default\">\n\t\t\t\t<div class=\"elementor-widget-container\">\n\t\t\t\t\t<h3 class=\"elementor-heading-title elementor-size-default\">\u00daltimas Noticias<\/h3>\t\t\t\t<\/div>\n\t\t\t\t<\/div>\n\t\t\t\t\t<\/div>\n\t\t<\/div>\n\t\t\t\t\t<\/div>\n\t\t<\/section>\n\t\t\t\t<\/div>","protected":false},"excerpt":{"rendered":"<p>La Alcald\u00eda Distrital de Santa Marta, a trav\u00e9s de la Empresa de Desarrollo y Renovaci\u00f3n Urbano Sostenible de Santa Marta \u2013 EDUS, ha adelantado acciones en 77 tramos de v\u00edas que se encontraban en muy mal estado en la avenida del Libertador, la calle 22, la Urbanizaci\u00f3n Riascos y los barrios Bavaria, Obrero, Pesca\u00edto, Gaira, [&hellip;]<\/p>","protected":false},"author":17,"featured_media":8666,"comment_status":"closed","ping_status":"closed","sticky":false,"template":"","format":"standard","meta":{"site-sidebar-layout":"default","site-content-layout":"","ast-site-content-layout":"default","site-content-style":"default","site-sidebar-style":"default","ast-global-header-display":"","ast-banner-title-visibility":"","ast-main-header-display":"","ast-hfb-above-header-display":"","ast-hfb-below-header-display":"","ast-hfb-mobile-header-display":"","site-post-title":"","ast-breadcrumbs-content":"","ast-featured-img":"","footer-sml-layout":"","ast-disable-related-posts":"","theme-transparent-header-meta":"","adv-header-id-meta":"","stick-header-meta":"","header-above-stick-meta":"","header-main-stick-meta":"","header-below-stick-meta":"","astra-migrate-meta-layouts":"default","ast-page-background-enabled":"default","ast-page-background-meta":{"desktop":{"background-color":"var(--ast-global-color-4)","background-image":"","background-repeat":"repeat","background-position":"center center","background-size":"auto","background-attachment":"scroll","background-type":"","background-media":"","overlay-type":"","overlay-color":"","overlay-opacity":"","overlay-gradient":""},"tablet":{"background-color":"","background-image":"","background-repeat":"repeat","background-position":"center center","background-size":"auto","background-attachment":"scroll","background-type":"","background-media":"","overlay-type":"","overlay-color":"","overlay-opacity":"","overlay-gradient":""},"mobile":{"background-color":"","background-image":"","background-repeat":"repeat","background-position":"center center","background-size":"auto","background-attachment":"scroll","background-type":"","background-media":"","overlay-type":"","overlay-color":"","overlay-opacity":"","overlay-gradient":""}},"ast-content-background-meta":{"desktop":{"background-color":"var(--ast-global-color-5)","background-image":"","background-repeat":"repeat","background-position":"center center","background-size":"auto","background-attachment":"scroll","background-type":"","background-media":"","overlay-type":"","overlay-color":"","overlay-opacity":"","overlay-gradient":""},"tablet":{"background-color":"var(--ast-global-color-5)","background-image":"","background-repeat":"repeat","background-position":"center center","background-size":"auto","background-attachment":"scroll","background-type":"","background-media":"","overlay-type":"","overlay-color":"","overlay-opacity":"","overlay-gradient":""},"mobile":{"background-color":"var(--ast-global-color-5)","background-image":"","background-repeat":"repeat","background-position":"center center","background-size":"auto","background-attachment":"scroll","background-type":"","background-media":"","overlay-type":"","overlay-color":"","overlay-opacity":"","overlay-gradient":""}},"footnotes":""},"categories":[53],"tags":[],"class_list":["post-8665","post","type-post","status-publish","format-standard","has-post-thumbnail","hentry","category-ultimas-noticias"],"_links":{"self":[{"href":"https:\/\/edus.gov.co\/en\/wp-json\/wp\/v2\/posts\/8665","targetHints":{"allow":["GET"]}}],"collection":[{"href":"https:\/\/edus.gov.co\/en\/wp-json\/wp\/v2\/posts"}],"about":[{"href":"https:\/\/edus.gov.co\/en\/wp-json\/wp\/v2\/types\/post"}],"author":[{"embeddable":true,"href":"https:\/\/edus.gov.co\/en\/wp-json\/wp\/v2\/users\/17"}],"replies":[{"embeddable":true,"href":"https:\/\/edus.gov.co\/en\/wp-json\/wp\/v2\/comments?post=8665"}],"version-history":[{"count":6,"href":"https:\/\/edus.gov.co\/en\/wp-json\/wp\/v2\/posts\/8665\/revisions"}],"predecessor-version":[{"id":8672,"href":"https:\/\/edus.gov.co\/en\/wp-json\/wp\/v2\/posts\/8665\/revisions\/8672"}],"wp:featuredmedia":[{"embeddable":true,"href":"https:\/\/edus.gov.co\/en\/wp-json\/wp\/v2\/media\/8666"}],"wp:attachment":[{"href":"https:\/\/edus.gov.co\/en\/wp-json\/wp\/v2\/media?parent=8665"}],"wp:term":[{"taxonomy":"category","embeddable":true,"href":"https:\/\/edus.gov.co\/en\/wp-json\/wp\/v2\/categories?post=8665"},{"taxonomy":"post_tag","embeddable":true,"href":"https:\/\/edus.gov.co\/en\/wp-json\/wp\/v2\/tags?post=8665"}],"curies":[{"name":"wp","href":"https:\/\/api.w.org\/{rel}","templated":true}]}}