{"id":8657,"date":"2022-03-28T22:04:00","date_gmt":"2022-03-28T22:04:00","guid":{"rendered":"https:\/\/edus.gov.co\/?p=8657"},"modified":"2022-04-08T22:04:56","modified_gmt":"2022-04-08T22:04:56","slug":"los-samarios-viven-el-cambio-con-el-plan-de-reposicion-de-placas-2","status":"publish","type":"post","link":"https:\/\/edus.gov.co\/en\/los-samarios-viven-el-cambio-con-el-plan-de-reposicion-de-placas-2\/","title":{"rendered":"Los samarios viven el cambio con el Plan de Reposici\u00f3n de Placas"},"content":{"rendered":"<div data-elementor-type=\"wp-post\" data-elementor-id=\"8657\" class=\"elementor elementor-8657\" data-elementor-post-type=\"post\">\n\t\t\t\t\t\t<section class=\"elementor-section elementor-top-section elementor-element elementor-element-687bb192 elementor-section-boxed elementor-section-height-default elementor-section-height-default\" data-id=\"687bb192\" data-element_type=\"section\">\n\t\t\t\t\t\t<div class=\"elementor-container elementor-column-gap-default\">\n\t\t\t\t\t<div class=\"elementor-column elementor-col-100 elementor-top-column elementor-element elementor-element-4f30bfab\" data-id=\"4f30bfab\" data-element_type=\"column\">\n\t\t\t<div class=\"elementor-widget-wrap elementor-element-populated\">\n\t\t\t\t\t\t<div class=\"elementor-element elementor-element-2330fad3 elementor-widget elementor-widget-text-editor\" data-id=\"2330fad3\" data-element_type=\"widget\" data-widget_type=\"text-editor.default\">\n\t\t\t\t<div class=\"elementor-widget-container\">\n\t\t\t\t\t\t\t\t\t<div>Los ciudadanos han notado la renovaci\u00f3n de las calles y avenidas que necesitaban ser intervenidas gracias a la excelente gesti\u00f3n de la alcaldesa Virna Johnson que ha puesto todo su inter\u00e9s para mejorar la movilidad en la Ciudad.<\/div><div>\u00a0<\/div><div>La comunidad empieza a ver los resultados del Plan de Reposici\u00f3n de Placas y el mejoramiento de la movilidad vehicular por las principales v\u00edas del Distrito, que han sido intervenidas para acabar con los huecos que causaban atrasos, accidentes y da\u00f1os de los veh\u00edculos.<\/div><div>\u00a0<\/div><div>Para los usuarios es de gran satisfacci\u00f3n ver como ahora Santa Marta empieza a mostrar mejores v\u00edas; as\u00ed lo confirma Maday Pertuz, propietaria de veh\u00edculo, quien actualmente utiliza una de las calles que ha sido intervenida para llegar a su local comercial.<\/div><div>\u00a0<\/div><div>Esta emprendedora mujer ahora puede transitar con confianza por la carrera 8, entre calles 23 y 26, con la seguridad que ya no va encontrar huecos que eran los causantes que su veh\u00edculo pasara en el taller.<\/div><div>\u201cPara llegar a mi local ten\u00eda que pasar por la carrera 8 entre calles 23 y 26, y nunca me daba tiempo de esquivar el hueco que hab\u00eda ah\u00ed, lo que tra\u00eda consecuencia que mi veh\u00edculo se deterioraba. Despu\u00e9s pude observar como lograron arreglar varias placas de pavimento y el hueco desapareci\u00f3 gracias a la gesti\u00f3n de la Administraci\u00f3n Distrital\u201d, dijo la usuaria que circula con frecuencia por el sector.<\/div><div>\u00a0<\/div><div>En los puntos que ya han sido intervenidos se evidencia el mejoramiento del flujo vehicular. As\u00ed lo sostuvo Santiago Montoya, comerciante de la ciudad.<\/div><div>\u201cLas avenidas son la cara de Santa Marta, es muy bueno que hayan empezado a cambiar las placas porque son unos pavimentos muy viejos, que con el pasar de los a\u00f1os se fueron deteriorando\u201d, indic\u00f3 el comerciante.<\/div><div>\u00a0<\/div><div>Reemplazar las placas por unas nuevas tambi\u00e9n logr\u00f3 bajar los \u00edndices de accidentalidad en las calles samarias, debido a que \u00a0muchos veh\u00edculos, al intentar esquivar el concreto da\u00f1ado, deb\u00edan realizar maniobras peligrosas que provocaban accidentes, dejando como resultado personas lesionadas y da\u00f1os materiales.<\/div><div>\u00a0<\/div><div>El Plan de Reposici\u00f3n de Placas es liderado por la alcaldesa Virna Johnson a trav\u00e9s de la Empresa de Desarrollo Urbano Sostenible de Santa Marta, EDUS y ha mejorado 70 tramos de v\u00eda en el barrio Obrero, en la avenida del Libertador, en la carrera cuarta, la carrera 8, la avenida del R\u00edo, la urbanizaci\u00f3n Riascos, v\u00eda de ingreso al aeropuerto Sim\u00f3n Bol\u00edvar, v\u00eda al Ziruma, barrio Pesca\u00edto y calle 22, entre otros, que equivalen a 6.359 metros cuadrados.<\/div><div>\u00a0<\/div><p>Estas obras de los Gobiernos del Cambio siguen avanzando de acuerdo con los cronogramas establecidos en la avenida del Libertador con carrera 20, en la carrera 22 con calle 18\u00aa y en la carrera cuarta entre calles 22 y 24.<\/p>\t\t\t\t\t\t\t\t<\/div>\n\t\t\t\t<\/div>\n\t\t\t\t\t<\/div>\n\t\t<\/div>\n\t\t\t\t\t<\/div>\n\t\t<\/section>\n\t\t\t\t<section class=\"elementor-section elementor-top-section elementor-element elementor-element-c0d47f5 elementor-section-full_width elementor-section-stretched elementor-section-height-default elementor-section-height-default\" data-id=\"c0d47f5\" data-element_type=\"section\" data-settings=\"{&quot;stretch_section&quot;:&quot;section-stretched&quot;}\">\n\t\t\t\t\t\t\t<div class=\"elementor-background-overlay\"><\/div>\n\t\t\t\t\t\t\t<div class=\"elementor-container elementor-column-gap-default\">\n\t\t\t\t\t<div class=\"elementor-column elementor-col-100 elementor-top-column elementor-element elementor-element-b3f40b9\" data-id=\"b3f40b9\" data-element_type=\"column\">\n\t\t\t<div class=\"elementor-widget-wrap elementor-element-populated\">\n\t\t\t\t\t\t<div class=\"elementor-element elementor-element-939a1e2 elementor-widget elementor-widget-heading\" data-id=\"939a1e2\" data-element_type=\"widget\" data-widget_type=\"heading.default\">\n\t\t\t\t<div class=\"elementor-widget-container\">\n\t\t\t\t\t<h3 class=\"elementor-heading-title elementor-size-default\">\u00daltimas Noticias<\/h3>\t\t\t\t<\/div>\n\t\t\t\t<\/div>\n\t\t\t\t\t<\/div>\n\t\t<\/div>\n\t\t\t\t\t<\/div>\n\t\t<\/section>\n\t\t\t\t<\/div>","protected":false},"excerpt":{"rendered":"<p>Los ciudadanos han notado la renovaci\u00f3n de las calles y avenidas que necesitaban ser intervenidas gracias a la excelente gesti\u00f3n de la alcaldesa Virna Johnson que ha puesto todo su inter\u00e9s para mejorar la movilidad en la Ciudad.&nbsp;La comunidad empieza a ver los resultados del Plan de Reposici\u00f3n de Placas y el mejoramiento de la [&hellip;]<\/p>","protected":false},"author":17,"featured_media":8651,"comment_status":"closed","ping_status":"closed","sticky":false,"template":"","format":"standard","meta":{"site-sidebar-layout":"default","site-content-layout":"","ast-site-content-layout":"default","site-content-style":"default","site-sidebar-style":"default","ast-global-header-display":"","ast-banner-title-visibility":"","ast-main-header-display":"","ast-hfb-above-header-display":"","ast-hfb-below-header-display":"","ast-hfb-mobile-header-display":"","site-post-title":"","ast-breadcrumbs-content":"","ast-featured-img":"","footer-sml-layout":"","ast-disable-related-posts":"","theme-transparent-header-meta":"","adv-header-id-meta":"","stick-header-meta":"","header-above-stick-meta":"","header-main-stick-meta":"","header-below-stick-meta":"","astra-migrate-meta-layouts":"default","ast-page-background-enabled":"default","ast-page-background-meta":{"desktop":{"background-color":"var(--ast-global-color-4)","background-image":"","background-repeat":"repeat","background-position":"center center","background-size":"auto","background-attachment":"scroll","background-type":"","background-media":"","overlay-type":"","overlay-color":"","overlay-opacity":"","overlay-gradient":""},"tablet":{"background-color":"","background-image":"","background-repeat":"repeat","background-position":"center center","background-size":"auto","background-attachment":"scroll","background-type":"","background-media":"","overlay-type":"","overlay-color":"","overlay-opacity":"","overlay-gradient":""},"mobile":{"background-color":"","background-image":"","background-repeat":"repeat","background-position":"center center","background-size":"auto","background-attachment":"scroll","background-type":"","background-media":"","overlay-type":"","overlay-color":"","overlay-opacity":"","overlay-gradient":""}},"ast-content-background-meta":{"desktop":{"background-color":"var(--ast-global-color-5)","background-image":"","background-repeat":"repeat","background-position":"center center","background-size":"auto","background-attachment":"scroll","background-type":"","background-media":"","overlay-type":"","overlay-color":"","overlay-opacity":"","overlay-gradient":""},"tablet":{"background-color":"var(--ast-global-color-5)","background-image":"","background-repeat":"repeat","background-position":"center center","background-size":"auto","background-attachment":"scroll","background-type":"","background-media":"","overlay-type":"","overlay-color":"","overlay-opacity":"","overlay-gradient":""},"mobile":{"background-color":"var(--ast-global-color-5)","background-image":"","background-repeat":"repeat","background-position":"center center","background-size":"auto","background-attachment":"scroll","background-type":"","background-media":"","overlay-type":"","overlay-color":"","overlay-opacity":"","overlay-gradient":""}},"footnotes":""},"categories":[53],"tags":[],"class_list":["post-8657","post","type-post","status-publish","format-standard","has-post-thumbnail","hentry","category-ultimas-noticias"],"_links":{"self":[{"href":"https:\/\/edus.gov.co\/en\/wp-json\/wp\/v2\/posts\/8657","targetHints":{"allow":["GET"]}}],"collection":[{"href":"https:\/\/edus.gov.co\/en\/wp-json\/wp\/v2\/posts"}],"about":[{"href":"https:\/\/edus.gov.co\/en\/wp-json\/wp\/v2\/types\/post"}],"author":[{"embeddable":true,"href":"https:\/\/edus.gov.co\/en\/wp-json\/wp\/v2\/users\/17"}],"replies":[{"embeddable":true,"href":"https:\/\/edus.gov.co\/en\/wp-json\/wp\/v2\/comments?post=8657"}],"version-history":[{"count":1,"href":"https:\/\/edus.gov.co\/en\/wp-json\/wp\/v2\/posts\/8657\/revisions"}],"predecessor-version":[{"id":8683,"href":"https:\/\/edus.gov.co\/en\/wp-json\/wp\/v2\/posts\/8657\/revisions\/8683"}],"wp:featuredmedia":[{"embeddable":true,"href":"https:\/\/edus.gov.co\/en\/wp-json\/wp\/v2\/media\/8651"}],"wp:attachment":[{"href":"https:\/\/edus.gov.co\/en\/wp-json\/wp\/v2\/media?parent=8657"}],"wp:term":[{"taxonomy":"category","embeddable":true,"href":"https:\/\/edus.gov.co\/en\/wp-json\/wp\/v2\/categories?post=8657"},{"taxonomy":"post_tag","embeddable":true,"href":"https:\/\/edus.gov.co\/en\/wp-json\/wp\/v2\/tags?post=8657"}],"curies":[{"name":"wp","href":"https:\/\/api.w.org\/{rel}","templated":true}]}}