{"id":8588,"date":"2022-03-24T14:07:00","date_gmt":"2022-03-24T14:07:00","guid":{"rendered":"https:\/\/edus.gov.co\/?p=8588"},"modified":"2022-03-25T14:09:47","modified_gmt":"2022-03-25T14:09:47","slug":"el-anillo-vial-de-el-pando-obra-que-genera-esperanza-bienestar-y-calidad-de-vida","status":"publish","type":"post","link":"https:\/\/edus.gov.co\/en\/el-anillo-vial-de-el-pando-obra-que-genera-esperanza-bienestar-y-calidad-de-vida\/","title":{"rendered":"El anillo vial de El Pando, obra que genera esperanza, bienestar y calidad de vida"},"content":{"rendered":"<div data-elementor-type=\"wp-post\" data-elementor-id=\"8588\" class=\"elementor elementor-8588\" data-elementor-post-type=\"post\">\n\t\t\t\t\t\t<section class=\"elementor-section elementor-top-section elementor-element elementor-element-687bb192 elementor-section-boxed elementor-section-height-default elementor-section-height-default\" data-id=\"687bb192\" data-element_type=\"section\">\n\t\t\t\t\t\t<div class=\"elementor-container elementor-column-gap-default\">\n\t\t\t\t\t<div class=\"elementor-column elementor-col-100 elementor-top-column elementor-element elementor-element-4f30bfab\" data-id=\"4f30bfab\" data-element_type=\"column\">\n\t\t\t<div class=\"elementor-widget-wrap elementor-element-populated\">\n\t\t\t\t\t\t<div class=\"elementor-element elementor-element-2330fad3 elementor-widget elementor-widget-text-editor\" data-id=\"2330fad3\" data-element_type=\"widget\" data-widget_type=\"text-editor.default\">\n\t\t\t\t<div class=\"elementor-widget-container\">\n\t\t\t\t\t\t\t\t\t<p>Una nueva obra para el beneficio de los samarios entreg\u00f3 la alcaldesa Virna Johnson, quien contin\u00faa trabajando incansablemente en la transformaci\u00f3n de Santa Marta y el mejoramiento de la calidad de vida de sus habitantes.<br \/><br \/>Se trata del anillo vial de El Pando, proyecto contemplado en el Programa Malla Vial que fue ejecutado por la Empresa de Desarrollo y Renovaci\u00f3n Urbano Sostenible de Santa Marta, EDUS.<br \/><br \/>Para el mejoramiento de la movilidad en el sector fueron pavimentados 5.745 metros cuadrados de v\u00eda, instalados1.612 metros lineales de alcantarillado y 2.451 metros lineales de acueducto, que contribuye con las renovaciones de la infraestructura de estos servicios; se ejecutaron tambi\u00e9n obras pluviales que facilitan la evacuaci\u00f3n de las aguas lluvias del sector, evitando las inundaciones y mejora las condiciones de vida de los habitantes de esta zona del Distrito.<br \/><br \/>Tambi\u00e9n se recuperaron 5.453 metros cuadrados de espacio p\u00fablico, se instalaron 2.464 losetas podot\u00e1ctiles y adoquinados que incluyen rampas de acceso y la adecuaci\u00f3n del espacio p\u00fablico para personas con movilidad reducida, lo que la hace una obra inclusiva.<br \/><br \/>\u201cEsta es una obra que demuestra que el cambio no se ha detenido, que cada vez que concertamos con la comunidad avanzamos con \u00e9xito en la entrega de obras importantes como el anillo vial de El Pando. Es de mucho agrado y emoci\u00f3n poder entregar a la comunidad un anillo vial\u201d, indic\u00f3 la alcaldesa Virna Johnson.<br \/><br \/>Asegur\u00f3 adem\u00e1s que todos los programas, proyectos y planes van orientados siempre al ejercicio de un Gobierno que tiene como objetivo impactar en la calidad de vida de los samarios que no ten\u00edan oportunidades. \u201cObras como estas generan esperanza, calidad de vida, generan adem\u00e1s bienestar para la gente, por lo que nosotros trabajamos\u201d, expres\u00f3 la mandataria distrital.<br \/><br \/>El nuevo anillo vial fue recibido con alegr\u00eda por la comunidad del sector, quienes manifestaron su satisfacci\u00f3n por la entrega de esta obra que mejorara la calidad de vida de los habitantes de este barrio ubicado en el sur de la ciudad.<br \/><br \/>\u201cEstamos agradecidos con las obras que adelantan los Gobiernos del Cambio, en especial del anillo vial que ha sido de gran beneficio para la comunidad de El Pando, sufr\u00edamos mucho de derramamiento de aguas residuales\u201d, indic\u00f3 Rafael Guerrero Maldonado, presidente de la Junta de Acci\u00f3n Comunal de El Pando.<br \/><br \/>El l\u00edder comunal tambi\u00e9n destac\u00f3 que fue solucionado el problema de inundaciones, el cual padec\u00edan durante la temporada de invierno en este sector sur de Santa Marta.<br \/><br \/>Los Gobiernos del Cambio destacan su labor por traer el progreso a la ciudad y eso se ve reflejado en cada una de las obras han ejecutado durante sus mandatos.<\/p>\n<div>\u00a0<\/div>\t\t\t\t\t\t\t\t<\/div>\n\t\t\t\t<\/div>\n\t\t\t\t\t<\/div>\n\t\t<\/div>\n\t\t\t\t\t<\/div>\n\t\t<\/section>\n\t\t\t\t<section class=\"elementor-section elementor-top-section elementor-element elementor-element-c0d47f5 elementor-section-full_width elementor-section-stretched elementor-section-height-default elementor-section-height-default\" data-id=\"c0d47f5\" data-element_type=\"section\" data-settings=\"{&quot;stretch_section&quot;:&quot;section-stretched&quot;}\">\n\t\t\t\t\t\t\t<div class=\"elementor-background-overlay\"><\/div>\n\t\t\t\t\t\t\t<div class=\"elementor-container elementor-column-gap-default\">\n\t\t\t\t\t<div class=\"elementor-column elementor-col-100 elementor-top-column elementor-element elementor-element-b3f40b9\" data-id=\"b3f40b9\" data-element_type=\"column\">\n\t\t\t<div class=\"elementor-widget-wrap elementor-element-populated\">\n\t\t\t\t\t\t<div class=\"elementor-element elementor-element-939a1e2 elementor-widget elementor-widget-heading\" data-id=\"939a1e2\" data-element_type=\"widget\" data-widget_type=\"heading.default\">\n\t\t\t\t<div class=\"elementor-widget-container\">\n\t\t\t\t\t<h3 class=\"elementor-heading-title elementor-size-default\">\u00daltimas Noticias<\/h3>\t\t\t\t<\/div>\n\t\t\t\t<\/div>\n\t\t\t\t\t<\/div>\n\t\t<\/div>\n\t\t\t\t\t<\/div>\n\t\t<\/section>\n\t\t\t\t<\/div>","protected":false},"excerpt":{"rendered":"<p>Una nueva obra para el beneficio de los samarios entreg\u00f3 la alcaldesa Virna Johnson, quien contin\u00faa trabajando incansablemente en la transformaci\u00f3n de Santa Marta y el mejoramiento de la calidad de vida de sus habitantes. Se trata del anillo vial de El Pando, proyecto contemplado en el Programa Malla Vial que fue ejecutado por la [&hellip;]<\/p>","protected":false},"author":17,"featured_media":8589,"comment_status":"closed","ping_status":"closed","sticky":false,"template":"","format":"standard","meta":{"site-sidebar-layout":"default","site-content-layout":"","ast-site-content-layout":"default","site-content-style":"default","site-sidebar-style":"default","ast-global-header-display":"","ast-banner-title-visibility":"","ast-main-header-display":"","ast-hfb-above-header-display":"","ast-hfb-below-header-display":"","ast-hfb-mobile-header-display":"","site-post-title":"","ast-breadcrumbs-content":"","ast-featured-img":"","footer-sml-layout":"","ast-disable-related-posts":"","theme-transparent-header-meta":"","adv-header-id-meta":"","stick-header-meta":"","header-above-stick-meta":"","header-main-stick-meta":"","header-below-stick-meta":"","astra-migrate-meta-layouts":"default","ast-page-background-enabled":"default","ast-page-background-meta":{"desktop":{"background-color":"var(--ast-global-color-4)","background-image":"","background-repeat":"repeat","background-position":"center center","background-size":"auto","background-attachment":"scroll","background-type":"","background-media":"","overlay-type":"","overlay-color":"","overlay-opacity":"","overlay-gradient":""},"tablet":{"background-color":"","background-image":"","background-repeat":"repeat","background-position":"center center","background-size":"auto","background-attachment":"scroll","background-type":"","background-media":"","overlay-type":"","overlay-color":"","overlay-opacity":"","overlay-gradient":""},"mobile":{"background-color":"","background-image":"","background-repeat":"repeat","background-position":"center center","background-size":"auto","background-attachment":"scroll","background-type":"","background-media":"","overlay-type":"","overlay-color":"","overlay-opacity":"","overlay-gradient":""}},"ast-content-background-meta":{"desktop":{"background-color":"var(--ast-global-color-5)","background-image":"","background-repeat":"repeat","background-position":"center center","background-size":"auto","background-attachment":"scroll","background-type":"","background-media":"","overlay-type":"","overlay-color":"","overlay-opacity":"","overlay-gradient":""},"tablet":{"background-color":"var(--ast-global-color-5)","background-image":"","background-repeat":"repeat","background-position":"center center","background-size":"auto","background-attachment":"scroll","background-type":"","background-media":"","overlay-type":"","overlay-color":"","overlay-opacity":"","overlay-gradient":""},"mobile":{"background-color":"var(--ast-global-color-5)","background-image":"","background-repeat":"repeat","background-position":"center center","background-size":"auto","background-attachment":"scroll","background-type":"","background-media":"","overlay-type":"","overlay-color":"","overlay-opacity":"","overlay-gradient":""}},"footnotes":""},"categories":[53],"tags":[],"class_list":["post-8588","post","type-post","status-publish","format-standard","has-post-thumbnail","hentry","category-ultimas-noticias"],"_links":{"self":[{"href":"https:\/\/edus.gov.co\/en\/wp-json\/wp\/v2\/posts\/8588","targetHints":{"allow":["GET"]}}],"collection":[{"href":"https:\/\/edus.gov.co\/en\/wp-json\/wp\/v2\/posts"}],"about":[{"href":"https:\/\/edus.gov.co\/en\/wp-json\/wp\/v2\/types\/post"}],"author":[{"embeddable":true,"href":"https:\/\/edus.gov.co\/en\/wp-json\/wp\/v2\/users\/17"}],"replies":[{"embeddable":true,"href":"https:\/\/edus.gov.co\/en\/wp-json\/wp\/v2\/comments?post=8588"}],"version-history":[{"count":5,"href":"https:\/\/edus.gov.co\/en\/wp-json\/wp\/v2\/posts\/8588\/revisions"}],"predecessor-version":[{"id":8594,"href":"https:\/\/edus.gov.co\/en\/wp-json\/wp\/v2\/posts\/8588\/revisions\/8594"}],"wp:featuredmedia":[{"embeddable":true,"href":"https:\/\/edus.gov.co\/en\/wp-json\/wp\/v2\/media\/8589"}],"wp:attachment":[{"href":"https:\/\/edus.gov.co\/en\/wp-json\/wp\/v2\/media?parent=8588"}],"wp:term":[{"taxonomy":"category","embeddable":true,"href":"https:\/\/edus.gov.co\/en\/wp-json\/wp\/v2\/categories?post=8588"},{"taxonomy":"post_tag","embeddable":true,"href":"https:\/\/edus.gov.co\/en\/wp-json\/wp\/v2\/tags?post=8588"}],"curies":[{"name":"wp","href":"https:\/\/api.w.org\/{rel}","templated":true}]}}