{"id":8571,"date":"2022-03-16T16:27:00","date_gmt":"2022-03-16T16:27:00","guid":{"rendered":"https:\/\/edus.gov.co\/?p=8571"},"modified":"2022-03-21T16:29:25","modified_gmt":"2022-03-21T16:29:25","slug":"edus-realiza-supervision-permanente-a-las-obras-de-malla-vial-y-mi-calle-2","status":"publish","type":"post","link":"https:\/\/edus.gov.co\/en\/edus-realiza-supervision-permanente-a-las-obras-de-malla-vial-y-mi-calle-2\/","title":{"rendered":"EDUS realiza supervisi\u00f3n permanente a las obras de Malla Vial y Mi Calle"},"content":{"rendered":"<div data-elementor-type=\"wp-post\" data-elementor-id=\"8571\" class=\"elementor elementor-8571\" data-elementor-post-type=\"post\">\n\t\t\t\t\t\t<section class=\"elementor-section elementor-top-section elementor-element elementor-element-687bb192 elementor-section-boxed elementor-section-height-default elementor-section-height-default\" data-id=\"687bb192\" data-element_type=\"section\">\n\t\t\t\t\t\t<div class=\"elementor-container elementor-column-gap-default\">\n\t\t\t\t\t<div class=\"elementor-column elementor-col-100 elementor-top-column elementor-element elementor-element-4f30bfab\" data-id=\"4f30bfab\" data-element_type=\"column\">\n\t\t\t<div class=\"elementor-widget-wrap elementor-element-populated\">\n\t\t\t\t\t\t<div class=\"elementor-element elementor-element-2330fad3 elementor-widget elementor-widget-text-editor\" data-id=\"2330fad3\" data-element_type=\"widget\" data-widget_type=\"text-editor.default\">\n\t\t\t\t<div class=\"elementor-widget-container\">\n\t\t\t\t\t\t\t\t\t<p>Por directrices de la alcaldesa Virna Johnson, se realiz\u00f3 supervisi\u00f3n a las obras que se adelantan en varios puntos de la ciudad correspondiente a los programas Mi Calle y Malla Vial.\u00a0<\/p><p>Las visitas estuvieron lideradas por el gerente de la Empresa Distrital de Desarrollo y Renovaci\u00f3n Urbano Sostenible de Santa Marta, el ingeniero Orlando Jos\u00e9 V\u00e9lez Fern\u00e1ndez, quien con su equipo de trabajo inspeccion\u00f3 que las acciones se adelanten de acuerdo con los compromisos pactados con el contratista y la interventor\u00eda.\u00a0<\/p><p>El equipo de la EDUS visit\u00f3 la calle 14 de Gaira y el segundo tramo de la carrera 19, proyectos comprendidos en el programa Malla Vial; de igual manera, recorri\u00f3 la v\u00eda principal del barrio Los Laureles con el programa Mi Calle.\u00a0<\/p><p>Estas obras hacen parte de la transformaci\u00f3n de Santa Marta, contemplados en el Plan de Desarrollo Santa Marta Coraz\u00f3n del Cambio, que comprende el mejoramiento de las v\u00edas, redes de acueducto y recuperaci\u00f3n de espacio p\u00fablico. \u00a0<\/p><p>Los Gobiernos del Cambio se han destacado por dignificar la vida de los samarios. Los proyectos Malla Vial y Mi Calle son claro ejemplo del desarrollo y la renovaci\u00f3n urbana de la ciudad con obras modernas, sostenibles e incluyentes para el bienestar de sus habitantes, demostrando que el cambio es imparable rumbo a los 500 a\u00f1os.<u>\u00a0<\/u><\/p>\t\t\t\t\t\t\t\t<\/div>\n\t\t\t\t<\/div>\n\t\t\t\t\t<\/div>\n\t\t<\/div>\n\t\t\t\t\t<\/div>\n\t\t<\/section>\n\t\t\t\t<section class=\"elementor-section elementor-top-section elementor-element elementor-element-c0d47f5 elementor-section-full_width elementor-section-stretched elementor-section-height-default elementor-section-height-default\" data-id=\"c0d47f5\" data-element_type=\"section\" data-settings=\"{&quot;stretch_section&quot;:&quot;section-stretched&quot;}\">\n\t\t\t\t\t\t\t<div class=\"elementor-background-overlay\"><\/div>\n\t\t\t\t\t\t\t<div class=\"elementor-container elementor-column-gap-default\">\n\t\t\t\t\t<div class=\"elementor-column elementor-col-100 elementor-top-column elementor-element elementor-element-b3f40b9\" data-id=\"b3f40b9\" data-element_type=\"column\">\n\t\t\t<div class=\"elementor-widget-wrap elementor-element-populated\">\n\t\t\t\t\t\t<div class=\"elementor-element elementor-element-939a1e2 elementor-widget elementor-widget-heading\" data-id=\"939a1e2\" data-element_type=\"widget\" data-widget_type=\"heading.default\">\n\t\t\t\t<div class=\"elementor-widget-container\">\n\t\t\t\t\t<h3 class=\"elementor-heading-title elementor-size-default\">\u00daltimas Noticias<\/h3>\t\t\t\t<\/div>\n\t\t\t\t<\/div>\n\t\t\t\t\t<\/div>\n\t\t<\/div>\n\t\t\t\t\t<\/div>\n\t\t<\/section>\n\t\t\t\t<\/div>","protected":false},"excerpt":{"rendered":"<p>Por directrices de la alcaldesa Virna Johnson, se realiz\u00f3 supervisi\u00f3n a las obras que se adelantan en varios puntos de la ciudad correspondiente a los programas Mi Calle y Malla Vial.&nbsp; Las visitas estuvieron lideradas por el gerente de la Empresa Distrital de Desarrollo y Renovaci\u00f3n Urbano Sostenible de Santa Marta, el ingeniero Orlando Jos\u00e9 [&hellip;]<\/p>","protected":false},"author":17,"featured_media":8572,"comment_status":"closed","ping_status":"closed","sticky":false,"template":"","format":"standard","meta":{"site-sidebar-layout":"default","site-content-layout":"","ast-site-content-layout":"default","site-content-style":"default","site-sidebar-style":"default","ast-global-header-display":"","ast-banner-title-visibility":"","ast-main-header-display":"","ast-hfb-above-header-display":"","ast-hfb-below-header-display":"","ast-hfb-mobile-header-display":"","site-post-title":"","ast-breadcrumbs-content":"","ast-featured-img":"","footer-sml-layout":"","ast-disable-related-posts":"","theme-transparent-header-meta":"","adv-header-id-meta":"","stick-header-meta":"","header-above-stick-meta":"","header-main-stick-meta":"","header-below-stick-meta":"","astra-migrate-meta-layouts":"default","ast-page-background-enabled":"default","ast-page-background-meta":{"desktop":{"background-color":"var(--ast-global-color-4)","background-image":"","background-repeat":"repeat","background-position":"center center","background-size":"auto","background-attachment":"scroll","background-type":"","background-media":"","overlay-type":"","overlay-color":"","overlay-opacity":"","overlay-gradient":""},"tablet":{"background-color":"","background-image":"","background-repeat":"repeat","background-position":"center center","background-size":"auto","background-attachment":"scroll","background-type":"","background-media":"","overlay-type":"","overlay-color":"","overlay-opacity":"","overlay-gradient":""},"mobile":{"background-color":"","background-image":"","background-repeat":"repeat","background-position":"center center","background-size":"auto","background-attachment":"scroll","background-type":"","background-media":"","overlay-type":"","overlay-color":"","overlay-opacity":"","overlay-gradient":""}},"ast-content-background-meta":{"desktop":{"background-color":"var(--ast-global-color-5)","background-image":"","background-repeat":"repeat","background-position":"center center","background-size":"auto","background-attachment":"scroll","background-type":"","background-media":"","overlay-type":"","overlay-color":"","overlay-opacity":"","overlay-gradient":""},"tablet":{"background-color":"var(--ast-global-color-5)","background-image":"","background-repeat":"repeat","background-position":"center center","background-size":"auto","background-attachment":"scroll","background-type":"","background-media":"","overlay-type":"","overlay-color":"","overlay-opacity":"","overlay-gradient":""},"mobile":{"background-color":"var(--ast-global-color-5)","background-image":"","background-repeat":"repeat","background-position":"center center","background-size":"auto","background-attachment":"scroll","background-type":"","background-media":"","overlay-type":"","overlay-color":"","overlay-opacity":"","overlay-gradient":""}},"footnotes":""},"categories":[53],"tags":[],"class_list":["post-8571","post","type-post","status-publish","format-standard","has-post-thumbnail","hentry","category-ultimas-noticias"],"_links":{"self":[{"href":"https:\/\/edus.gov.co\/en\/wp-json\/wp\/v2\/posts\/8571","targetHints":{"allow":["GET"]}}],"collection":[{"href":"https:\/\/edus.gov.co\/en\/wp-json\/wp\/v2\/posts"}],"about":[{"href":"https:\/\/edus.gov.co\/en\/wp-json\/wp\/v2\/types\/post"}],"author":[{"embeddable":true,"href":"https:\/\/edus.gov.co\/en\/wp-json\/wp\/v2\/users\/17"}],"replies":[{"embeddable":true,"href":"https:\/\/edus.gov.co\/en\/wp-json\/wp\/v2\/comments?post=8571"}],"version-history":[{"count":5,"href":"https:\/\/edus.gov.co\/en\/wp-json\/wp\/v2\/posts\/8571\/revisions"}],"predecessor-version":[{"id":8577,"href":"https:\/\/edus.gov.co\/en\/wp-json\/wp\/v2\/posts\/8571\/revisions\/8577"}],"wp:featuredmedia":[{"embeddable":true,"href":"https:\/\/edus.gov.co\/en\/wp-json\/wp\/v2\/media\/8572"}],"wp:attachment":[{"href":"https:\/\/edus.gov.co\/en\/wp-json\/wp\/v2\/media?parent=8571"}],"wp:term":[{"taxonomy":"category","embeddable":true,"href":"https:\/\/edus.gov.co\/en\/wp-json\/wp\/v2\/categories?post=8571"},{"taxonomy":"post_tag","embeddable":true,"href":"https:\/\/edus.gov.co\/en\/wp-json\/wp\/v2\/tags?post=8571"}],"curies":[{"name":"wp","href":"https:\/\/api.w.org\/{rel}","templated":true}]}}