{"id":8564,"date":"2022-03-17T16:21:00","date_gmt":"2022-03-17T16:21:00","guid":{"rendered":"https:\/\/edus.gov.co\/?p=8564"},"modified":"2022-03-21T16:25:52","modified_gmt":"2022-03-21T16:25:52","slug":"edus-realiza-socializaciones-con-lideres-de-boulevard-de-las-rosas","status":"publish","type":"post","link":"https:\/\/edus.gov.co\/en\/edus-realiza-socializaciones-con-lideres-de-boulevard-de-las-rosas\/","title":{"rendered":"EDUS realiza socializaciones con l\u00edderes de Boulevard de las Rosas"},"content":{"rendered":"<div data-elementor-type=\"wp-post\" data-elementor-id=\"8564\" class=\"elementor elementor-8564\" data-elementor-post-type=\"post\">\n\t\t\t\t\t\t<section class=\"elementor-section elementor-top-section elementor-element elementor-element-687bb192 elementor-section-boxed elementor-section-height-default elementor-section-height-default\" data-id=\"687bb192\" data-element_type=\"section\">\n\t\t\t\t\t\t<div class=\"elementor-container elementor-column-gap-default\">\n\t\t\t\t\t<div class=\"elementor-column elementor-col-100 elementor-top-column elementor-element elementor-element-4f30bfab\" data-id=\"4f30bfab\" data-element_type=\"column\">\n\t\t\t<div class=\"elementor-widget-wrap elementor-element-populated\">\n\t\t\t\t\t\t<div class=\"elementor-element elementor-element-2330fad3 elementor-widget elementor-widget-text-editor\" data-id=\"2330fad3\" data-element_type=\"widget\" data-widget_type=\"text-editor.default\">\n\t\t\t\t<div class=\"elementor-widget-container\">\n\t\t\t\t\t\t\t\t\t<p><i>Las reuniones tambi\u00e9n se adelantar\u00e1n en los pr\u00f3ximos d\u00edas con los moradores del barrio Los Faroles.<u><\/u>\u00a0<u><\/u><\/i><\/p><p>La Alcald\u00eda Distrital, a trav\u00e9s del equipo de la Empresa de Desarrollo y Renovaci\u00f3n Urbano Sostenible, EDUS, realiz\u00f3 en el barrio Boulevard de las Rosas, la socializaci\u00f3n de las obras relacionadas al Proyecto\u00a0de Recuperaci\u00f3n de la V\u00eda Principal de Boulevard De Las Rosas \u2013 Faroles.<u><\/u>\u00a0<u><\/u><\/p><p>En dicha reuni\u00f3n participaron los l\u00edderes del mencionado barrio, al igual que los integrantes del Comit\u00e9 de Obra, quienes presentaron sus inquietudes acerca de las acciones que se encuentran actualmente en ejecuci\u00f3n.<u><\/u>\u00a0<u><\/u><\/p><p>La EDUS y la empresa contratista aclararon dudas sobre el progreso de la obra, las afectaciones que puedan tener las viviendas con la entrada de la maquinaria pesada y explicar la importancia que conlleva realizar de manera oportuna las actas de vecindad.<u><\/u>\u00a0<u><\/u><\/p><p>En los pr\u00f3ximos d\u00edas se adelantar\u00e1n las socializaciones en el barrio Los Faroles, cuyos habitantes tambi\u00e9n son beneficiados con este importante proyecto de transformaci\u00f3n y dignificaci\u00f3n de los barrios.<u><\/u>\u00a0<u><\/u><\/p><p>Este proyecto de mejoramiento de la v\u00eda se encuentra contemplado en el programa Mi Calle que tiene por objetivo la transformaci\u00f3n urban\u00edstica y la renovaci\u00f3n de la malla vial de Santa Marta, en aquellos barrios que no cuentan con pavimentaci\u00f3n.<u><\/u>\u00a0<u><\/u><\/p><p>El mejoramiento de la v\u00eda permitir\u00e1 la dignificaci\u00f3n de los residentes de dichos barrios, la valorizaci\u00f3n de sus viviendas, mejor circulaci\u00f3n vehicular y en temporada invernal se garantizar\u00e1 el f\u00e1cil acceso al sector.\u00a0<u><\/u>\u00a0<u><\/u><\/p><p>Las socializaciones son realizadas en los barrios en donde se adelantan obras bien sea de Malla Vial o Mi Calle, con la finalidad de informar a la comunidad cualquier novedad o acontecimiento que se presente.<\/p>\t\t\t\t\t\t\t\t<\/div>\n\t\t\t\t<\/div>\n\t\t\t\t\t<\/div>\n\t\t<\/div>\n\t\t\t\t\t<\/div>\n\t\t<\/section>\n\t\t\t\t<section class=\"elementor-section elementor-top-section elementor-element elementor-element-c0d47f5 elementor-section-full_width elementor-section-stretched elementor-section-height-default elementor-section-height-default\" data-id=\"c0d47f5\" data-element_type=\"section\" data-settings=\"{&quot;stretch_section&quot;:&quot;section-stretched&quot;}\">\n\t\t\t\t\t\t\t<div class=\"elementor-background-overlay\"><\/div>\n\t\t\t\t\t\t\t<div class=\"elementor-container elementor-column-gap-default\">\n\t\t\t\t\t<div class=\"elementor-column elementor-col-100 elementor-top-column elementor-element elementor-element-b3f40b9\" data-id=\"b3f40b9\" data-element_type=\"column\">\n\t\t\t<div class=\"elementor-widget-wrap elementor-element-populated\">\n\t\t\t\t\t\t<div class=\"elementor-element elementor-element-939a1e2 elementor-widget elementor-widget-heading\" data-id=\"939a1e2\" data-element_type=\"widget\" data-widget_type=\"heading.default\">\n\t\t\t\t<div class=\"elementor-widget-container\">\n\t\t\t\t\t<h3 class=\"elementor-heading-title elementor-size-default\">\u00daltimas Noticias<\/h3>\t\t\t\t<\/div>\n\t\t\t\t<\/div>\n\t\t\t\t\t<\/div>\n\t\t<\/div>\n\t\t\t\t\t<\/div>\n\t\t<\/section>\n\t\t\t\t<\/div>","protected":false},"excerpt":{"rendered":"<p>Las reuniones tambi\u00e9n se adelantar\u00e1n en los pr\u00f3ximos d\u00edas con los moradores del barrio Los Faroles.&nbsp; La Alcald\u00eda Distrital, a trav\u00e9s del equipo de la Empresa de Desarrollo y Renovaci\u00f3n Urbano Sostenible, EDUS, realiz\u00f3 en el barrio Boulevard de las Rosas, la socializaci\u00f3n de las obras relacionadas al Proyecto&nbsp;de Recuperaci\u00f3n de la V\u00eda Principal de [&hellip;]<\/p>","protected":false},"author":17,"featured_media":8565,"comment_status":"closed","ping_status":"closed","sticky":false,"template":"","format":"standard","meta":{"site-sidebar-layout":"default","site-content-layout":"","ast-site-content-layout":"default","site-content-style":"default","site-sidebar-style":"default","ast-global-header-display":"","ast-banner-title-visibility":"","ast-main-header-display":"","ast-hfb-above-header-display":"","ast-hfb-below-header-display":"","ast-hfb-mobile-header-display":"","site-post-title":"","ast-breadcrumbs-content":"","ast-featured-img":"","footer-sml-layout":"","ast-disable-related-posts":"","theme-transparent-header-meta":"","adv-header-id-meta":"","stick-header-meta":"","header-above-stick-meta":"","header-main-stick-meta":"","header-below-stick-meta":"","astra-migrate-meta-layouts":"default","ast-page-background-enabled":"default","ast-page-background-meta":{"desktop":{"background-color":"var(--ast-global-color-4)","background-image":"","background-repeat":"repeat","background-position":"center center","background-size":"auto","background-attachment":"scroll","background-type":"","background-media":"","overlay-type":"","overlay-color":"","overlay-opacity":"","overlay-gradient":""},"tablet":{"background-color":"","background-image":"","background-repeat":"repeat","background-position":"center center","background-size":"auto","background-attachment":"scroll","background-type":"","background-media":"","overlay-type":"","overlay-color":"","overlay-opacity":"","overlay-gradient":""},"mobile":{"background-color":"","background-image":"","background-repeat":"repeat","background-position":"center center","background-size":"auto","background-attachment":"scroll","background-type":"","background-media":"","overlay-type":"","overlay-color":"","overlay-opacity":"","overlay-gradient":""}},"ast-content-background-meta":{"desktop":{"background-color":"var(--ast-global-color-5)","background-image":"","background-repeat":"repeat","background-position":"center center","background-size":"auto","background-attachment":"scroll","background-type":"","background-media":"","overlay-type":"","overlay-color":"","overlay-opacity":"","overlay-gradient":""},"tablet":{"background-color":"var(--ast-global-color-5)","background-image":"","background-repeat":"repeat","background-position":"center center","background-size":"auto","background-attachment":"scroll","background-type":"","background-media":"","overlay-type":"","overlay-color":"","overlay-opacity":"","overlay-gradient":""},"mobile":{"background-color":"var(--ast-global-color-5)","background-image":"","background-repeat":"repeat","background-position":"center center","background-size":"auto","background-attachment":"scroll","background-type":"","background-media":"","overlay-type":"","overlay-color":"","overlay-opacity":"","overlay-gradient":""}},"footnotes":""},"categories":[53],"tags":[],"class_list":["post-8564","post","type-post","status-publish","format-standard","has-post-thumbnail","hentry","category-ultimas-noticias"],"_links":{"self":[{"href":"https:\/\/edus.gov.co\/en\/wp-json\/wp\/v2\/posts\/8564","targetHints":{"allow":["GET"]}}],"collection":[{"href":"https:\/\/edus.gov.co\/en\/wp-json\/wp\/v2\/posts"}],"about":[{"href":"https:\/\/edus.gov.co\/en\/wp-json\/wp\/v2\/types\/post"}],"author":[{"embeddable":true,"href":"https:\/\/edus.gov.co\/en\/wp-json\/wp\/v2\/users\/17"}],"replies":[{"embeddable":true,"href":"https:\/\/edus.gov.co\/en\/wp-json\/wp\/v2\/comments?post=8564"}],"version-history":[{"count":5,"href":"https:\/\/edus.gov.co\/en\/wp-json\/wp\/v2\/posts\/8564\/revisions"}],"predecessor-version":[{"id":8570,"href":"https:\/\/edus.gov.co\/en\/wp-json\/wp\/v2\/posts\/8564\/revisions\/8570"}],"wp:featuredmedia":[{"embeddable":true,"href":"https:\/\/edus.gov.co\/en\/wp-json\/wp\/v2\/media\/8565"}],"wp:attachment":[{"href":"https:\/\/edus.gov.co\/en\/wp-json\/wp\/v2\/media?parent=8564"}],"wp:term":[{"taxonomy":"category","embeddable":true,"href":"https:\/\/edus.gov.co\/en\/wp-json\/wp\/v2\/categories?post=8564"},{"taxonomy":"post_tag","embeddable":true,"href":"https:\/\/edus.gov.co\/en\/wp-json\/wp\/v2\/tags?post=8564"}],"curies":[{"name":"wp","href":"https:\/\/api.w.org\/{rel}","templated":true}]}}