{"id":8534,"date":"2022-03-01T14:15:00","date_gmt":"2022-03-01T14:15:00","guid":{"rendered":"https:\/\/edus.gov.co\/?p=8534"},"modified":"2022-03-02T14:16:54","modified_gmt":"2022-03-02T14:16:54","slug":"alcaldesa-virna-johnson-iniciara-obra-de-pavimentacion-en-boulevard-de-las-rosas%ef%bf%bc","status":"publish","type":"post","link":"https:\/\/edus.gov.co\/en\/alcaldesa-virna-johnson-iniciara-obra-de-pavimentacion-en-boulevard-de-las-rosas%ef%bf%bc\/","title":{"rendered":"Alcaldesa Virna Johnson iniciar\u00e1 obra de pavimentaci\u00f3n en Boulevard de las Rosas\ufffc\u00a0"},"content":{"rendered":"<div data-elementor-type=\"wp-post\" data-elementor-id=\"8534\" class=\"elementor elementor-8534\" data-elementor-post-type=\"post\">\n\t\t\t\t\t\t<section class=\"elementor-section elementor-top-section elementor-element elementor-element-687bb192 elementor-section-boxed elementor-section-height-default elementor-section-height-default\" data-id=\"687bb192\" data-element_type=\"section\">\n\t\t\t\t\t\t<div class=\"elementor-container elementor-column-gap-default\">\n\t\t\t\t\t<div class=\"elementor-column elementor-col-100 elementor-top-column elementor-element elementor-element-4f30bfab\" data-id=\"4f30bfab\" data-element_type=\"column\">\n\t\t\t<div class=\"elementor-widget-wrap elementor-element-populated\">\n\t\t\t\t\t\t<div class=\"elementor-element elementor-element-2330fad3 elementor-widget elementor-widget-text-editor\" data-id=\"2330fad3\" data-element_type=\"widget\" data-widget_type=\"text-editor.default\">\n\t\t\t\t<div class=\"elementor-widget-container\">\n\t\t\t\t\t\t\t\t\t<p style=\"font-weight: 400;\">La transformaci\u00f3n y dignificaci\u00f3n de los barrios en Santa Marta contin\u00faa imparable. Por esta raz\u00f3n, este 2 de marzo, la alcaldesa Virna Johnson, a trav\u00e9s de la Empresa Distrital de Desarrollo Urbano Sostenible, dar\u00e1 inicio a la obra de pavimentaci\u00f3n de Cr 21A1 con\u00a0calle 29H y carrera 19, que comprende el tramo que conecta a la carrera 19\u00a0con la v\u00eda de ingreso a la Universidad del Magdalena.\u00a0<\/p><p style=\"font-weight: 400;\">Este proyecto hace parte del Programa \u2018Mi Calle\u2019 que beneficiar\u00e1 a los habitantes de los barrios Boulevard de las Rosas y Los Faroles, con la intervenci\u00f3n de 2.899 metros cuadrados de pavimentaci\u00f3n y 1.286 metros lineales de espacio p\u00fablico.\u00a0<\/p><p style=\"font-weight: 400;\">Los Gobiernos del Cambio contin\u00faan trabajando por el mejoramiento de la movilidad y recuperaci\u00f3n de los espacios p\u00fablicos que se inici\u00f3 en la administraci\u00f3n del actual gobernador Carlos Caicedo y contin\u00faa con la alcaldesa Virna Johnson.\u00a0<\/p>\t\t\t\t\t\t\t\t<\/div>\n\t\t\t\t<\/div>\n\t\t\t\t\t<\/div>\n\t\t<\/div>\n\t\t\t\t\t<\/div>\n\t\t<\/section>\n\t\t\t\t<section class=\"elementor-section elementor-top-section elementor-element elementor-element-c0d47f5 elementor-section-full_width elementor-section-stretched elementor-section-height-default elementor-section-height-default\" data-id=\"c0d47f5\" data-element_type=\"section\" data-settings=\"{&quot;stretch_section&quot;:&quot;section-stretched&quot;}\">\n\t\t\t\t\t\t\t<div class=\"elementor-background-overlay\"><\/div>\n\t\t\t\t\t\t\t<div class=\"elementor-container elementor-column-gap-default\">\n\t\t\t\t\t<div class=\"elementor-column elementor-col-100 elementor-top-column elementor-element elementor-element-b3f40b9\" data-id=\"b3f40b9\" data-element_type=\"column\">\n\t\t\t<div class=\"elementor-widget-wrap elementor-element-populated\">\n\t\t\t\t\t\t<div class=\"elementor-element elementor-element-939a1e2 elementor-widget elementor-widget-heading\" data-id=\"939a1e2\" data-element_type=\"widget\" data-widget_type=\"heading.default\">\n\t\t\t\t<div class=\"elementor-widget-container\">\n\t\t\t\t\t<h3 class=\"elementor-heading-title elementor-size-default\">\u00daltimas Noticias<\/h3>\t\t\t\t<\/div>\n\t\t\t\t<\/div>\n\t\t\t\t\t<\/div>\n\t\t<\/div>\n\t\t\t\t\t<\/div>\n\t\t<\/section>\n\t\t\t\t<\/div>","protected":false},"excerpt":{"rendered":"<p>La transformaci\u00f3n y dignificaci\u00f3n de los barrios en Santa Marta contin\u00faa imparable. Por esta raz\u00f3n, este 2 de marzo, la alcaldesa Virna Johnson, a trav\u00e9s de la Empresa Distrital de Desarrollo Urbano Sostenible, dar\u00e1 inicio a la obra de pavimentaci\u00f3n de Cr 21A1 con&nbsp;calle 29H y carrera 19, que comprende el tramo que conecta a [&hellip;]<\/p>","protected":false},"author":17,"featured_media":8535,"comment_status":"closed","ping_status":"closed","sticky":false,"template":"","format":"standard","meta":{"site-sidebar-layout":"default","site-content-layout":"","ast-site-content-layout":"default","site-content-style":"default","site-sidebar-style":"default","ast-global-header-display":"","ast-banner-title-visibility":"","ast-main-header-display":"","ast-hfb-above-header-display":"","ast-hfb-below-header-display":"","ast-hfb-mobile-header-display":"","site-post-title":"","ast-breadcrumbs-content":"","ast-featured-img":"","footer-sml-layout":"","ast-disable-related-posts":"","theme-transparent-header-meta":"","adv-header-id-meta":"","stick-header-meta":"","header-above-stick-meta":"","header-main-stick-meta":"","header-below-stick-meta":"","astra-migrate-meta-layouts":"default","ast-page-background-enabled":"default","ast-page-background-meta":{"desktop":{"background-color":"var(--ast-global-color-4)","background-image":"","background-repeat":"repeat","background-position":"center center","background-size":"auto","background-attachment":"scroll","background-type":"","background-media":"","overlay-type":"","overlay-color":"","overlay-opacity":"","overlay-gradient":""},"tablet":{"background-color":"","background-image":"","background-repeat":"repeat","background-position":"center center","background-size":"auto","background-attachment":"scroll","background-type":"","background-media":"","overlay-type":"","overlay-color":"","overlay-opacity":"","overlay-gradient":""},"mobile":{"background-color":"","background-image":"","background-repeat":"repeat","background-position":"center center","background-size":"auto","background-attachment":"scroll","background-type":"","background-media":"","overlay-type":"","overlay-color":"","overlay-opacity":"","overlay-gradient":""}},"ast-content-background-meta":{"desktop":{"background-color":"var(--ast-global-color-5)","background-image":"","background-repeat":"repeat","background-position":"center center","background-size":"auto","background-attachment":"scroll","background-type":"","background-media":"","overlay-type":"","overlay-color":"","overlay-opacity":"","overlay-gradient":""},"tablet":{"background-color":"var(--ast-global-color-5)","background-image":"","background-repeat":"repeat","background-position":"center center","background-size":"auto","background-attachment":"scroll","background-type":"","background-media":"","overlay-type":"","overlay-color":"","overlay-opacity":"","overlay-gradient":""},"mobile":{"background-color":"var(--ast-global-color-5)","background-image":"","background-repeat":"repeat","background-position":"center center","background-size":"auto","background-attachment":"scroll","background-type":"","background-media":"","overlay-type":"","overlay-color":"","overlay-opacity":"","overlay-gradient":""}},"footnotes":""},"categories":[53],"tags":[],"class_list":["post-8534","post","type-post","status-publish","format-standard","has-post-thumbnail","hentry","category-ultimas-noticias"],"_links":{"self":[{"href":"https:\/\/edus.gov.co\/en\/wp-json\/wp\/v2\/posts\/8534","targetHints":{"allow":["GET"]}}],"collection":[{"href":"https:\/\/edus.gov.co\/en\/wp-json\/wp\/v2\/posts"}],"about":[{"href":"https:\/\/edus.gov.co\/en\/wp-json\/wp\/v2\/types\/post"}],"author":[{"embeddable":true,"href":"https:\/\/edus.gov.co\/en\/wp-json\/wp\/v2\/users\/17"}],"replies":[{"embeddable":true,"href":"https:\/\/edus.gov.co\/en\/wp-json\/wp\/v2\/comments?post=8534"}],"version-history":[{"count":5,"href":"https:\/\/edus.gov.co\/en\/wp-json\/wp\/v2\/posts\/8534\/revisions"}],"predecessor-version":[{"id":8540,"href":"https:\/\/edus.gov.co\/en\/wp-json\/wp\/v2\/posts\/8534\/revisions\/8540"}],"wp:featuredmedia":[{"embeddable":true,"href":"https:\/\/edus.gov.co\/en\/wp-json\/wp\/v2\/media\/8535"}],"wp:attachment":[{"href":"https:\/\/edus.gov.co\/en\/wp-json\/wp\/v2\/media?parent=8534"}],"wp:term":[{"taxonomy":"category","embeddable":true,"href":"https:\/\/edus.gov.co\/en\/wp-json\/wp\/v2\/categories?post=8534"},{"taxonomy":"post_tag","embeddable":true,"href":"https:\/\/edus.gov.co\/en\/wp-json\/wp\/v2\/tags?post=8534"}],"curies":[{"name":"wp","href":"https:\/\/api.w.org\/{rel}","templated":true}]}}