{"id":8512,"date":"2022-02-16T20:10:53","date_gmt":"2022-02-16T20:10:53","guid":{"rendered":"https:\/\/edus.gov.co\/?p=8512"},"modified":"2022-02-16T20:12:07","modified_gmt":"2022-02-16T20:12:07","slug":"edus-socializo-inicio-de-obras-con-las-comunidades-de-timayui-y-los-laureles","status":"publish","type":"post","link":"https:\/\/edus.gov.co\/en\/edus-socializo-inicio-de-obras-con-las-comunidades-de-timayui-y-los-laureles\/","title":{"rendered":"EDUS socializ\u00f3 inicio de obras con las comunidades de Timayu\u00ed y Los Laureles\u00a0"},"content":{"rendered":"<div data-elementor-type=\"wp-post\" data-elementor-id=\"8512\" class=\"elementor elementor-8512\" data-elementor-post-type=\"post\">\n\t\t\t\t\t\t<section class=\"elementor-section elementor-top-section elementor-element elementor-element-687bb192 elementor-section-boxed elementor-section-height-default elementor-section-height-default\" data-id=\"687bb192\" data-element_type=\"section\">\n\t\t\t\t\t\t<div class=\"elementor-container elementor-column-gap-default\">\n\t\t\t\t\t<div class=\"elementor-column elementor-col-100 elementor-top-column elementor-element elementor-element-4f30bfab\" data-id=\"4f30bfab\" data-element_type=\"column\">\n\t\t\t<div class=\"elementor-widget-wrap elementor-element-populated\">\n\t\t\t\t\t\t<div class=\"elementor-element elementor-element-2330fad3 elementor-widget elementor-widget-text-editor\" data-id=\"2330fad3\" data-element_type=\"widget\" data-widget_type=\"text-editor.default\">\n\t\t\t\t<div class=\"elementor-widget-container\">\n\t\t\t\t\t\t\t\t\t<p><i>*Se iniciaron las visitas para la elaboraci\u00f3n de las actas de vecindad en ambos barrios que se beneficiar\u00e1n con los programas \u2018Mi Calle\u2019 y \u2018Malla Vial II\u2019.<u><\/u>\u00a0<u><\/u><\/i><\/p><p>La Alcald\u00eda Distrital, a trav\u00e9s de la Empresa de Desarrollo y Renovaci\u00f3n Urbano Sostenible de Santa Marta, EDUS, socializ\u00f3 con las comunidades de los barrios Timayu\u00ed y Los Laureles, la estructuraci\u00f3n e inicio de los programas \u2018Malla Vial II\u2019 y \u2018Mi Calle\u2019, respectivamente.<u><\/u>\u00a0<u><\/u><\/p><p>La EDUS, en compa\u00f1\u00eda de la interventor\u00eda Consorcio Intervial de Santa Marta y el contratista A Construir S.A, realizaron los encuentros con las comunidades en distintos sectores de los barrios anteriormente mencionados, con el fin de dar a conocer la din\u00e1mica que se implementar\u00e1 para poder dar inicio a cada una de estas obras que facilitar\u00e1n la movilidad vehicular por estas zonas.<u><\/u>\u00a0<u><\/u><\/p><p>Durante las reuniones se destac\u00f3 que los procesos, que se inician de manera preparatoria, van de la mano con el apoyo de los residentes de cada uno de los barrios para que se pueda lograr el objetivo deseado y a su vez no presenten contratiempos para la comunidad.<u><\/u>\u00a0<u><\/u><\/p><p>Principalmente, se hizo la sensibilizaci\u00f3n de la importancia de desarrollar de manera oportuna y r\u00e1pida las actas de vecindad en las viviendas, debido a que sin esta documentaci\u00f3n no se puede ingresar la maquinaria pesada que debe utilizarse en la ejecuci\u00f3n de este tipo de proyectos.\u00a0<u><\/u>\u00a0<u><\/u><\/p><p>Los buenos resultados de estas actas se logran con ayuda y disposici\u00f3n netamente de los residentes de cada vivienda aleda\u00f1a al lugar de la obra.<u><\/u>\u00a0<u><\/u><\/p><p><b>TIMAYUI<u><\/u>\u00a0<u><\/u><\/b><\/p><p>En Timayu\u00ed, barrio ubicado al oriente de Santa Marta, la EDUS, la firma interventora, A Construir y el Comit\u00e9 de Obra, realizaron distintas reuniones a lo largo del sector donde se intervendr\u00e1 1.2 km de la v\u00eda principal, en el marco del programa \u2018Malla Vial ll\u2019, que comprende entre el puente que lleva el mismo nombre y finaliza en el barrio Los Alpes.<u><\/u>\u00a0<u><\/u><\/p><p>Tambi\u00e9n se dio inicio a la realizaci\u00f3n de las actas de vecindad con la compa\u00f1\u00eda de los l\u00edderes de la comunidad e integrantes del Comit\u00e9 de Obra.\u00a0<u><\/u>\u00a0<u><\/u><\/p><p>Se dej\u00f3 claro que en dado caso que los residentes se opongan, se levantar\u00e1 un acta de responsabilidad, en la cual quedar\u00e1 constatada la negaci\u00f3n del ciudadano.<u><\/u>\u00a0<u><\/u><\/p><p><b>LOS LAURELES<u><\/u>\u00a0<u><\/u><\/b><\/p><p>Gracias a la buena gesti\u00f3n de la alcaldesa Virna Johnson, el programa \u2018Mi Calle\u2019 continuar\u00e1 beneficiando a la comunidad, por ende, en Los Laureles se avanzar\u00e1 con la recuperaci\u00f3n de su v\u00eda principal.\u00a0<u><\/u>\u00a0<u><\/u><\/p><p>Es por eso, que se crearon estos espacios de di\u00e1logo y concertaci\u00f3n junto con las empresas encargadas de esta obra para informar el inicio de la pavimentaci\u00f3n, procesos a realizar y aclaraci\u00f3n de dudas por parte de la comunidad.<u><\/u>\u00a0<u><\/u><\/p><p>Ya iniciaron las actividades de topograf\u00eda, por consiguiente, se explic\u00f3 que se necesita de la disposici\u00f3n y colaboraci\u00f3n de los residentes de esta calle para continuar con las labores.\u00a0<u><\/u>\u00a0<u><\/u><\/p><p>\u201cComo comunidad, somos veedores de todas las actividades, vemos que nuestro sue\u00f1o por fin se va a hacer realidad. Esta obra es el progreso de nuestro barrio\u201d, expres\u00f3 emocionada Marilyn Mendoza, miembro del Comit\u00e9 de Obra.<u><\/u>\u00a0<u><\/u><\/p><p>Qued\u00f3 demostrado que los residentes de esta calle se encuentran felices por el inicio de este proyecto. As\u00ed lo mencion\u00f3 Milciades Cabarcas, residente de esta calle por m\u00e1s de 21 a\u00f1os: \u201cEsto se llama prosperidad y \u00e9xitos al barrio, por eso nos sentimos muy agradecidos con ustedes por el buen trabajo y el proyecto de Mi Calle\u201d.\u00a0<u><\/u>\u00a0<u><\/u><\/p><p>Los Gobiernos del Cambio se han esmerado por llevar bienestar a los barrios de Santa Marta, dignificar la vida de los samarios y demostrando que el \u2018Cambio es Imparable\u2019.<u><\/u>\u00a0<\/p>\t\t\t\t\t\t\t\t<\/div>\n\t\t\t\t<\/div>\n\t\t\t\t\t<\/div>\n\t\t<\/div>\n\t\t\t\t\t<\/div>\n\t\t<\/section>\n\t\t\t\t<section class=\"elementor-section elementor-top-section elementor-element elementor-element-c0d47f5 elementor-section-full_width elementor-section-stretched elementor-section-height-default elementor-section-height-default\" data-id=\"c0d47f5\" data-element_type=\"section\" data-settings=\"{&quot;stretch_section&quot;:&quot;section-stretched&quot;}\">\n\t\t\t\t\t\t\t<div class=\"elementor-background-overlay\"><\/div>\n\t\t\t\t\t\t\t<div class=\"elementor-container elementor-column-gap-default\">\n\t\t\t\t\t<div class=\"elementor-column elementor-col-100 elementor-top-column elementor-element elementor-element-b3f40b9\" data-id=\"b3f40b9\" data-element_type=\"column\">\n\t\t\t<div class=\"elementor-widget-wrap elementor-element-populated\">\n\t\t\t\t\t\t<div class=\"elementor-element elementor-element-939a1e2 elementor-widget elementor-widget-heading\" data-id=\"939a1e2\" data-element_type=\"widget\" data-widget_type=\"heading.default\">\n\t\t\t\t<div class=\"elementor-widget-container\">\n\t\t\t\t\t<h3 class=\"elementor-heading-title elementor-size-default\">\u00daltimas Noticias<\/h3>\t\t\t\t<\/div>\n\t\t\t\t<\/div>\n\t\t\t\t\t<\/div>\n\t\t<\/div>\n\t\t\t\t\t<\/div>\n\t\t<\/section>\n\t\t\t\t<\/div>","protected":false},"excerpt":{"rendered":"<p>*Se iniciaron las visitas para la elaboraci\u00f3n de las actas de vecindad en ambos barrios que se beneficiar\u00e1n con los programas \u2018Mi Calle\u2019 y \u2018Malla Vial II\u2019.\u00a0 La Alcald\u00eda Distrital, a trav\u00e9s de la Empresa de Desarrollo y Renovaci\u00f3n Urbano Sostenible de Santa Marta, EDUS, socializ\u00f3 con las comunidades de los barrios Timayu\u00ed y Los [&hellip;]<\/p>","protected":false},"author":17,"featured_media":8513,"comment_status":"closed","ping_status":"closed","sticky":false,"template":"","format":"standard","meta":{"site-sidebar-layout":"default","site-content-layout":"","ast-site-content-layout":"default","site-content-style":"default","site-sidebar-style":"default","ast-global-header-display":"","ast-banner-title-visibility":"","ast-main-header-display":"","ast-hfb-above-header-display":"","ast-hfb-below-header-display":"","ast-hfb-mobile-header-display":"","site-post-title":"","ast-breadcrumbs-content":"","ast-featured-img":"","footer-sml-layout":"","ast-disable-related-posts":"","theme-transparent-header-meta":"","adv-header-id-meta":"","stick-header-meta":"","header-above-stick-meta":"","header-main-stick-meta":"","header-below-stick-meta":"","astra-migrate-meta-layouts":"default","ast-page-background-enabled":"default","ast-page-background-meta":{"desktop":{"background-color":"var(--ast-global-color-4)","background-image":"","background-repeat":"repeat","background-position":"center center","background-size":"auto","background-attachment":"scroll","background-type":"","background-media":"","overlay-type":"","overlay-color":"","overlay-opacity":"","overlay-gradient":""},"tablet":{"background-color":"","background-image":"","background-repeat":"repeat","background-position":"center center","background-size":"auto","background-attachment":"scroll","background-type":"","background-media":"","overlay-type":"","overlay-color":"","overlay-opacity":"","overlay-gradient":""},"mobile":{"background-color":"","background-image":"","background-repeat":"repeat","background-position":"center center","background-size":"auto","background-attachment":"scroll","background-type":"","background-media":"","overlay-type":"","overlay-color":"","overlay-opacity":"","overlay-gradient":""}},"ast-content-background-meta":{"desktop":{"background-color":"var(--ast-global-color-5)","background-image":"","background-repeat":"repeat","background-position":"center center","background-size":"auto","background-attachment":"scroll","background-type":"","background-media":"","overlay-type":"","overlay-color":"","overlay-opacity":"","overlay-gradient":""},"tablet":{"background-color":"var(--ast-global-color-5)","background-image":"","background-repeat":"repeat","background-position":"center center","background-size":"auto","background-attachment":"scroll","background-type":"","background-media":"","overlay-type":"","overlay-color":"","overlay-opacity":"","overlay-gradient":""},"mobile":{"background-color":"var(--ast-global-color-5)","background-image":"","background-repeat":"repeat","background-position":"center center","background-size":"auto","background-attachment":"scroll","background-type":"","background-media":"","overlay-type":"","overlay-color":"","overlay-opacity":"","overlay-gradient":""}},"footnotes":""},"categories":[53],"tags":[],"class_list":["post-8512","post","type-post","status-publish","format-standard","has-post-thumbnail","hentry","category-ultimas-noticias"],"_links":{"self":[{"href":"https:\/\/edus.gov.co\/en\/wp-json\/wp\/v2\/posts\/8512","targetHints":{"allow":["GET"]}}],"collection":[{"href":"https:\/\/edus.gov.co\/en\/wp-json\/wp\/v2\/posts"}],"about":[{"href":"https:\/\/edus.gov.co\/en\/wp-json\/wp\/v2\/types\/post"}],"author":[{"embeddable":true,"href":"https:\/\/edus.gov.co\/en\/wp-json\/wp\/v2\/users\/17"}],"replies":[{"embeddable":true,"href":"https:\/\/edus.gov.co\/en\/wp-json\/wp\/v2\/comments?post=8512"}],"version-history":[{"count":4,"href":"https:\/\/edus.gov.co\/en\/wp-json\/wp\/v2\/posts\/8512\/revisions"}],"predecessor-version":[{"id":8518,"href":"https:\/\/edus.gov.co\/en\/wp-json\/wp\/v2\/posts\/8512\/revisions\/8518"}],"wp:featuredmedia":[{"embeddable":true,"href":"https:\/\/edus.gov.co\/en\/wp-json\/wp\/v2\/media\/8513"}],"wp:attachment":[{"href":"https:\/\/edus.gov.co\/en\/wp-json\/wp\/v2\/media?parent=8512"}],"wp:term":[{"taxonomy":"category","embeddable":true,"href":"https:\/\/edus.gov.co\/en\/wp-json\/wp\/v2\/categories?post=8512"},{"taxonomy":"post_tag","embeddable":true,"href":"https:\/\/edus.gov.co\/en\/wp-json\/wp\/v2\/tags?post=8512"}],"curies":[{"name":"wp","href":"https:\/\/api.w.org\/{rel}","templated":true}]}}