{"id":8506,"date":"2022-02-16T16:11:24","date_gmt":"2022-02-16T16:11:24","guid":{"rendered":"https:\/\/edus.gov.co\/?p=8506"},"modified":"2022-02-16T16:11:56","modified_gmt":"2022-02-16T16:11:56","slug":"alcaldia-realiza-mejoras-a-la-zona-de-juegos-del-camellon-de-la-bahia","status":"publish","type":"post","link":"https:\/\/edus.gov.co\/en\/alcaldia-realiza-mejoras-a-la-zona-de-juegos-del-camellon-de-la-bahia\/","title":{"rendered":"Alcald\u00eda realiza mejoras a la zona de juegos del Camell\u00f3n de la Bah\u00eda\u00a0"},"content":{"rendered":"<div data-elementor-type=\"wp-post\" data-elementor-id=\"8506\" class=\"elementor elementor-8506\" data-elementor-post-type=\"post\">\n\t\t\t\t\t\t<section class=\"elementor-section elementor-top-section elementor-element elementor-element-687bb192 elementor-section-boxed elementor-section-height-default elementor-section-height-default\" data-id=\"687bb192\" data-element_type=\"section\">\n\t\t\t\t\t\t<div class=\"elementor-container elementor-column-gap-default\">\n\t\t\t\t\t<div class=\"elementor-column elementor-col-100 elementor-top-column elementor-element elementor-element-4f30bfab\" data-id=\"4f30bfab\" data-element_type=\"column\">\n\t\t\t<div class=\"elementor-widget-wrap elementor-element-populated\">\n\t\t\t\t\t\t<div class=\"elementor-element elementor-element-2330fad3 elementor-widget elementor-widget-text-editor\" data-id=\"2330fad3\" data-element_type=\"widget\" data-widget_type=\"text-editor.default\">\n\t\t\t\t<div class=\"elementor-widget-container\">\n\t\t\t\t\t\t\t\t\t<p><i>*La grama natural ser\u00e1 reemplazada por grama sint\u00e9tica con el fin de dar mayor durabilidad a este espacio ante la gran afluencia de visitantes.<u><\/u>\u00a0<u><\/u><\/i><\/p><p>El renovado Camell\u00f3n de la Bah\u00eda de Santa Marta se ha convertido en el sitio de predilecci\u00f3n de los samarios y turistas que a diario visitan el lugar para una larga caminata, para practicar alg\u00fan deporte o simplemente para disfrutar en familia del paisaje y de los juegos.<u><\/u>\u00a0<u><\/u><\/p><p>Ante esta gran acogida que ha tenido la transformaci\u00f3n del Camell\u00f3n, la grama natural de la zona de juegos ha presentado un deterioro, raz\u00f3n por la cual se decidi\u00f3 instalar en su remplazo grama sint\u00e9tica, ya que es de mayor duraci\u00f3n y eficiencia; adem\u00e1s requiere menos mantenimiento.\u00a0<u><\/u>\u00a0<u><\/u><\/p><p>Estas adecuaciones son para seguir ofreci\u00e9ndole a los samarios m\u00e1s espacios de recreaci\u00f3n dignos como se lo merecen.\u00a0<u><\/u>\u00a0<u><\/u><\/p><p>Por este motivo, se hizo el cerramiento para evitar incomodidades a los visitantes mientras los contratistas desarrollan su labor de intervenci\u00f3n, que, de acuerdo al cronograma, tendr\u00e1 una duraci\u00f3n m\u00e1xima de 13 d\u00edas.<u><\/u>\u00a0<u><\/u><\/p><p>La Alcald\u00eda Distrital y su\u00a0Empresa de Desarrollo y Renovaci\u00f3n Urbano Sostenible de Santa Marta (EDUS) est\u00e1n comprometidas con el desarrollo tur\u00edstico y la reactivaci\u00f3n econ\u00f3mica entregando obras que brinden mayores oportunidades a los habitantes de la ciudad, que contin\u00faa en un proceso de transformaci\u00f3n de cara a los 500 a\u00f1os de su fundaci\u00f3n.<u><\/u>\u00a0<\/p>\t\t\t\t\t\t\t\t<\/div>\n\t\t\t\t<\/div>\n\t\t\t\t\t<\/div>\n\t\t<\/div>\n\t\t\t\t\t<\/div>\n\t\t<\/section>\n\t\t\t\t<section class=\"elementor-section elementor-top-section elementor-element elementor-element-c0d47f5 elementor-section-full_width elementor-section-stretched elementor-section-height-default elementor-section-height-default\" data-id=\"c0d47f5\" data-element_type=\"section\" data-settings=\"{&quot;stretch_section&quot;:&quot;section-stretched&quot;}\">\n\t\t\t\t\t\t\t<div class=\"elementor-background-overlay\"><\/div>\n\t\t\t\t\t\t\t<div class=\"elementor-container elementor-column-gap-default\">\n\t\t\t\t\t<div class=\"elementor-column elementor-col-100 elementor-top-column elementor-element elementor-element-b3f40b9\" data-id=\"b3f40b9\" data-element_type=\"column\">\n\t\t\t<div class=\"elementor-widget-wrap elementor-element-populated\">\n\t\t\t\t\t\t<div class=\"elementor-element elementor-element-939a1e2 elementor-widget elementor-widget-heading\" data-id=\"939a1e2\" data-element_type=\"widget\" data-widget_type=\"heading.default\">\n\t\t\t\t<div class=\"elementor-widget-container\">\n\t\t\t\t\t<h3 class=\"elementor-heading-title elementor-size-default\">\u00daltimas Noticias<\/h3>\t\t\t\t<\/div>\n\t\t\t\t<\/div>\n\t\t\t\t\t<\/div>\n\t\t<\/div>\n\t\t\t\t\t<\/div>\n\t\t<\/section>\n\t\t\t\t<\/div>","protected":false},"excerpt":{"rendered":"<p>*La grama natural ser\u00e1 reemplazada por grama sint\u00e9tica con el fin de dar mayor durabilidad a este espacio ante la gran afluencia de visitantes.\u00a0 El renovado Camell\u00f3n de la Bah\u00eda de Santa Marta se ha convertido en el sitio de predilecci\u00f3n de los samarios y turistas que a diario visitan el lugar para una larga [&hellip;]<\/p>","protected":false},"author":17,"featured_media":8507,"comment_status":"closed","ping_status":"closed","sticky":false,"template":"","format":"standard","meta":{"site-sidebar-layout":"default","site-content-layout":"","ast-site-content-layout":"default","site-content-style":"default","site-sidebar-style":"default","ast-global-header-display":"","ast-banner-title-visibility":"","ast-main-header-display":"","ast-hfb-above-header-display":"","ast-hfb-below-header-display":"","ast-hfb-mobile-header-display":"","site-post-title":"","ast-breadcrumbs-content":"","ast-featured-img":"","footer-sml-layout":"","ast-disable-related-posts":"","theme-transparent-header-meta":"","adv-header-id-meta":"","stick-header-meta":"","header-above-stick-meta":"","header-main-stick-meta":"","header-below-stick-meta":"","astra-migrate-meta-layouts":"default","ast-page-background-enabled":"default","ast-page-background-meta":{"desktop":{"background-color":"var(--ast-global-color-4)","background-image":"","background-repeat":"repeat","background-position":"center center","background-size":"auto","background-attachment":"scroll","background-type":"","background-media":"","overlay-type":"","overlay-color":"","overlay-opacity":"","overlay-gradient":""},"tablet":{"background-color":"","background-image":"","background-repeat":"repeat","background-position":"center center","background-size":"auto","background-attachment":"scroll","background-type":"","background-media":"","overlay-type":"","overlay-color":"","overlay-opacity":"","overlay-gradient":""},"mobile":{"background-color":"","background-image":"","background-repeat":"repeat","background-position":"center center","background-size":"auto","background-attachment":"scroll","background-type":"","background-media":"","overlay-type":"","overlay-color":"","overlay-opacity":"","overlay-gradient":""}},"ast-content-background-meta":{"desktop":{"background-color":"var(--ast-global-color-5)","background-image":"","background-repeat":"repeat","background-position":"center center","background-size":"auto","background-attachment":"scroll","background-type":"","background-media":"","overlay-type":"","overlay-color":"","overlay-opacity":"","overlay-gradient":""},"tablet":{"background-color":"var(--ast-global-color-5)","background-image":"","background-repeat":"repeat","background-position":"center center","background-size":"auto","background-attachment":"scroll","background-type":"","background-media":"","overlay-type":"","overlay-color":"","overlay-opacity":"","overlay-gradient":""},"mobile":{"background-color":"var(--ast-global-color-5)","background-image":"","background-repeat":"repeat","background-position":"center center","background-size":"auto","background-attachment":"scroll","background-type":"","background-media":"","overlay-type":"","overlay-color":"","overlay-opacity":"","overlay-gradient":""}},"footnotes":""},"categories":[53],"tags":[],"class_list":["post-8506","post","type-post","status-publish","format-standard","has-post-thumbnail","hentry","category-ultimas-noticias"],"_links":{"self":[{"href":"https:\/\/edus.gov.co\/en\/wp-json\/wp\/v2\/posts\/8506","targetHints":{"allow":["GET"]}}],"collection":[{"href":"https:\/\/edus.gov.co\/en\/wp-json\/wp\/v2\/posts"}],"about":[{"href":"https:\/\/edus.gov.co\/en\/wp-json\/wp\/v2\/types\/post"}],"author":[{"embeddable":true,"href":"https:\/\/edus.gov.co\/en\/wp-json\/wp\/v2\/users\/17"}],"replies":[{"embeddable":true,"href":"https:\/\/edus.gov.co\/en\/wp-json\/wp\/v2\/comments?post=8506"}],"version-history":[{"count":4,"href":"https:\/\/edus.gov.co\/en\/wp-json\/wp\/v2\/posts\/8506\/revisions"}],"predecessor-version":[{"id":8511,"href":"https:\/\/edus.gov.co\/en\/wp-json\/wp\/v2\/posts\/8506\/revisions\/8511"}],"wp:featuredmedia":[{"embeddable":true,"href":"https:\/\/edus.gov.co\/en\/wp-json\/wp\/v2\/media\/8507"}],"wp:attachment":[{"href":"https:\/\/edus.gov.co\/en\/wp-json\/wp\/v2\/media?parent=8506"}],"wp:term":[{"taxonomy":"category","embeddable":true,"href":"https:\/\/edus.gov.co\/en\/wp-json\/wp\/v2\/categories?post=8506"},{"taxonomy":"post_tag","embeddable":true,"href":"https:\/\/edus.gov.co\/en\/wp-json\/wp\/v2\/tags?post=8506"}],"curies":[{"name":"wp","href":"https:\/\/api.w.org\/{rel}","templated":true}]}}