{"id":8480,"date":"2022-02-02T23:17:00","date_gmt":"2022-02-02T23:17:00","guid":{"rendered":"https:\/\/edus.gov.co\/?p=8480"},"modified":"2022-02-07T23:19:53","modified_gmt":"2022-02-07T23:19:53","slug":"alcaldesa-virna-johnson-inicio-la-transformacion-de-la-via-principal-de-timayui","status":"publish","type":"post","link":"https:\/\/edus.gov.co\/en\/alcaldesa-virna-johnson-inicio-la-transformacion-de-la-via-principal-de-timayui\/","title":{"rendered":"Alcaldesa Virna Johnson inici\u00f3 la transformaci\u00f3n de la v\u00eda principal de Timayu\u00ed"},"content":{"rendered":"<div data-elementor-type=\"wp-post\" data-elementor-id=\"8480\" class=\"elementor elementor-8480\" data-elementor-post-type=\"post\">\n\t\t\t\t\t\t<section class=\"elementor-section elementor-top-section elementor-element elementor-element-687bb192 elementor-section-boxed elementor-section-height-default elementor-section-height-default\" data-id=\"687bb192\" data-element_type=\"section\">\n\t\t\t\t\t\t<div class=\"elementor-container elementor-column-gap-default\">\n\t\t\t\t\t<div class=\"elementor-column elementor-col-100 elementor-top-column elementor-element elementor-element-4f30bfab\" data-id=\"4f30bfab\" data-element_type=\"column\">\n\t\t\t<div class=\"elementor-widget-wrap elementor-element-populated\">\n\t\t\t\t\t\t<div class=\"elementor-element elementor-element-2330fad3 elementor-widget elementor-widget-text-editor\" data-id=\"2330fad3\" data-element_type=\"widget\" data-widget_type=\"text-editor.default\">\n\t\t\t\t<div class=\"elementor-widget-container\">\n\t\t\t\t\t\t\t\t\t<div>La alcaldesa Virna Johnson, a trav\u00e9s de la Empresa Distrital de Desarrollo y Renovaci\u00f3n Urbano Sostenible (EDUS), dio inicio a la pavimentaci\u00f3n de la v\u00eda principal del barrio Timayu\u00ed, una obra de infraestructura que hace parte del programa Malla Vial II, un ambicioso proyecto de intervenci\u00f3n con el que la Alcald\u00eda del Cambio Imparable viene mejorando el estado de las calles y avenidas del Distrito.<\/div><div>\u00a0<\/div><div>\u201cPavimentaremos 7.962 metros cuadrados, con recuperaci\u00f3n del espacio p\u00fablico y reposici\u00f3n de redes de acueducto y alcantarillado, beneficiando a 24.742 habitantes de los barrios Timayu\u00ed y Los Alpes. \u00a1Cumplimos y avanzamos!\u201d, detall\u00f3 la mandataria de los samarios durante su intervenci\u00f3n en el acto de inicio de la obra, que contempla adem\u00e1s la instalaci\u00f3n de 1.580 metros lineales en tuber\u00eda de 3, 4 y 6 pulgadas para nuevas redes de acueducto, y 1.272 metros lineales en tuber\u00edas de 8\u201d, 10\u201d, 12\u201d y 14\u201d para alcantarillado con sus respectivos manjoles.<\/div><div>\u00a0<\/div><div>Igualmente ser\u00e1n construidos senderos peatonales incluyentes para personas con movilidad reducida, lo que impactar\u00e1 en la mejora de la calidad de vida de los habitantes de esta zona al oriente de Santa Marta.<\/div><div>\u00a0<\/div><div>Por su parte la comunidad agradecio a la Alcaldesa la gesti\u00f3n para la obra de la recuperaci\u00f3n de la v\u00eda principal de Timayu\u00ed y los sectores aleda\u00f1os. \u201cQueremos agradecerle a la doctora Virna por tenernos en cuenta, porque este es un sector muy necesitado y sabemos que con esta obra vendr\u00e1n grandes cosas para nuestro barrio. Pero lo m\u00e1s importante es el mejoramiento de \u00a0la movilidad\u201d, dijo Aracelis L\u00f3pez, l\u00edder comunal de Timayu\u00ed.<\/div><div>\u00a0<\/div><div>La ni\u00f1ez de Timayu\u00ed tambi\u00e9n est\u00e1 agradecida con las obras del Cambio, con las que aseguran, empiezan a ver sus sue\u00f1os cumplidos. \u00a0\u201cGracias porque ya se va a dar inicio a la v\u00eda principal de Timayu\u00ed. Este ha sido nuestro sue\u00f1o y as\u00ed se va a mejorar el acceso a todos los sectores de \u00e9sta comunidad. \u00a1Lo so\u00f1amos y lo logramos! Gracias a los Gobiernos del Cambio. Esta v\u00eda nos permitir\u00e1 llegar m\u00e1s facil a nuestras casas y nuestros colegios. Gracias Alcaldesa por pensar en el bienestar de todos los samarios\u201c, expres\u00f3 emocionada, la ni\u00f1a Abigail De La Ossa.<\/div><div>\u00a0<\/div><p>Asimismo, la alcaldesa Virna Johnson recorri\u00f3 con la comunidad varios sectores del barrio Timayu\u00ed, escuchando y socializando los planes de trabajo que tiene para continuar solucionando sus problem\u00e1ticas. \u201cNos alegra seguir llevando inversiones a los diferentes barrios de la ciudad. \u00a1Vienen m\u00e1s noticias de Cambio para Santa Marta!\u201d, anuncio la mandataria distrital.\u00a0<\/p>\t\t\t\t\t\t\t\t<\/div>\n\t\t\t\t<\/div>\n\t\t\t\t\t<\/div>\n\t\t<\/div>\n\t\t\t\t\t<\/div>\n\t\t<\/section>\n\t\t\t\t<section class=\"elementor-section elementor-top-section elementor-element elementor-element-c0d47f5 elementor-section-full_width elementor-section-stretched elementor-section-height-default elementor-section-height-default\" data-id=\"c0d47f5\" data-element_type=\"section\" data-settings=\"{&quot;stretch_section&quot;:&quot;section-stretched&quot;}\">\n\t\t\t\t\t\t\t<div class=\"elementor-background-overlay\"><\/div>\n\t\t\t\t\t\t\t<div class=\"elementor-container elementor-column-gap-default\">\n\t\t\t\t\t<div class=\"elementor-column elementor-col-100 elementor-top-column elementor-element elementor-element-b3f40b9\" data-id=\"b3f40b9\" data-element_type=\"column\">\n\t\t\t<div class=\"elementor-widget-wrap elementor-element-populated\">\n\t\t\t\t\t\t<div class=\"elementor-element elementor-element-939a1e2 elementor-widget elementor-widget-heading\" data-id=\"939a1e2\" data-element_type=\"widget\" data-widget_type=\"heading.default\">\n\t\t\t\t<div class=\"elementor-widget-container\">\n\t\t\t\t\t<h3 class=\"elementor-heading-title elementor-size-default\">\u00daltimas Noticias<\/h3>\t\t\t\t<\/div>\n\t\t\t\t<\/div>\n\t\t\t\t\t<\/div>\n\t\t<\/div>\n\t\t\t\t\t<\/div>\n\t\t<\/section>\n\t\t\t\t<\/div>","protected":false},"excerpt":{"rendered":"<p>La alcaldesa Virna Johnson, a trav\u00e9s de la Empresa Distrital de Desarrollo y Renovaci\u00f3n Urbano Sostenible (EDUS), dio inicio a la pavimentaci\u00f3n de la v\u00eda principal del barrio Timayu\u00ed, una obra de infraestructura que hace parte del programa Malla Vial II, un ambicioso proyecto de intervenci\u00f3n con el que la Alcald\u00eda del Cambio Imparable viene [&hellip;]<\/p>","protected":false},"author":17,"featured_media":8481,"comment_status":"closed","ping_status":"closed","sticky":false,"template":"","format":"standard","meta":{"site-sidebar-layout":"default","site-content-layout":"","ast-site-content-layout":"default","site-content-style":"default","site-sidebar-style":"default","ast-global-header-display":"","ast-banner-title-visibility":"","ast-main-header-display":"","ast-hfb-above-header-display":"","ast-hfb-below-header-display":"","ast-hfb-mobile-header-display":"","site-post-title":"","ast-breadcrumbs-content":"","ast-featured-img":"","footer-sml-layout":"","ast-disable-related-posts":"","theme-transparent-header-meta":"","adv-header-id-meta":"","stick-header-meta":"","header-above-stick-meta":"","header-main-stick-meta":"","header-below-stick-meta":"","astra-migrate-meta-layouts":"default","ast-page-background-enabled":"default","ast-page-background-meta":{"desktop":{"background-color":"var(--ast-global-color-4)","background-image":"","background-repeat":"repeat","background-position":"center center","background-size":"auto","background-attachment":"scroll","background-type":"","background-media":"","overlay-type":"","overlay-color":"","overlay-opacity":"","overlay-gradient":""},"tablet":{"background-color":"","background-image":"","background-repeat":"repeat","background-position":"center center","background-size":"auto","background-attachment":"scroll","background-type":"","background-media":"","overlay-type":"","overlay-color":"","overlay-opacity":"","overlay-gradient":""},"mobile":{"background-color":"","background-image":"","background-repeat":"repeat","background-position":"center center","background-size":"auto","background-attachment":"scroll","background-type":"","background-media":"","overlay-type":"","overlay-color":"","overlay-opacity":"","overlay-gradient":""}},"ast-content-background-meta":{"desktop":{"background-color":"var(--ast-global-color-5)","background-image":"","background-repeat":"repeat","background-position":"center center","background-size":"auto","background-attachment":"scroll","background-type":"","background-media":"","overlay-type":"","overlay-color":"","overlay-opacity":"","overlay-gradient":""},"tablet":{"background-color":"var(--ast-global-color-5)","background-image":"","background-repeat":"repeat","background-position":"center center","background-size":"auto","background-attachment":"scroll","background-type":"","background-media":"","overlay-type":"","overlay-color":"","overlay-opacity":"","overlay-gradient":""},"mobile":{"background-color":"var(--ast-global-color-5)","background-image":"","background-repeat":"repeat","background-position":"center center","background-size":"auto","background-attachment":"scroll","background-type":"","background-media":"","overlay-type":"","overlay-color":"","overlay-opacity":"","overlay-gradient":""}},"footnotes":""},"categories":[53],"tags":[],"class_list":["post-8480","post","type-post","status-publish","format-standard","has-post-thumbnail","hentry","category-ultimas-noticias"],"_links":{"self":[{"href":"https:\/\/edus.gov.co\/en\/wp-json\/wp\/v2\/posts\/8480","targetHints":{"allow":["GET"]}}],"collection":[{"href":"https:\/\/edus.gov.co\/en\/wp-json\/wp\/v2\/posts"}],"about":[{"href":"https:\/\/edus.gov.co\/en\/wp-json\/wp\/v2\/types\/post"}],"author":[{"embeddable":true,"href":"https:\/\/edus.gov.co\/en\/wp-json\/wp\/v2\/users\/17"}],"replies":[{"embeddable":true,"href":"https:\/\/edus.gov.co\/en\/wp-json\/wp\/v2\/comments?post=8480"}],"version-history":[{"count":5,"href":"https:\/\/edus.gov.co\/en\/wp-json\/wp\/v2\/posts\/8480\/revisions"}],"predecessor-version":[{"id":8486,"href":"https:\/\/edus.gov.co\/en\/wp-json\/wp\/v2\/posts\/8480\/revisions\/8486"}],"wp:featuredmedia":[{"embeddable":true,"href":"https:\/\/edus.gov.co\/en\/wp-json\/wp\/v2\/media\/8481"}],"wp:attachment":[{"href":"https:\/\/edus.gov.co\/en\/wp-json\/wp\/v2\/media?parent=8480"}],"wp:term":[{"taxonomy":"category","embeddable":true,"href":"https:\/\/edus.gov.co\/en\/wp-json\/wp\/v2\/categories?post=8480"},{"taxonomy":"post_tag","embeddable":true,"href":"https:\/\/edus.gov.co\/en\/wp-json\/wp\/v2\/tags?post=8480"}],"curies":[{"name":"wp","href":"https:\/\/api.w.org\/{rel}","templated":true}]}}