{"id":8387,"date":"2021-12-22T15:34:00","date_gmt":"2021-12-22T15:34:00","guid":{"rendered":"https:\/\/edus.gov.co\/?p=8387"},"modified":"2021-12-27T15:51:07","modified_gmt":"2021-12-27T15:51:07","slug":"alcaldia-del-cambio-imparable-lleva-el-programa-mi-calle-al-barrio-los-laureles","status":"publish","type":"post","link":"https:\/\/edus.gov.co\/en\/alcaldia-del-cambio-imparable-lleva-el-programa-mi-calle-al-barrio-los-laureles\/","title":{"rendered":"Alcald\u00eda del Cambio Imparable lleva el programa Mi Calle al barrio Los Laureles"},"content":{"rendered":"<div data-elementor-type=\"wp-post\" data-elementor-id=\"8387\" class=\"elementor elementor-8387\" data-elementor-post-type=\"post\">\n\t\t\t\t\t\t<section class=\"elementor-section elementor-top-section elementor-element elementor-element-687bb192 elementor-section-boxed elementor-section-height-default elementor-section-height-default\" data-id=\"687bb192\" data-element_type=\"section\">\n\t\t\t\t\t\t<div class=\"elementor-container elementor-column-gap-default\">\n\t\t\t\t\t<div class=\"elementor-column elementor-col-100 elementor-top-column elementor-element elementor-element-4f30bfab\" data-id=\"4f30bfab\" data-element_type=\"column\">\n\t\t\t<div class=\"elementor-widget-wrap elementor-element-populated\">\n\t\t\t\t\t\t<div class=\"elementor-element elementor-element-2330fad3 elementor-widget elementor-widget-text-editor\" data-id=\"2330fad3\" data-element_type=\"widget\" data-widget_type=\"text-editor.default\">\n\t\t\t\t<div class=\"elementor-widget-container\">\n\t\t\t\t\t\t\t\t\t<p><i>Las intervenciones que dar\u00e1n inicio en el sector, no s\u00f3lo mejorar\u00e1n las condiciones de tr\u00e1nsito y transporte, sino adem\u00e1s la prestaci\u00f3n de servicios de acueducto y alcantarillado.<\/i><i>\u00a0<\/i><\/p>\n<p>El programa Mi Calle lleg\u00f3 con \u00e9xito en su fase preliminar al barrio Los Laureles, para seguir adelantando el proyecto de transformaci\u00f3n social y urban\u00edstica de Santa Marta.\u00a0\u00a0<\/p>\n<p>El tramo de Los Laureles es, por directrices de la alcaldesa Virna Johnson, el primero en ser priorizado en esta etapa del programa, considerando que a su vez hace parte esencial del proyecto de Recuperaci\u00f3n de la Malla Vial del Distrito.\u00a0\u00a0<\/p>\n<p>En medio de las temporadas festivas, el equipo de trabajo de la Alcald\u00eda sigue imparable en su prop\u00f3sito de mejorar las condiciones de vida de los samarios. Por eso, ya se iniciaron los estudios topogr\u00e1ficos, para que en las pr\u00f3ximas semanas se d\u00e9 inicio al proceso de validaci\u00f3n de inventario forestal, solicitudes de permisos ambientales y se ejecuten las visitas de inspecci\u00f3n t\u00e9cnica para garantizar la realizaci\u00f3n de los trabajos dentro de los cronogramas establecidos por la administraci\u00f3n distrital.\u00a0\u00a0<\/p>\n<p>Cabe resaltar que la intervenci\u00f3n en el sector de Los Laureles, se hace en 360 metros lineales que corresponde a un \u00e1rea de pavimento r\u00edgido de 3.300 metros cuadrados.\u00a0<\/p>\n<p>Estas obras contemplan la construcci\u00f3n de andenes en concreto,\u00a0\u00a0que al igual que los dem\u00e1s proyectos ejecutados por la Alcald\u00eda del Cambio Imparable cumplen con toda la normativa de accesibilidad para las personas con limitaciones de movilidad. Los trabajos tambi\u00e9n contemplan la reposici\u00f3n de las redes de acueducto y alcantarillado sanitario.\u00a0<\/p>\n<p>Con materiales de la mejor calidad y la ejecuci\u00f3n transparente de los recursos, se aseguran el \u00e9xito de esta nueva intervenci\u00f3n en infraestructura.\u00a0\u00a0<\/p>\n<p>\u00a1La transformaci\u00f3n de Santa Marta es Imparable!\u00a0<\/p>\t\t\t\t\t\t\t\t<\/div>\n\t\t\t\t<\/div>\n\t\t\t\t\t<\/div>\n\t\t<\/div>\n\t\t\t\t\t<\/div>\n\t\t<\/section>\n\t\t\t\t<section class=\"elementor-section elementor-top-section elementor-element elementor-element-c0d47f5 elementor-section-full_width elementor-section-stretched elementor-section-height-default elementor-section-height-default\" data-id=\"c0d47f5\" data-element_type=\"section\" data-settings=\"{&quot;stretch_section&quot;:&quot;section-stretched&quot;}\">\n\t\t\t\t\t\t\t<div class=\"elementor-background-overlay\"><\/div>\n\t\t\t\t\t\t\t<div class=\"elementor-container elementor-column-gap-default\">\n\t\t\t\t\t<div class=\"elementor-column elementor-col-100 elementor-top-column elementor-element elementor-element-b3f40b9\" data-id=\"b3f40b9\" data-element_type=\"column\">\n\t\t\t<div class=\"elementor-widget-wrap elementor-element-populated\">\n\t\t\t\t\t\t<div class=\"elementor-element elementor-element-939a1e2 elementor-widget elementor-widget-heading\" data-id=\"939a1e2\" data-element_type=\"widget\" data-widget_type=\"heading.default\">\n\t\t\t\t<div class=\"elementor-widget-container\">\n\t\t\t\t\t<h3 class=\"elementor-heading-title elementor-size-default\">\u00daltimas Noticias<\/h3>\t\t\t\t<\/div>\n\t\t\t\t<\/div>\n\t\t\t\t\t<\/div>\n\t\t<\/div>\n\t\t\t\t\t<\/div>\n\t\t<\/section>\n\t\t\t\t<\/div>","protected":false},"excerpt":{"rendered":"<p>Las intervenciones que dar\u00e1n inicio en el sector, no s\u00f3lo mejorar\u00e1n las condiciones de tr\u00e1nsito y transporte, sino adem\u00e1s la prestaci\u00f3n de servicios de acueducto y alcantarillado.&nbsp; El programa Mi Calle lleg\u00f3 con \u00e9xito en su fase preliminar al barrio Los Laureles, para seguir adelantando el proyecto de transformaci\u00f3n social y urban\u00edstica de Santa Marta.&nbsp;&nbsp; [&hellip;]<\/p>","protected":false},"author":17,"featured_media":8388,"comment_status":"closed","ping_status":"closed","sticky":false,"template":"","format":"standard","meta":{"site-sidebar-layout":"default","site-content-layout":"","ast-site-content-layout":"default","site-content-style":"default","site-sidebar-style":"default","ast-global-header-display":"","ast-banner-title-visibility":"","ast-main-header-display":"","ast-hfb-above-header-display":"","ast-hfb-below-header-display":"","ast-hfb-mobile-header-display":"","site-post-title":"","ast-breadcrumbs-content":"","ast-featured-img":"","footer-sml-layout":"","ast-disable-related-posts":"","theme-transparent-header-meta":"","adv-header-id-meta":"","stick-header-meta":"","header-above-stick-meta":"","header-main-stick-meta":"","header-below-stick-meta":"","astra-migrate-meta-layouts":"default","ast-page-background-enabled":"default","ast-page-background-meta":{"desktop":{"background-color":"var(--ast-global-color-4)","background-image":"","background-repeat":"repeat","background-position":"center center","background-size":"auto","background-attachment":"scroll","background-type":"","background-media":"","overlay-type":"","overlay-color":"","overlay-opacity":"","overlay-gradient":""},"tablet":{"background-color":"","background-image":"","background-repeat":"repeat","background-position":"center center","background-size":"auto","background-attachment":"scroll","background-type":"","background-media":"","overlay-type":"","overlay-color":"","overlay-opacity":"","overlay-gradient":""},"mobile":{"background-color":"","background-image":"","background-repeat":"repeat","background-position":"center center","background-size":"auto","background-attachment":"scroll","background-type":"","background-media":"","overlay-type":"","overlay-color":"","overlay-opacity":"","overlay-gradient":""}},"ast-content-background-meta":{"desktop":{"background-color":"var(--ast-global-color-5)","background-image":"","background-repeat":"repeat","background-position":"center center","background-size":"auto","background-attachment":"scroll","background-type":"","background-media":"","overlay-type":"","overlay-color":"","overlay-opacity":"","overlay-gradient":""},"tablet":{"background-color":"var(--ast-global-color-5)","background-image":"","background-repeat":"repeat","background-position":"center center","background-size":"auto","background-attachment":"scroll","background-type":"","background-media":"","overlay-type":"","overlay-color":"","overlay-opacity":"","overlay-gradient":""},"mobile":{"background-color":"var(--ast-global-color-5)","background-image":"","background-repeat":"repeat","background-position":"center center","background-size":"auto","background-attachment":"scroll","background-type":"","background-media":"","overlay-type":"","overlay-color":"","overlay-opacity":"","overlay-gradient":""}},"footnotes":""},"categories":[53],"tags":[],"class_list":["post-8387","post","type-post","status-publish","format-standard","has-post-thumbnail","hentry","category-ultimas-noticias"],"_links":{"self":[{"href":"https:\/\/edus.gov.co\/en\/wp-json\/wp\/v2\/posts\/8387","targetHints":{"allow":["GET"]}}],"collection":[{"href":"https:\/\/edus.gov.co\/en\/wp-json\/wp\/v2\/posts"}],"about":[{"href":"https:\/\/edus.gov.co\/en\/wp-json\/wp\/v2\/types\/post"}],"author":[{"embeddable":true,"href":"https:\/\/edus.gov.co\/en\/wp-json\/wp\/v2\/users\/17"}],"replies":[{"embeddable":true,"href":"https:\/\/edus.gov.co\/en\/wp-json\/wp\/v2\/comments?post=8387"}],"version-history":[{"count":5,"href":"https:\/\/edus.gov.co\/en\/wp-json\/wp\/v2\/posts\/8387\/revisions"}],"predecessor-version":[{"id":8393,"href":"https:\/\/edus.gov.co\/en\/wp-json\/wp\/v2\/posts\/8387\/revisions\/8393"}],"wp:featuredmedia":[{"embeddable":true,"href":"https:\/\/edus.gov.co\/en\/wp-json\/wp\/v2\/media\/8388"}],"wp:attachment":[{"href":"https:\/\/edus.gov.co\/en\/wp-json\/wp\/v2\/media?parent=8387"}],"wp:term":[{"taxonomy":"category","embeddable":true,"href":"https:\/\/edus.gov.co\/en\/wp-json\/wp\/v2\/categories?post=8387"},{"taxonomy":"post_tag","embeddable":true,"href":"https:\/\/edus.gov.co\/en\/wp-json\/wp\/v2\/tags?post=8387"}],"curies":[{"name":"wp","href":"https:\/\/api.w.org\/{rel}","templated":true}]}}