{"id":8349,"date":"2021-10-21T14:44:00","date_gmt":"2021-10-21T14:44:00","guid":{"rendered":"https:\/\/edus.gov.co\/?p=8349"},"modified":"2021-10-22T15:00:49","modified_gmt":"2021-10-22T15:00:49","slug":"alcaldesa-virna-johnson-constato-avance-del-78-en-construccion-de-la-malla-vial-de-el-pando","status":"publish","type":"post","link":"https:\/\/edus.gov.co\/en\/alcaldesa-virna-johnson-constato-avance-del-78-en-construccion-de-la-malla-vial-de-el-pando\/","title":{"rendered":"Alcaldesa Virna Johnson constat\u00f3 avance del 78% en construcci\u00f3n de la Malla Vial de El Pando"},"content":{"rendered":"<div data-elementor-type=\"wp-post\" data-elementor-id=\"8349\" class=\"elementor elementor-8349\" data-elementor-post-type=\"post\">\n\t\t\t\t\t\t<section class=\"elementor-section elementor-top-section elementor-element elementor-element-687bb192 elementor-section-boxed elementor-section-height-default elementor-section-height-default\" data-id=\"687bb192\" data-element_type=\"section\">\n\t\t\t\t\t\t<div class=\"elementor-container elementor-column-gap-default\">\n\t\t\t\t\t<div class=\"elementor-column elementor-col-100 elementor-top-column elementor-element elementor-element-4f30bfab\" data-id=\"4f30bfab\" data-element_type=\"column\">\n\t\t\t<div class=\"elementor-widget-wrap elementor-element-populated\">\n\t\t\t\t\t\t<div class=\"elementor-element elementor-element-2330fad3 elementor-widget elementor-widget-text-editor\" data-id=\"2330fad3\" data-element_type=\"widget\" data-widget_type=\"text-editor.default\">\n\t\t\t\t<div class=\"elementor-widget-container\">\n\t\t\t\t\t\t\t\t\t<p><i>La alcaldesa Virna Johnson lleg\u00f3 hasta el barrio El Pando para inspeccionar las obras de Malla Vial que se desarrollan en este sector.\u00a0<\/i><\/p><p>Con un avance del 78%, la mandataria constat\u00f3 el desarrollo de esta importante intervenci\u00f3n que beneficiar\u00e1 a m\u00e1s de cinco mil personas en su \u00e1rea de influencia. Adem\u00e1s, permitir\u00e1 la circulaci\u00f3n de personas con movilidad reducida con la construcci\u00f3n de losetas podot\u00e1ctiles y rampas de acceso peatonal.\u00a0<\/p><p>Actualmente se han construido 815 metros cuadrados de pavimento r\u00edgido en los corredores de las carreras 18 y 19; la instalaci\u00f3n de 1.884 metros lineales de tuber\u00eda para acueducto y 724 de tuber\u00eda para redes de alcantarillado sanitario.\u00a0<\/p><p>\u00a0<\/p><p>\u201cCon esta importante obra, el barrio El Pando mejorar\u00e1 en cuanto al abastecimiento de agua potable, se evitar\u00e1 el rebosamiento de aguas residuales y las inundaciones. Hoy, con la ejecuci\u00f3n de las obras, se est\u00e1n solucionando estas problem\u00e1ticas que aquejan al sector\u201d, manifest\u00f3 la alcaldesa Virna Johnson.\u00a0<\/p><p>Esta intervenci\u00f3n ha permitido la generaci\u00f3n de 60 empleos directos e indirectos, que beneficiar\u00e1 no s\u00f3lo a los moradores de El Pando, sino a varios de los sectores aleda\u00f1os. \u00a0<\/p><p>La Alcald\u00eda Distrital contin\u00faa trabajando para sacar adelante proyectos de gran impacto y beneficio para la ciudad.\u00a0<\/p>\t\t\t\t\t\t\t\t<\/div>\n\t\t\t\t<\/div>\n\t\t\t\t\t<\/div>\n\t\t<\/div>\n\t\t\t\t\t<\/div>\n\t\t<\/section>\n\t\t\t\t<section class=\"elementor-section elementor-top-section elementor-element elementor-element-c0d47f5 elementor-section-full_width elementor-section-stretched elementor-section-height-default elementor-section-height-default\" data-id=\"c0d47f5\" data-element_type=\"section\" data-settings=\"{&quot;stretch_section&quot;:&quot;section-stretched&quot;}\">\n\t\t\t\t\t\t\t<div class=\"elementor-background-overlay\"><\/div>\n\t\t\t\t\t\t\t<div class=\"elementor-container elementor-column-gap-default\">\n\t\t\t\t\t<div class=\"elementor-column elementor-col-100 elementor-top-column elementor-element elementor-element-b3f40b9\" data-id=\"b3f40b9\" data-element_type=\"column\">\n\t\t\t<div class=\"elementor-widget-wrap elementor-element-populated\">\n\t\t\t\t\t\t<div class=\"elementor-element elementor-element-939a1e2 elementor-widget elementor-widget-heading\" data-id=\"939a1e2\" data-element_type=\"widget\" data-widget_type=\"heading.default\">\n\t\t\t\t<div class=\"elementor-widget-container\">\n\t\t\t\t\t<h3 class=\"elementor-heading-title elementor-size-default\">\u00daltimas Noticias<\/h3>\t\t\t\t<\/div>\n\t\t\t\t<\/div>\n\t\t\t\t\t<\/div>\n\t\t<\/div>\n\t\t\t\t\t<\/div>\n\t\t<\/section>\n\t\t\t\t<\/div>","protected":false},"excerpt":{"rendered":"<p>La alcaldesa Virna Johnson lleg\u00f3 hasta el barrio El Pando para inspeccionar las obras de Malla Vial que se desarrollan en este sector.&nbsp; Con un avance del 78%, la mandataria constat\u00f3 el desarrollo de esta importante intervenci\u00f3n que beneficiar\u00e1 a m\u00e1s de cinco mil personas en su \u00e1rea de influencia. Adem\u00e1s, permitir\u00e1 la circulaci\u00f3n de [&hellip;]<\/p>","protected":false},"author":17,"featured_media":8350,"comment_status":"closed","ping_status":"closed","sticky":false,"template":"","format":"standard","meta":{"site-sidebar-layout":"default","site-content-layout":"","ast-site-content-layout":"default","site-content-style":"default","site-sidebar-style":"default","ast-global-header-display":"","ast-banner-title-visibility":"","ast-main-header-display":"","ast-hfb-above-header-display":"","ast-hfb-below-header-display":"","ast-hfb-mobile-header-display":"","site-post-title":"","ast-breadcrumbs-content":"","ast-featured-img":"","footer-sml-layout":"","ast-disable-related-posts":"","theme-transparent-header-meta":"","adv-header-id-meta":"","stick-header-meta":"","header-above-stick-meta":"","header-main-stick-meta":"","header-below-stick-meta":"","astra-migrate-meta-layouts":"default","ast-page-background-enabled":"default","ast-page-background-meta":{"desktop":{"background-color":"var(--ast-global-color-4)","background-image":"","background-repeat":"repeat","background-position":"center center","background-size":"auto","background-attachment":"scroll","background-type":"","background-media":"","overlay-type":"","overlay-color":"","overlay-opacity":"","overlay-gradient":""},"tablet":{"background-color":"","background-image":"","background-repeat":"repeat","background-position":"center center","background-size":"auto","background-attachment":"scroll","background-type":"","background-media":"","overlay-type":"","overlay-color":"","overlay-opacity":"","overlay-gradient":""},"mobile":{"background-color":"","background-image":"","background-repeat":"repeat","background-position":"center center","background-size":"auto","background-attachment":"scroll","background-type":"","background-media":"","overlay-type":"","overlay-color":"","overlay-opacity":"","overlay-gradient":""}},"ast-content-background-meta":{"desktop":{"background-color":"var(--ast-global-color-5)","background-image":"","background-repeat":"repeat","background-position":"center center","background-size":"auto","background-attachment":"scroll","background-type":"","background-media":"","overlay-type":"","overlay-color":"","overlay-opacity":"","overlay-gradient":""},"tablet":{"background-color":"var(--ast-global-color-5)","background-image":"","background-repeat":"repeat","background-position":"center center","background-size":"auto","background-attachment":"scroll","background-type":"","background-media":"","overlay-type":"","overlay-color":"","overlay-opacity":"","overlay-gradient":""},"mobile":{"background-color":"var(--ast-global-color-5)","background-image":"","background-repeat":"repeat","background-position":"center center","background-size":"auto","background-attachment":"scroll","background-type":"","background-media":"","overlay-type":"","overlay-color":"","overlay-opacity":"","overlay-gradient":""}},"footnotes":""},"categories":[53],"tags":[],"class_list":["post-8349","post","type-post","status-publish","format-standard","has-post-thumbnail","hentry","category-ultimas-noticias"],"_links":{"self":[{"href":"https:\/\/edus.gov.co\/en\/wp-json\/wp\/v2\/posts\/8349","targetHints":{"allow":["GET"]}}],"collection":[{"href":"https:\/\/edus.gov.co\/en\/wp-json\/wp\/v2\/posts"}],"about":[{"href":"https:\/\/edus.gov.co\/en\/wp-json\/wp\/v2\/types\/post"}],"author":[{"embeddable":true,"href":"https:\/\/edus.gov.co\/en\/wp-json\/wp\/v2\/users\/17"}],"replies":[{"embeddable":true,"href":"https:\/\/edus.gov.co\/en\/wp-json\/wp\/v2\/comments?post=8349"}],"version-history":[{"count":5,"href":"https:\/\/edus.gov.co\/en\/wp-json\/wp\/v2\/posts\/8349\/revisions"}],"predecessor-version":[{"id":8355,"href":"https:\/\/edus.gov.co\/en\/wp-json\/wp\/v2\/posts\/8349\/revisions\/8355"}],"wp:featuredmedia":[{"embeddable":true,"href":"https:\/\/edus.gov.co\/en\/wp-json\/wp\/v2\/media\/8350"}],"wp:attachment":[{"href":"https:\/\/edus.gov.co\/en\/wp-json\/wp\/v2\/media?parent=8349"}],"wp:term":[{"taxonomy":"category","embeddable":true,"href":"https:\/\/edus.gov.co\/en\/wp-json\/wp\/v2\/categories?post=8349"},{"taxonomy":"post_tag","embeddable":true,"href":"https:\/\/edus.gov.co\/en\/wp-json\/wp\/v2\/tags?post=8349"}],"curies":[{"name":"wp","href":"https:\/\/api.w.org\/{rel}","templated":true}]}}