{"id":8334,"date":"2021-10-14T17:15:00","date_gmt":"2021-10-14T17:15:00","guid":{"rendered":"https:\/\/edus.gov.co\/?p=8334"},"modified":"2021-10-19T17:19:11","modified_gmt":"2021-10-19T17:19:11","slug":"edus-rinde-cuentas-de-su-gestion-en-el-2020-ante-la-ciudadania","status":"publish","type":"post","link":"https:\/\/edus.gov.co\/en\/edus-rinde-cuentas-de-su-gestion-en-el-2020-ante-la-ciudadania\/","title":{"rendered":"EDUS rinde cuentas de su gesti\u00f3n en el 2020 ante la ciudadan\u00eda"},"content":{"rendered":"<div data-elementor-type=\"wp-post\" data-elementor-id=\"8334\" class=\"elementor elementor-8334\" data-elementor-post-type=\"post\">\n\t\t\t\t\t\t<section class=\"elementor-section elementor-top-section elementor-element elementor-element-687bb192 elementor-section-boxed elementor-section-height-default elementor-section-height-default\" data-id=\"687bb192\" data-element_type=\"section\">\n\t\t\t\t\t\t<div class=\"elementor-container elementor-column-gap-default\">\n\t\t\t\t\t<div class=\"elementor-column elementor-col-100 elementor-top-column elementor-element elementor-element-4f30bfab\" data-id=\"4f30bfab\" data-element_type=\"column\">\n\t\t\t<div class=\"elementor-widget-wrap elementor-element-populated\">\n\t\t\t\t\t\t<div class=\"elementor-element elementor-element-2330fad3 elementor-widget elementor-widget-text-editor\" data-id=\"2330fad3\" data-element_type=\"widget\" data-widget_type=\"text-editor.default\">\n\t\t\t\t<div class=\"elementor-widget-container\">\n\t\t\t\t\t\t\t\t\t<p><i>A trav\u00e9s de las redes sociales, el gerente de la EDUS, Dagoberto Ospina Ospina, rindi\u00f3 cuentas de la gesti\u00f3n realizada durante la vigencia 2020 en esta entidad.\u00a0<\/i><\/p><p>En cumplimiento al derecho que tiene la ciudadan\u00eda de estar informada, la Empresa de Desarrollo y Renovaci\u00f3n Urbano Sostenible de Santa Marta, realiz\u00f3 su Rendici\u00f3n de Cuentas 2020, evento que se llev\u00f3 a cabo de forma virtual a trav\u00e9s de la cuenta institucional de Facebook, contando con la participaci\u00f3n de l\u00edderes, veedores y la comunidad en general que se conect\u00f3 por medio de esta red. \u00a0<\/p><p>Durante el a\u00f1o 2020, la EDUS trabaj\u00f3 de la mano con la comunidad y con las diferentes entidades para sacar adelante los proyectos que se vieron afectados por causa de la pandemia ocasionada por el Covid 19, consolidando estrategias encaminadas a la estructuraci\u00f3n y ejecuci\u00f3n de proyectos sostenibles que transforman la ciudad, ayudando tambi\u00e9n a fortalecer\u00a0\u00a0la reactivaci\u00f3n econ\u00f3mica, con el prop\u00f3sito de posicionar a Santa Marta como el primer destino tur\u00edstico nacional e internacional.\u00a0<\/p><p><b>Proyectos iniciados en el 2020:\u00a0<\/b><\/p><p>Uno de los proyectos iniciados en la vigencia pasada, fue la recuperaci\u00f3n del Camell\u00f3n de la Bah\u00eda, contemplado en el Plan de Desarrollo \u2018Santa Marta Coraz\u00f3n del Cambio\u2019 de la alcaldesa Virna Johnson, el cual se enmarca en una de las zonas m\u00e1s representativas de la ciudad, marcando el punto de partida de las obras a cargo de la EDUS. \u00a0<\/p><p>Con una inversi\u00f3n de $ 14.200 millones, se convertir\u00e1 en un atractivo tur\u00edstico y brindar\u00e1 una soluci\u00f3n laboral para muchos vendedores del sector. \u00a0<\/p><p>Otros de los grandes proyectos fue la puesta en marcha de la recuperaci\u00f3n de la Malla Vial I en la carrera 19. Esta intervenci\u00f3n inici\u00f3 con la construcci\u00f3n de un gran box culver como sistema de drenaje de aguas lluvias. \u00a0<\/p><p>De igual forma, en este mega proyecto, tambi\u00e9n se inici\u00f3 el anillo vial de El Pando, que adem\u00e1s de ser una apuesta ambiciosa por mejorar las condiciones de tr\u00e1nsito de los samarios, tambi\u00e9n est\u00e1 pensada para ejecutarse como obras de bienestar popular, por lo que contar\u00e1 con rampas de acceso para personas con dificultades de movilidad, losetas t\u00e1ctiles de gu\u00eda y alerta, demarcaci\u00f3n vial, se\u00f1alizaci\u00f3n y paraderos de transporte p\u00fablico.\u00a0<\/p><p>\u201cTodos estos proyectos se ejecutan de manera integral y bajo par\u00e1metros de dise\u00f1o universal. Actualmente, seguimos trabajando de la mano con la comunidad para seguir desarrollando proyectos de gran impacto que permitan dar un salto cualitativo en la oferta tur\u00edstica y econ\u00f3mica de la ciudad. Hoy son 5 los frentes de obras que se ejecutan en la EDUS\u201d, asegur\u00f3 el gerente de esta entidad.\u00a0<\/p><p>\u00a0<\/p>\t\t\t\t\t\t\t\t<\/div>\n\t\t\t\t<\/div>\n\t\t\t\t\t<\/div>\n\t\t<\/div>\n\t\t\t\t\t<\/div>\n\t\t<\/section>\n\t\t\t\t<section class=\"elementor-section elementor-top-section elementor-element elementor-element-c0d47f5 elementor-section-full_width elementor-section-stretched elementor-section-height-default elementor-section-height-default\" data-id=\"c0d47f5\" data-element_type=\"section\" data-settings=\"{&quot;stretch_section&quot;:&quot;section-stretched&quot;}\">\n\t\t\t\t\t\t\t<div class=\"elementor-background-overlay\"><\/div>\n\t\t\t\t\t\t\t<div class=\"elementor-container elementor-column-gap-default\">\n\t\t\t\t\t<div class=\"elementor-column elementor-col-100 elementor-top-column elementor-element elementor-element-b3f40b9\" data-id=\"b3f40b9\" data-element_type=\"column\">\n\t\t\t<div class=\"elementor-widget-wrap elementor-element-populated\">\n\t\t\t\t\t\t<div class=\"elementor-element elementor-element-939a1e2 elementor-widget elementor-widget-heading\" data-id=\"939a1e2\" data-element_type=\"widget\" data-widget_type=\"heading.default\">\n\t\t\t\t<div class=\"elementor-widget-container\">\n\t\t\t\t\t<h3 class=\"elementor-heading-title elementor-size-default\">\u00daltimas Noticias<\/h3>\t\t\t\t<\/div>\n\t\t\t\t<\/div>\n\t\t\t\t\t<\/div>\n\t\t<\/div>\n\t\t\t\t\t<\/div>\n\t\t<\/section>\n\t\t\t\t<\/div>","protected":false},"excerpt":{"rendered":"<p>A trav\u00e9s de las redes sociales, el gerente de la EDUS, Dagoberto Ospina Ospina, rindi\u00f3 cuentas de la gesti\u00f3n realizada durante la vigencia 2020 en esta entidad.&nbsp; En cumplimiento al derecho que tiene la ciudadan\u00eda de estar informada, la Empresa de Desarrollo y Renovaci\u00f3n Urbano Sostenible de Santa Marta, realiz\u00f3 su Rendici\u00f3n de Cuentas 2020, [&hellip;]<\/p>","protected":false},"author":17,"featured_media":8340,"comment_status":"closed","ping_status":"closed","sticky":false,"template":"","format":"standard","meta":{"site-sidebar-layout":"default","site-content-layout":"","ast-site-content-layout":"default","site-content-style":"default","site-sidebar-style":"default","ast-global-header-display":"","ast-banner-title-visibility":"","ast-main-header-display":"","ast-hfb-above-header-display":"","ast-hfb-below-header-display":"","ast-hfb-mobile-header-display":"","site-post-title":"","ast-breadcrumbs-content":"","ast-featured-img":"","footer-sml-layout":"","ast-disable-related-posts":"","theme-transparent-header-meta":"","adv-header-id-meta":"","stick-header-meta":"","header-above-stick-meta":"","header-main-stick-meta":"","header-below-stick-meta":"","astra-migrate-meta-layouts":"default","ast-page-background-enabled":"default","ast-page-background-meta":{"desktop":{"background-color":"var(--ast-global-color-4)","background-image":"","background-repeat":"repeat","background-position":"center center","background-size":"auto","background-attachment":"scroll","background-type":"","background-media":"","overlay-type":"","overlay-color":"","overlay-opacity":"","overlay-gradient":""},"tablet":{"background-color":"","background-image":"","background-repeat":"repeat","background-position":"center center","background-size":"auto","background-attachment":"scroll","background-type":"","background-media":"","overlay-type":"","overlay-color":"","overlay-opacity":"","overlay-gradient":""},"mobile":{"background-color":"","background-image":"","background-repeat":"repeat","background-position":"center center","background-size":"auto","background-attachment":"scroll","background-type":"","background-media":"","overlay-type":"","overlay-color":"","overlay-opacity":"","overlay-gradient":""}},"ast-content-background-meta":{"desktop":{"background-color":"var(--ast-global-color-5)","background-image":"","background-repeat":"repeat","background-position":"center center","background-size":"auto","background-attachment":"scroll","background-type":"","background-media":"","overlay-type":"","overlay-color":"","overlay-opacity":"","overlay-gradient":""},"tablet":{"background-color":"var(--ast-global-color-5)","background-image":"","background-repeat":"repeat","background-position":"center center","background-size":"auto","background-attachment":"scroll","background-type":"","background-media":"","overlay-type":"","overlay-color":"","overlay-opacity":"","overlay-gradient":""},"mobile":{"background-color":"var(--ast-global-color-5)","background-image":"","background-repeat":"repeat","background-position":"center center","background-size":"auto","background-attachment":"scroll","background-type":"","background-media":"","overlay-type":"","overlay-color":"","overlay-opacity":"","overlay-gradient":""}},"footnotes":""},"categories":[53],"tags":[],"class_list":["post-8334","post","type-post","status-publish","format-standard","has-post-thumbnail","hentry","category-ultimas-noticias"],"_links":{"self":[{"href":"https:\/\/edus.gov.co\/en\/wp-json\/wp\/v2\/posts\/8334","targetHints":{"allow":["GET"]}}],"collection":[{"href":"https:\/\/edus.gov.co\/en\/wp-json\/wp\/v2\/posts"}],"about":[{"href":"https:\/\/edus.gov.co\/en\/wp-json\/wp\/v2\/types\/post"}],"author":[{"embeddable":true,"href":"https:\/\/edus.gov.co\/en\/wp-json\/wp\/v2\/users\/17"}],"replies":[{"embeddable":true,"href":"https:\/\/edus.gov.co\/en\/wp-json\/wp\/v2\/comments?post=8334"}],"version-history":[{"count":6,"href":"https:\/\/edus.gov.co\/en\/wp-json\/wp\/v2\/posts\/8334\/revisions"}],"predecessor-version":[{"id":8341,"href":"https:\/\/edus.gov.co\/en\/wp-json\/wp\/v2\/posts\/8334\/revisions\/8341"}],"wp:featuredmedia":[{"embeddable":true,"href":"https:\/\/edus.gov.co\/en\/wp-json\/wp\/v2\/media\/8340"}],"wp:attachment":[{"href":"https:\/\/edus.gov.co\/en\/wp-json\/wp\/v2\/media?parent=8334"}],"wp:term":[{"taxonomy":"category","embeddable":true,"href":"https:\/\/edus.gov.co\/en\/wp-json\/wp\/v2\/categories?post=8334"},{"taxonomy":"post_tag","embeddable":true,"href":"https:\/\/edus.gov.co\/en\/wp-json\/wp\/v2\/tags?post=8334"}],"curies":[{"name":"wp","href":"https:\/\/api.w.org\/{rel}","templated":true}]}}