{"id":8309,"date":"2021-09-13T14:30:00","date_gmt":"2021-09-13T14:30:00","guid":{"rendered":"https:\/\/edus.gov.co\/?p=8309"},"modified":"2021-09-23T14:33:41","modified_gmt":"2021-09-23T14:33:41","slug":"inicio-la-segunda-siembra-de-arboles-frutales-en-la-obra-de-malla-vial-carrera-19","status":"publish","type":"post","link":"https:\/\/edus.gov.co\/en\/inicio-la-segunda-siembra-de-arboles-frutales-en-la-obra-de-malla-vial-carrera-19\/","title":{"rendered":"Inici\u00f3 la segunda siembra de \u00e1rboles frutales en la obra de Malla Vial- Carrera 19"},"content":{"rendered":"<div data-elementor-type=\"wp-post\" data-elementor-id=\"8309\" class=\"elementor elementor-8309\" data-elementor-post-type=\"post\">\n\t\t\t\t\t\t<section class=\"elementor-section elementor-top-section elementor-element elementor-element-687bb192 elementor-section-boxed elementor-section-height-default elementor-section-height-default\" data-id=\"687bb192\" data-element_type=\"section\">\n\t\t\t\t\t\t<div class=\"elementor-container elementor-column-gap-default\">\n\t\t\t\t\t<div class=\"elementor-column elementor-col-100 elementor-top-column elementor-element elementor-element-4f30bfab\" data-id=\"4f30bfab\" data-element_type=\"column\">\n\t\t\t<div class=\"elementor-widget-wrap elementor-element-populated\">\n\t\t\t\t\t\t<div class=\"elementor-element elementor-element-2330fad3 elementor-widget elementor-widget-text-editor\" data-id=\"2330fad3\" data-element_type=\"widget\" data-widget_type=\"text-editor.default\">\n\t\t\t\t<div class=\"elementor-widget-container\">\n\t\t\t\t\t\t\t\t\t<p>Como parte del plan de compensaci\u00f3n en el barrio los Almendros, la Empresa de Desarrollo y Renovaci\u00f3n Urbano Sostenible- EDUS, inici\u00f3 la segunda siembra de 20 \u00e1rboles frutales, en continuaci\u00f3n con las intervenciones del proyecto Malla Vial I. Entre las especies sembradas se encuentran mam\u00f3n y mango, que ayudan con la oxigenaci\u00f3n\u00a0y embellecimiento el sector. \u00a0<\/p><p>Esta sembrat\u00f3n se desarroll\u00f3 en el tramo habilitado entre la v\u00eda alterna y las calles 7 y 8 con la carrera 19 en compa\u00f1\u00eda de algunos moradores del sector. De esta manera, la ciudadan\u00eda se motiva a apropiarse de esta obra construida por la Alcald\u00eda de Santa Marta para su bienestar y patrocina su sostenibilidad, a la vez que reflexiona sobre el cuidado de los \u00e1rboles y la importancia de los mismos.\u00a0<\/p><p>En la primera fase de esta obra tambi\u00e9n fueron sembrados 20 \u00e1rboles entre los que se cuentan mam\u00f3n, mango y almendros, que ayudan al paisaje urbano y producen frutos durante muchos a\u00f1os.\u00a0<\/p>\t\t\t\t\t\t\t\t<\/div>\n\t\t\t\t<\/div>\n\t\t\t\t\t<\/div>\n\t\t<\/div>\n\t\t\t\t\t<\/div>\n\t\t<\/section>\n\t\t\t\t<section class=\"elementor-section elementor-top-section elementor-element elementor-element-c0d47f5 elementor-section-full_width elementor-section-stretched elementor-section-height-default elementor-section-height-default\" data-id=\"c0d47f5\" data-element_type=\"section\" data-settings=\"{&quot;stretch_section&quot;:&quot;section-stretched&quot;}\">\n\t\t\t\t\t\t\t<div class=\"elementor-background-overlay\"><\/div>\n\t\t\t\t\t\t\t<div class=\"elementor-container elementor-column-gap-default\">\n\t\t\t\t\t<div class=\"elementor-column elementor-col-100 elementor-top-column elementor-element elementor-element-b3f40b9\" data-id=\"b3f40b9\" data-element_type=\"column\">\n\t\t\t<div class=\"elementor-widget-wrap elementor-element-populated\">\n\t\t\t\t\t\t<div class=\"elementor-element elementor-element-939a1e2 elementor-widget elementor-widget-heading\" data-id=\"939a1e2\" data-element_type=\"widget\" data-widget_type=\"heading.default\">\n\t\t\t\t<div class=\"elementor-widget-container\">\n\t\t\t\t\t<h3 class=\"elementor-heading-title elementor-size-default\">\u00daltimas Noticias<\/h3>\t\t\t\t<\/div>\n\t\t\t\t<\/div>\n\t\t\t\t\t<\/div>\n\t\t<\/div>\n\t\t\t\t\t<\/div>\n\t\t<\/section>\n\t\t\t\t<\/div>","protected":false},"excerpt":{"rendered":"<p>Como parte del plan de compensaci\u00f3n en el barrio los Almendros, la Empresa de Desarrollo y Renovaci\u00f3n Urbano Sostenible- EDUS, inici\u00f3 la segunda siembra de 20 \u00e1rboles frutales, en continuaci\u00f3n con las intervenciones del proyecto Malla Vial I. Entre las especies sembradas se encuentran mam\u00f3n y mango, que ayudan con la oxigenaci\u00f3n&nbsp;y embellecimiento el sector. [&hellip;]<\/p>","protected":false},"author":17,"featured_media":8310,"comment_status":"closed","ping_status":"closed","sticky":false,"template":"","format":"standard","meta":{"site-sidebar-layout":"default","site-content-layout":"","ast-site-content-layout":"default","site-content-style":"default","site-sidebar-style":"default","ast-global-header-display":"","ast-banner-title-visibility":"","ast-main-header-display":"","ast-hfb-above-header-display":"","ast-hfb-below-header-display":"","ast-hfb-mobile-header-display":"","site-post-title":"","ast-breadcrumbs-content":"","ast-featured-img":"","footer-sml-layout":"","ast-disable-related-posts":"","theme-transparent-header-meta":"","adv-header-id-meta":"","stick-header-meta":"","header-above-stick-meta":"","header-main-stick-meta":"","header-below-stick-meta":"","astra-migrate-meta-layouts":"default","ast-page-background-enabled":"default","ast-page-background-meta":{"desktop":{"background-color":"var(--ast-global-color-4)","background-image":"","background-repeat":"repeat","background-position":"center center","background-size":"auto","background-attachment":"scroll","background-type":"","background-media":"","overlay-type":"","overlay-color":"","overlay-opacity":"","overlay-gradient":""},"tablet":{"background-color":"","background-image":"","background-repeat":"repeat","background-position":"center center","background-size":"auto","background-attachment":"scroll","background-type":"","background-media":"","overlay-type":"","overlay-color":"","overlay-opacity":"","overlay-gradient":""},"mobile":{"background-color":"","background-image":"","background-repeat":"repeat","background-position":"center center","background-size":"auto","background-attachment":"scroll","background-type":"","background-media":"","overlay-type":"","overlay-color":"","overlay-opacity":"","overlay-gradient":""}},"ast-content-background-meta":{"desktop":{"background-color":"var(--ast-global-color-5)","background-image":"","background-repeat":"repeat","background-position":"center center","background-size":"auto","background-attachment":"scroll","background-type":"","background-media":"","overlay-type":"","overlay-color":"","overlay-opacity":"","overlay-gradient":""},"tablet":{"background-color":"var(--ast-global-color-5)","background-image":"","background-repeat":"repeat","background-position":"center center","background-size":"auto","background-attachment":"scroll","background-type":"","background-media":"","overlay-type":"","overlay-color":"","overlay-opacity":"","overlay-gradient":""},"mobile":{"background-color":"var(--ast-global-color-5)","background-image":"","background-repeat":"repeat","background-position":"center center","background-size":"auto","background-attachment":"scroll","background-type":"","background-media":"","overlay-type":"","overlay-color":"","overlay-opacity":"","overlay-gradient":""}},"footnotes":""},"categories":[53],"tags":[],"class_list":["post-8309","post","type-post","status-publish","format-standard","has-post-thumbnail","hentry","category-ultimas-noticias"],"_links":{"self":[{"href":"https:\/\/edus.gov.co\/en\/wp-json\/wp\/v2\/posts\/8309","targetHints":{"allow":["GET"]}}],"collection":[{"href":"https:\/\/edus.gov.co\/en\/wp-json\/wp\/v2\/posts"}],"about":[{"href":"https:\/\/edus.gov.co\/en\/wp-json\/wp\/v2\/types\/post"}],"author":[{"embeddable":true,"href":"https:\/\/edus.gov.co\/en\/wp-json\/wp\/v2\/users\/17"}],"replies":[{"embeddable":true,"href":"https:\/\/edus.gov.co\/en\/wp-json\/wp\/v2\/comments?post=8309"}],"version-history":[{"count":5,"href":"https:\/\/edus.gov.co\/en\/wp-json\/wp\/v2\/posts\/8309\/revisions"}],"predecessor-version":[{"id":8315,"href":"https:\/\/edus.gov.co\/en\/wp-json\/wp\/v2\/posts\/8309\/revisions\/8315"}],"wp:featuredmedia":[{"embeddable":true,"href":"https:\/\/edus.gov.co\/en\/wp-json\/wp\/v2\/media\/8310"}],"wp:attachment":[{"href":"https:\/\/edus.gov.co\/en\/wp-json\/wp\/v2\/media?parent=8309"}],"wp:term":[{"taxonomy":"category","embeddable":true,"href":"https:\/\/edus.gov.co\/en\/wp-json\/wp\/v2\/categories?post=8309"},{"taxonomy":"post_tag","embeddable":true,"href":"https:\/\/edus.gov.co\/en\/wp-json\/wp\/v2\/tags?post=8309"}],"curies":[{"name":"wp","href":"https:\/\/api.w.org\/{rel}","templated":true}]}}